{"id":91894,"date":"2025-12-01T18:41:41","date_gmt":"2025-12-01T21:41:41","guid":{"rendered":"https:\/\/blogdoeloiltoncajuhy.com.br\/site\/?p=91894"},"modified":"2025-12-01T18:41:43","modified_gmt":"2025-12-01T21:41:43","slug":"saude-do-homem-tabus-seguem-impedindo-busca-por-ajuda-psicologica-mesmo-apos-o-novembro-azul","status":"publish","type":"post","link":"https:\/\/blogdoeloiltoncajuhy.com.br\/site\/saude-do-homem-tabus-seguem-impedindo-busca-por-ajuda-psicologica-mesmo-apos-o-novembro-azul\/","title":{"rendered":"Sa\u00fade do homem: tabus seguem impedindo busca por ajuda psicol\u00f3gica mesmo ap\u00f3s o Novembro Azul"},"content":{"rendered":"\n<p class=\"has-medium-font-size\"><strong>Especialista alerta que masculinidade tradicional ainda dificulta o autocuidado e o diagn\u00f3stico precoce de doen\u00e7as f\u00edsicas e mentais<\/strong><\/p>\n\n\n\n<p><strong>Blog do Eloilton Cajuhy &#8211; BEC<\/strong><\/p>\n\n\n\n<figure class=\"wp-block-image aligncenter size-full\"><a href=\"https:\/\/i0.wp.com\/blogdoeloiltoncajuhy.com.br\/site\/wp-content\/uploads\/2021\/11\/novembro-azul-2-1024x640-1.jpg\"><img data-recalc-dims=\"1\" fetchpriority=\"high\" decoding=\"async\" width=\"800\" height=\"500\" src=\"https:\/\/i0.wp.com\/blogdoeloiltoncajuhy.com.br\/site\/wp-content\/uploads\/2021\/11\/novembro-azul-2-1024x640-1.jpg?resize=800%2C500\" alt=\"\" class=\"wp-image-61087\" srcset=\"https:\/\/i0.wp.com\/blogdoeloiltoncajuhy.com.br\/site\/wp-content\/uploads\/2021\/11\/novembro-azul-2-1024x640-1.jpg?w=1024&amp;ssl=1 1024w, https:\/\/i0.wp.com\/blogdoeloiltoncajuhy.com.br\/site\/wp-content\/uploads\/2021\/11\/novembro-azul-2-1024x640-1.jpg?resize=300%2C188&amp;ssl=1 300w, https:\/\/i0.wp.com\/blogdoeloiltoncajuhy.com.br\/site\/wp-content\/uploads\/2021\/11\/novembro-azul-2-1024x640-1.jpg?resize=768%2C480&amp;ssl=1 768w\" sizes=\"(max-width: 800px) 100vw, 800px\" \/><\/a><figcaption class=\"wp-element-caption\"><sub>Foto: Reprodu\u00e7\u00e3o<\/sub><\/figcaption><\/figure>\n\n\n\n<p>Encerrado o Novembro Azul, especialistas ressaltam que os desafios ligados \u00e0 sa\u00fade emocional masculina permanecem e precisam de aten\u00e7\u00e3o cont\u00ednua. Embora a campanha seja tradicionalmente voltada ao c\u00e2ncer de pr\u00f3stata, os dados mostram que os impactos emocionais t\u00eam peso decisivo na mortalidade dos homens. Informa\u00e7\u00f5es do Minist\u00e9rio da Sa\u00fade e da Organiza\u00e7\u00e3o Mundial da Sa\u00fade (OMS) apontam que eles vivem, em m\u00e9dia, sete anos menos que as mulheres e est\u00e3o entre os grupos que menos procuram apoio psicol\u00f3gico, mesmo diante de sinais evidentes de adoecimento mental.<\/p>\n\n\n\n<p>Segundo o <strong>psic\u00f3logo Danilo Suassuna<\/strong>, doutor em Psicologia e diretor do Instituto Suassuna, o problema est\u00e1 profundamente ligado ao modelo tradicional de masculinidade. \u201cDurante d\u00e9cadas, os homens foram ensinados a n\u00e3o expressar vulnerabilidade e a suportar dor e frustra\u00e7\u00e3o sem buscar ajuda. Esse comportamento afeta n\u00e3o apenas as rela\u00e7\u00f5es, mas a forma como lidam com o pr\u00f3prio corpo e a pr\u00f3pria sa\u00fade. Muitos s\u00f3 procuram apoio quando a situa\u00e7\u00e3o j\u00e1 se tornou insustent\u00e1vel\u201d, afirma.<\/p>\n\n\n\n<p>A OMS estima que os homens representem cerca de 75% dos suic\u00eddios no mundo, evidenciando o impacto da resist\u00eancia ao cuidado emocional. No Brasil, a Pesquisa Nacional de Sa\u00fade (PNS) mostra que apenas 20% procuraram atendimento psicol\u00f3gico no \u00faltimo ano, enquanto entre as mulheres esse n\u00famero chega a 43%. Estudos tamb\u00e9m indicam aumento da automedica\u00e7\u00e3o, do consumo de \u00e1lcool e da evita\u00e7\u00e3o de conversas sobre sentimentos como estrat\u00e9gias comuns para lidar com sofrimento mental.<\/p>\n\n\n\n<p><strong><a href=\"https:\/\/whatsapp.com\/channel\/0029VaAT7tDLI8Yfj5y9Z50Z\" target=\"_blank\" rel=\"noreferrer noopener\"><mark style=\"background-color:rgba(0, 0, 0, 0)\" class=\"has-inline-color has-luminous-vivid-orange-color\">>> Clique aqui e entre no canal do BEC no WhatsApp<\/mark><\/a><\/strong><\/p>\n\n\n\n<p>Para Suassuna, a combina\u00e7\u00e3o entre press\u00e3o por produtividade, estigma e sil\u00eancio cria um ciclo de adoecimento. \u201cA ideia de invulnerabilidade faz com que muitos neguem o que sentem. Quando o sofrimento se acumula \u2014 no trabalho, na fam\u00edlia ou no pr\u00f3prio corpo \u2014 a rea\u00e7\u00e3o mais comum \u00e9 esconder, minimizar e enfrentar sozinho. Esse isolamento emocional alimenta quadros de ansiedade, depress\u00e3o e estresse cr\u00f4nico\u201d, explica.<\/p>\n\n\n\n<p>O especialista aponta tr\u00eas barreiras que ainda afastam os homens do cuidado emocional: medo de julgamento, desconhecimento sobre o funcionamento da terapia e falta de refer\u00eancias masculinas que falem abertamente sobre sa\u00fade mental. Para ele, a preven\u00e7\u00e3o precisa ser cont\u00ednua e integrada \u00e0 rotina. \u201c\u00c9 essencial criar espa\u00e7os de escuta acolhedores e pol\u00edticas p\u00fablicas que tratem o cuidado emocional como parte natural da vida. Isso aproxima o homem do atendimento antes que ele chegue ao limite\u201d, aponta.<\/p>\n\n\n\n<p>A amplia\u00e7\u00e3o do acesso a servi\u00e7os psicol\u00f3gicos \u00e9 vista como fator central para reduzir o n\u00famero de homens que chegam tardiamente aos sistemas de sa\u00fade. Iniciativas comunit\u00e1rias, a\u00e7\u00f5es educativas e redes de cuidado t\u00eam contribu\u00eddo para democratizar o atendimento, tornando-o mais acess\u00edvel e descomplicado. Suassuna refor\u00e7a que preven\u00e7\u00e3o m\u00e9dica e emocional caminham juntas. \u201cUm homem emocionalmente equilibrado procura consultas de rotina com mais facilidade, reconhece sinais de alerta e toma decis\u00f5es preventivas com mais autonomia. Sa\u00fade \u00e9 um conjunto de pr\u00e1ticas que preservam a vida, n\u00e3o apenas a aus\u00eancia de sintomas\u201d, conclui.<\/p>\n","protected":false},"excerpt":{"rendered":"<p>Especialista alerta que masculinidade tradicional ainda dificulta o autocuidado e o diagn\u00f3stico precoce de doen\u00e7as f\u00edsicas e mentais Blog do Eloilton Cajuhy &#8211; BEC Encerrado o Novembro Azul, especialistas ressaltam que os desafios ligados \u00e0 sa\u00fade emocional masculina permanecem e precisam de aten\u00e7\u00e3o cont\u00ednua. Embora a campanha seja tradicionalmente voltada ao c\u00e2ncer de pr\u00f3stata, os [&hellip;]<\/p>\n","protected":false},"author":2,"featured_media":61087,"comment_status":"open","ping_status":"open","sticky":false,"template":"","format":"standard","meta":{"_acf_changed":false,"_monsterinsights_skip_tracking":false,"_monsterinsights_sitenote_active":false,"_monsterinsights_sitenote_note":"","_monsterinsights_sitenote_category":0,"_jetpack_memberships_contains_paid_content":false,"footnotes":"","jetpack_publicize_message":"","jetpack_publicize_feature_enabled":true,"jetpack_social_post_already_shared":false,"jetpack_social_options":{"image_generator_settings":{"template":"highway","default_image_id":0,"font":"","enabled":false},"version":2}},"categories":[7],"tags":[],"class_list":["post-91894","post","type-post","status-publish","format-standard","has-post-thumbnail","hentry","category-saude"],"acf":[],"jetpack_publicize_connections":[],"jetpack_featured_media_url":"https:\/\/i0.wp.com\/blogdoeloiltoncajuhy.com.br\/site\/wp-content\/uploads\/2021\/11\/novembro-azul-2-1024x640-1.jpg?fit=1024%2C640&ssl=1","jetpack_sharing_enabled":true,"publishpress_future_workflow_manual_trigger":{"enabledWorkflows":[]},"_links":{"self":[{"href":"https:\/\/blogdoeloiltoncajuhy.com.br\/site\/wp-json\/wp\/v2\/posts\/91894","targetHints":{"allow":["GET"]}}],"collection":[{"href":"https:\/\/blogdoeloiltoncajuhy.com.br\/site\/wp-json\/wp\/v2\/posts"}],"about":[{"href":"https:\/\/blogdoeloiltoncajuhy.com.br\/site\/wp-json\/wp\/v2\/types\/post"}],"author":[{"embeddable":true,"href":"https:\/\/blogdoeloiltoncajuhy.com.br\/site\/wp-json\/wp\/v2\/users\/2"}],"replies":[{"embeddable":true,"href":"https:\/\/blogdoeloiltoncajuhy.com.br\/site\/wp-json\/wp\/v2\/comments?post=91894"}],"version-history":[{"count":1,"href":"https:\/\/blogdoeloiltoncajuhy.com.br\/site\/wp-json\/wp\/v2\/posts\/91894\/revisions"}],"predecessor-version":[{"id":91895,"href":"https:\/\/blogdoeloiltoncajuhy.com.br\/site\/wp-json\/wp\/v2\/posts\/91894\/revisions\/91895"}],"wp:featuredmedia":[{"embeddable":true,"href":"https:\/\/blogdoeloiltoncajuhy.com.br\/site\/wp-json\/wp\/v2\/media\/61087"}],"wp:attachment":[{"href":"https:\/\/blogdoeloiltoncajuhy.com.br\/site\/wp-json\/wp\/v2\/media?parent=91894"}],"wp:term":[{"taxonomy":"category","embeddable":true,"href":"https:\/\/blogdoeloiltoncajuhy.com.br\/site\/wp-json\/wp\/v2\/categories?post=91894"},{"taxonomy":"post_tag","embeddable":true,"href":"https:\/\/blogdoeloiltoncajuhy.com.br\/site\/wp-json\/wp\/v2\/tags?post=91894"}],"curies":[{"name":"wp","href":"https:\/\/api.w.org\/{rel}","templated":true}]}}