{"id":91882,"date":"2025-12-01T13:26:58","date_gmt":"2025-12-01T16:26:58","guid":{"rendered":"https:\/\/blogdoeloiltoncajuhy.com.br\/site\/?p=91882"},"modified":"2025-12-01T13:26:59","modified_gmt":"2025-12-01T16:26:59","slug":"tijuacu-realiza-1o-festival-quilombola-e-encerra-mes-da-consciencia-negra-com-celebracao-historica","status":"publish","type":"post","link":"https:\/\/blogdoeloiltoncajuhy.com.br\/site\/tijuacu-realiza-1o-festival-quilombola-e-encerra-mes-da-consciencia-negra-com-celebracao-historica\/","title":{"rendered":"Tijua\u00e7u realiza 1\u00ba Festival Quilombola e encerra m\u00eas da Consci\u00eancia Negra com celebra\u00e7\u00e3o hist\u00f3rica"},"content":{"rendered":"\n<p><strong>Blog do Eloilton Cajuhy &#8211; BEC<\/strong><\/p>\n\n\n\n<figure class=\"wp-block-image aligncenter size-full\"><a href=\"https:\/\/i0.wp.com\/blogdoeloiltoncajuhy.com.br\/site\/wp-content\/uploads\/2025\/12\/Bobo-Festval-Quilombola-01.jpeg?ssl=1\"><img data-recalc-dims=\"1\" fetchpriority=\"high\" decoding=\"async\" width=\"382\" height=\"680\" src=\"https:\/\/i0.wp.com\/blogdoeloiltoncajuhy.com.br\/site\/wp-content\/uploads\/2025\/12\/Bobo-Festval-Quilombola-01.jpeg?resize=382%2C680&#038;ssl=1\" alt=\"\" class=\"wp-image-91883\" srcset=\"https:\/\/i0.wp.com\/blogdoeloiltoncajuhy.com.br\/site\/wp-content\/uploads\/2025\/12\/Bobo-Festval-Quilombola-01.jpeg?w=382&amp;ssl=1 382w, https:\/\/i0.wp.com\/blogdoeloiltoncajuhy.com.br\/site\/wp-content\/uploads\/2025\/12\/Bobo-Festval-Quilombola-01.jpeg?resize=169%2C300&amp;ssl=1 169w\" sizes=\"(max-width: 382px) 100vw, 382px\" \/><\/a><figcaption class=\"wp-element-caption\"><sub>O 1\u00ba Festival Quilombola foi idealizado pela lideran\u00e7a Josias do Paulo &#8211; Foto: Ascom deputado Bob\u00f4<\/sub><\/figcaption><\/figure>\n\n\n\n<p>Encerrando as a\u00e7\u00f5es alusivas ao m\u00eas da Consci\u00eancia Negra, o distrito de Tijua\u00e7u, em Senhor do Bonfim, sediou o 1\u00ba Festival Quilombola, um marco cultural para a maior comunidade quilombola do Brasil. Idealizado pela lideran\u00e7a local Josias do Paulo, o evento foi promovido pela Associa\u00e7\u00e3o Tareco e Mariola, com apoio do Governo da Bahia, por meio da Bahiag\u00e1s, e do deputado estadual Bob\u00f4, respons\u00e1vel pela articula\u00e7\u00e3o dos recursos que tornaram a iniciativa poss\u00edvel.<\/p>\n\n\n\n<p>Para Josias, o festival simboliza a reafirma\u00e7\u00e3o da identidade, da mem\u00f3ria e da luta do povo quilombola. \u201cA realiza\u00e7\u00e3o do 1\u00ba Festival Quilombola \u00e9 um momento muito importante para a comunidade. O Movimento Negro est\u00e1 fazendo essa discuss\u00e3o no m\u00eas de novembro e preparamos tudo para que acontecesse no \u00faltimo dia do m\u00eas, justamente para fecharmos com chave de ouro esse per\u00edodo t\u00e3o significativo, que culminou no 20 de novembro, com a homenagem a Zumbi dos Palmares. Durante o festival celebramos nossa cultura e nossa hist\u00f3ria, mas tamb\u00e9m relembramos lutas e desafios enfrentados ao longo do tempo\u201d, destacou.<\/p>\n\n\n\n<p><strong><a href=\"https:\/\/whatsapp.com\/channel\/0029VaAT7tDLI8Yfj5y9Z50Z\" target=\"_blank\" rel=\"noreferrer noopener\"><mark style=\"background-color:rgba(0, 0, 0, 0)\" class=\"has-inline-color has-luminous-vivid-orange-color\">>> Clique aqui e entre no canal do BEC no WhatsApp<\/mark><\/a><\/strong><\/p>\n\n\n\n<figure class=\"wp-block-image aligncenter size-full\"><a href=\"https:\/\/i0.wp.com\/blogdoeloiltoncajuhy.com.br\/site\/wp-content\/uploads\/2025\/12\/Bobo-Festval-Quilombola-02.jpeg?ssl=1\"><img data-recalc-dims=\"1\" decoding=\"async\" width=\"768\" height=\"431\" src=\"https:\/\/i0.wp.com\/blogdoeloiltoncajuhy.com.br\/site\/wp-content\/uploads\/2025\/12\/Bobo-Festval-Quilombola-02.jpeg?resize=768%2C431&#038;ssl=1\" alt=\"\" class=\"wp-image-91884\" srcset=\"https:\/\/i0.wp.com\/blogdoeloiltoncajuhy.com.br\/site\/wp-content\/uploads\/2025\/12\/Bobo-Festval-Quilombola-02.jpeg?w=768&amp;ssl=1 768w, https:\/\/i0.wp.com\/blogdoeloiltoncajuhy.com.br\/site\/wp-content\/uploads\/2025\/12\/Bobo-Festval-Quilombola-02.jpeg?resize=300%2C168&amp;ssl=1 300w\" sizes=\"(max-width: 768px) 100vw, 768px\" \/><\/a><figcaption class=\"wp-element-caption\"><sub>Foto: Ascom deputado Bob\u00f4<\/sub><\/figcaption><\/figure>\n\n\n\n<p>O objetivo central do festival foi promover e valorizar a cultura quilombola, ampliando a visibilidade dos povos tradicionais e fortalecendo a preserva\u00e7\u00e3o das suas ra\u00edzes. A programa\u00e7\u00e3o, marcada por diversidade e ancestralidade, incluiu discuss\u00f5es tem\u00e1ticas, mesas-redondas, apresenta\u00e7\u00f5es culturais, feira gastron\u00f4mica de comidas t\u00edpicas e shows musicais, reunindo moradores, convidados e lideran\u00e7as regionais.<\/p>\n\n\n\n<p>Representando a Bahiag\u00e1s e integrante do Comit\u00ea Pr\u00f3-Equidade de G\u00eanero, Ra\u00e7a, Diversidade e Inclus\u00e3o, Denise Assis destacou a relev\u00e2ncia institucional e humana da iniciativa. \u201cPara n\u00f3s, estar aqui \u00e9 reafirmar um compromisso que n\u00e3o \u00e9 apenas institucional, mas profundamente humano: o compromisso com a valoriza\u00e7\u00e3o das identidades, com o respeito \u00e0s ancestralidades e com a promo\u00e7\u00e3o de oportunidades que honrem todas as formas de exist\u00eancia. Quero agradecer ao deputado Bob\u00f4 por todo o apoio na constru\u00e7\u00e3o deste festival, que celebra as tradi\u00e7\u00f5es, o territ\u00f3rio, as vozes, os ritmos e o futuro que se constr\u00f3i com dignidade e inclus\u00e3o. Que este seja apenas o primeiro de muitos encontros\u201d, afirmou.<\/p>\n\n\n\n<p>O 1\u00ba Festival Quilombola de Tijua\u00e7u contou com a presen\u00e7a de assessores do deputado Bob\u00f4; Denise Assis, representando a Bahiag\u00e1s; Adnael Martins, da Secretaria de Promo\u00e7\u00e3o da Igualdade Racial e dos Povos e Comunidades Tradicionais (SEPROMI); Gustavo Miranda, da Secretaria do Trabalho, Emprego, Renda e Esporte (SETRE); Nilo Ramos, coordenador-geral da CESOL; al\u00e9m da ex-vereadora L\u00facia Cerqueira e diversas lideran\u00e7as locais.<\/p>\n","protected":false},"excerpt":{"rendered":"<p>Blog do Eloilton Cajuhy &#8211; BEC Encerrando as a\u00e7\u00f5es alusivas ao m\u00eas da Consci\u00eancia Negra, o distrito de Tijua\u00e7u, em Senhor do Bonfim, sediou o 1\u00ba Festival Quilombola, um marco cultural para a maior comunidade quilombola do Brasil. Idealizado pela lideran\u00e7a local Josias do Paulo, o evento foi promovido pela Associa\u00e7\u00e3o Tareco e Mariola, com [&hellip;]<\/p>\n","protected":false},"author":2,"featured_media":91885,"comment_status":"open","ping_status":"open","sticky":false,"template":"","format":"standard","meta":{"_acf_changed":false,"_monsterinsights_skip_tracking":false,"_monsterinsights_sitenote_active":false,"_monsterinsights_sitenote_note":"","_monsterinsights_sitenote_category":0,"_jetpack_memberships_contains_paid_content":false,"footnotes":"","jetpack_publicize_message":"","jetpack_publicize_feature_enabled":true,"jetpack_social_post_already_shared":false,"jetpack_social_options":{"image_generator_settings":{"template":"highway","default_image_id":0,"font":"","enabled":false},"version":2}},"categories":[4],"tags":[],"class_list":["post-91882","post","type-post","status-publish","format-standard","has-post-thumbnail","hentry","category-local"],"acf":[],"jetpack_publicize_connections":[],"jetpack_featured_media_url":"https:\/\/i0.wp.com\/blogdoeloiltoncajuhy.com.br\/site\/wp-content\/uploads\/2025\/12\/Bobo-Festval-Quilombola-01-B.jpeg?fit=681%2C616&ssl=1","jetpack_sharing_enabled":true,"publishpress_future_workflow_manual_trigger":{"enabledWorkflows":[]},"_links":{"self":[{"href":"https:\/\/blogdoeloiltoncajuhy.com.br\/site\/wp-json\/wp\/v2\/posts\/91882","targetHints":{"allow":["GET"]}}],"collection":[{"href":"https:\/\/blogdoeloiltoncajuhy.com.br\/site\/wp-json\/wp\/v2\/posts"}],"about":[{"href":"https:\/\/blogdoeloiltoncajuhy.com.br\/site\/wp-json\/wp\/v2\/types\/post"}],"author":[{"embeddable":true,"href":"https:\/\/blogdoeloiltoncajuhy.com.br\/site\/wp-json\/wp\/v2\/users\/2"}],"replies":[{"embeddable":true,"href":"https:\/\/blogdoeloiltoncajuhy.com.br\/site\/wp-json\/wp\/v2\/comments?post=91882"}],"version-history":[{"count":1,"href":"https:\/\/blogdoeloiltoncajuhy.com.br\/site\/wp-json\/wp\/v2\/posts\/91882\/revisions"}],"predecessor-version":[{"id":91886,"href":"https:\/\/blogdoeloiltoncajuhy.com.br\/site\/wp-json\/wp\/v2\/posts\/91882\/revisions\/91886"}],"wp:featuredmedia":[{"embeddable":true,"href":"https:\/\/blogdoeloiltoncajuhy.com.br\/site\/wp-json\/wp\/v2\/media\/91885"}],"wp:attachment":[{"href":"https:\/\/blogdoeloiltoncajuhy.com.br\/site\/wp-json\/wp\/v2\/media?parent=91882"}],"wp:term":[{"taxonomy":"category","embeddable":true,"href":"https:\/\/blogdoeloiltoncajuhy.com.br\/site\/wp-json\/wp\/v2\/categories?post=91882"},{"taxonomy":"post_tag","embeddable":true,"href":"https:\/\/blogdoeloiltoncajuhy.com.br\/site\/wp-json\/wp\/v2\/tags?post=91882"}],"curies":[{"name":"wp","href":"https:\/\/api.w.org\/{rel}","templated":true}]}}