{"id":91879,"date":"2025-12-01T09:17:25","date_gmt":"2025-12-01T12:17:25","guid":{"rendered":"https:\/\/blogdoeloiltoncajuhy.com.br\/site\/?p=91879"},"modified":"2025-12-01T09:17:27","modified_gmt":"2025-12-01T12:17:27","slug":"aposentadoria-especial-para-agentes-de-saude-avanca-mas-preocupa-prefeituras","status":"publish","type":"post","link":"https:\/\/blogdoeloiltoncajuhy.com.br\/site\/aposentadoria-especial-para-agentes-de-saude-avanca-mas-preocupa-prefeituras\/","title":{"rendered":"Aposentadoria especial para agentes de sa\u00fade avan\u00e7a, mas preocupa prefeituras"},"content":{"rendered":"\n<p class=\"has-medium-font-size\"><strong>Projeto aprovado pelo Congresso amplia direitos, mas pode pressionar contas municipais, segundo a CNM<\/strong><\/p>\n\n\n\n<p><strong>Por Brasil 61<\/strong><\/p>\n\n\n\n<figure class=\"wp-block-image aligncenter size-full is-resized\"><a href=\"https:\/\/i0.wp.com\/blogdoeloiltoncajuhy.com.br\/site\/wp-content\/uploads\/2025\/12\/Aposentadoria-especial-ACS-e-ACE_Foto-Waldemir-Barreto-Agencia-Senado.webp?ssl=1\"><img data-recalc-dims=\"1\" fetchpriority=\"high\" decoding=\"async\" width=\"400\" height=\"250\" src=\"https:\/\/i0.wp.com\/blogdoeloiltoncajuhy.com.br\/site\/wp-content\/uploads\/2025\/12\/Aposentadoria-especial-ACS-e-ACE_Foto-Waldemir-Barreto-Agencia-Senado.webp?resize=400%2C250&#038;ssl=1\" alt=\"\" class=\"wp-image-91880\" style=\"width:624px;height:auto\" srcset=\"https:\/\/i0.wp.com\/blogdoeloiltoncajuhy.com.br\/site\/wp-content\/uploads\/2025\/12\/Aposentadoria-especial-ACS-e-ACE_Foto-Waldemir-Barreto-Agencia-Senado.webp?w=400&amp;ssl=1 400w, https:\/\/i0.wp.com\/blogdoeloiltoncajuhy.com.br\/site\/wp-content\/uploads\/2025\/12\/Aposentadoria-especial-ACS-e-ACE_Foto-Waldemir-Barreto-Agencia-Senado.webp?resize=300%2C188&amp;ssl=1 300w\" sizes=\"(max-width: 400px) 100vw, 400px\" \/><\/a><figcaption class=\"wp-element-caption\"><sub>Foto: Waldemir Barreto\/Ag\u00eancia Senado<\/sub><\/figcaption><\/figure>\n\n\n\n<p>A aposentadoria especial para agentes comunit\u00e1rios de sa\u00fade (ACS) e agentes de combate a endemias (ACE), aprovada esta pelo <a href=\"https:\/\/www25.senado.leg.br\/web\/atividade\/materias\/-\/materia\/166054\"><strong><mark style=\"background-color:rgba(0, 0, 0, 0)\" class=\"has-inline-color has-vivid-cyan-blue-color\">PLP 185\/2024<\/mark><\/strong><\/a>, gerou controv\u00e9rsia entre Congresso Nacional e a Confedera\u00e7\u00e3o Nacional de Munic\u00edpios (CNM). O \u00f3rg\u00e3o alertou que o projeto\u00a0ter\u00e1 grande impacto financeiro para os munic\u00edpios brasileiros.<\/p>\n\n\n\n<p><a href=\"https:\/\/brasil61.com\/n\/aposentadoria-especial-para-agentes-de-saude-o-que-muda-e-quem-tem-direito-bras2515218\"><strong><mark style=\"background-color:rgba(0, 0, 0, 0)\" class=\"has-inline-color has-vivid-cyan-blue-color\">Veja mais sobre o projeto, que foi aprovado por unanimidade<\/mark><\/strong><\/a><\/p>\n\n\n\n<p>A CNM estima que os munic\u00edpios podem ter um aumento de R$ 103 bilh\u00f5es no d\u00e9ficit, somando-se a uma d\u00edvida que j\u00e1 passa de R$ 1,1 trilh\u00e3o. Em nota, a CNM reconhece a relev\u00e2ncia dos profissionais, entretanto, o projeto n\u00e3o apresenta mecanismos de compensa\u00e7\u00e3o financeira aos munic\u00edpios e transfere integralmente o \u00f4nus de benef\u00edcios exclusivos a uma \u00fanica categoria.<\/p>\n\n\n\n<p class=\"has-black-color has-text-color has-link-color has-medium-font-size wp-elements-24aea1dc284c64a057d1d5c0e045f4a6\"><strong>A aposentadoria especial<\/strong><\/p>\n\n\n\n<p>A regulamenta\u00e7\u00e3o da proposta, comemorada pelos agentes de sa\u00fade, j\u00e1 era prevista pela Constitui\u00e7\u00e3o de 1988, mas n\u00e3o havia sido detalhada. O projeto reconhece que esses trabalhadores est\u00e3o expostos diariamente a riscos biol\u00f3gicos, condi\u00e7\u00f5es adversas e deslocamentos constantes, o que justifica regras diferenciadas de aposentadoria.<\/p>\n\n\n\n<p class=\"has-black-color has-text-color has-link-color wp-elements-d2e392753958fc46a0b225fa9153cc0f\"><strong>Entre as mudan\u00e7as est\u00e3o:<\/strong><\/p>\n\n\n\n<ul class=\"wp-block-list\">\n<li>Aposentadoria mais cedo<\/li>\n\n\n\n<li>Integralidade e paridade de reajustes e benef\u00edcios<\/li>\n\n\n\n<li>Garantia de pens\u00e3o de morte<\/li>\n<\/ul>\n\n\n\n<p><\/p>\n\n\n\n<p>As informa\u00e7\u00f5es podem ser consultadas no <a href=\"https:\/\/cnm.org.br\/comunicacao\/noticias\/pautas-com-forte-impacto-nas-financas-dos-municipios-avancam-no-congresso\"><strong><mark style=\"background-color:rgba(0, 0, 0, 0)\" class=\"has-inline-color has-vivid-cyan-blue-color\">site da Confedera\u00e7\u00e3o Nacional dos Munic\u00edpios (CNM)<\/mark><\/strong><\/a>.<\/p>\n\n\n\n<p><strong><a href=\"https:\/\/whatsapp.com\/channel\/0029VaAT7tDLI8Yfj5y9Z50Z\" target=\"_blank\" rel=\"noreferrer noopener\"><mark style=\"background-color:rgba(0, 0, 0, 0)\" class=\"has-inline-color has-luminous-vivid-orange-color\">>> Clique aqui e entre no canal do BEC no WhatsApp<\/mark><\/a><\/strong><\/p>\n","protected":false},"excerpt":{"rendered":"<p>Projeto aprovado pelo Congresso amplia direitos, mas pode pressionar contas municipais, segundo a CNM Por Brasil 61 A aposentadoria especial para agentes comunit\u00e1rios de sa\u00fade (ACS) e agentes de combate a endemias (ACE), aprovada esta pelo PLP 185\/2024, gerou controv\u00e9rsia entre Congresso Nacional e a Confedera\u00e7\u00e3o Nacional de Munic\u00edpios (CNM). O \u00f3rg\u00e3o alertou que o [&hellip;]<\/p>\n","protected":false},"author":2,"featured_media":91880,"comment_status":"open","ping_status":"open","sticky":false,"template":"","format":"standard","meta":{"_acf_changed":false,"_monsterinsights_skip_tracking":false,"_monsterinsights_sitenote_active":false,"_monsterinsights_sitenote_note":"","_monsterinsights_sitenote_category":0,"_jetpack_memberships_contains_paid_content":false,"footnotes":"","jetpack_publicize_message":"","jetpack_publicize_feature_enabled":true,"jetpack_social_post_already_shared":true,"jetpack_social_options":{"image_generator_settings":{"template":"highway","default_image_id":0,"font":"","enabled":false},"version":2}},"categories":[3],"tags":[],"class_list":["post-91879","post","type-post","status-publish","format-standard","has-post-thumbnail","hentry","category-politica"],"acf":[],"jetpack_publicize_connections":[],"jetpack_featured_media_url":"https:\/\/i0.wp.com\/blogdoeloiltoncajuhy.com.br\/site\/wp-content\/uploads\/2025\/12\/Aposentadoria-especial-ACS-e-ACE_Foto-Waldemir-Barreto-Agencia-Senado.webp?fit=400%2C250&ssl=1","jetpack_sharing_enabled":true,"publishpress_future_workflow_manual_trigger":{"enabledWorkflows":[]},"_links":{"self":[{"href":"https:\/\/blogdoeloiltoncajuhy.com.br\/site\/wp-json\/wp\/v2\/posts\/91879","targetHints":{"allow":["GET"]}}],"collection":[{"href":"https:\/\/blogdoeloiltoncajuhy.com.br\/site\/wp-json\/wp\/v2\/posts"}],"about":[{"href":"https:\/\/blogdoeloiltoncajuhy.com.br\/site\/wp-json\/wp\/v2\/types\/post"}],"author":[{"embeddable":true,"href":"https:\/\/blogdoeloiltoncajuhy.com.br\/site\/wp-json\/wp\/v2\/users\/2"}],"replies":[{"embeddable":true,"href":"https:\/\/blogdoeloiltoncajuhy.com.br\/site\/wp-json\/wp\/v2\/comments?post=91879"}],"version-history":[{"count":1,"href":"https:\/\/blogdoeloiltoncajuhy.com.br\/site\/wp-json\/wp\/v2\/posts\/91879\/revisions"}],"predecessor-version":[{"id":91881,"href":"https:\/\/blogdoeloiltoncajuhy.com.br\/site\/wp-json\/wp\/v2\/posts\/91879\/revisions\/91881"}],"wp:featuredmedia":[{"embeddable":true,"href":"https:\/\/blogdoeloiltoncajuhy.com.br\/site\/wp-json\/wp\/v2\/media\/91880"}],"wp:attachment":[{"href":"https:\/\/blogdoeloiltoncajuhy.com.br\/site\/wp-json\/wp\/v2\/media?parent=91879"}],"wp:term":[{"taxonomy":"category","embeddable":true,"href":"https:\/\/blogdoeloiltoncajuhy.com.br\/site\/wp-json\/wp\/v2\/categories?post=91879"},{"taxonomy":"post_tag","embeddable":true,"href":"https:\/\/blogdoeloiltoncajuhy.com.br\/site\/wp-json\/wp\/v2\/tags?post=91879"}],"curies":[{"name":"wp","href":"https:\/\/api.w.org\/{rel}","templated":true}]}}