{"id":91877,"date":"2025-12-01T08:49:35","date_gmt":"2025-12-01T11:49:35","guid":{"rendered":"https:\/\/blogdoeloiltoncajuhy.com.br\/site\/?p=91877"},"modified":"2025-12-01T08:49:37","modified_gmt":"2025-12-01T11:49:37","slug":"dia-da-cultura-bonfinense-celebra-arte-memoria-e-identidade-em-senhor-do-bonfim","status":"publish","type":"post","link":"https:\/\/blogdoeloiltoncajuhy.com.br\/site\/dia-da-cultura-bonfinense-celebra-arte-memoria-e-identidade-em-senhor-do-bonfim\/","title":{"rendered":"Dia da Cultura Bonfinense celebra arte, mem\u00f3ria e identidade em Senhor do Bonfim"},"content":{"rendered":"\n<p class=\"has-medium-font-size\"><strong>A ACLASB convida a comunidade para tr\u00eas dias de poesia, m\u00fasica, encontros e celebra\u00e7\u00e3o cultural no cora\u00e7\u00e3o da cidade<\/strong><\/p>\n\n\n\n<p><strong>Por Blog do Eloilton Cajuhy &#8211; BEC<\/strong><\/p>\n\n\n\n<figure class=\"wp-block-image aligncenter size-full is-resized\"><a href=\"https:\/\/i0.wp.com\/blogdoeloiltoncajuhy.com.br\/site\/wp-content\/uploads\/2019\/05\/DiversidadeCultural.jpg\"><img data-recalc-dims=\"1\" fetchpriority=\"high\" decoding=\"async\" width=\"499\" height=\"340\" src=\"https:\/\/i0.wp.com\/blogdoeloiltoncajuhy.com.br\/site\/wp-content\/uploads\/2019\/05\/DiversidadeCultural.jpg?resize=499%2C340\" alt=\"\" class=\"wp-image-34269\" style=\"width:625px;height:auto\" srcset=\"https:\/\/i0.wp.com\/blogdoeloiltoncajuhy.com.br\/site\/wp-content\/uploads\/2019\/05\/DiversidadeCultural.jpg?w=499&amp;ssl=1 499w, https:\/\/i0.wp.com\/blogdoeloiltoncajuhy.com.br\/site\/wp-content\/uploads\/2019\/05\/DiversidadeCultural.jpg?resize=300%2C204&amp;ssl=1 300w, https:\/\/i0.wp.com\/blogdoeloiltoncajuhy.com.br\/site\/wp-content\/uploads\/2019\/05\/DiversidadeCultural.jpg?resize=250%2C170&amp;ssl=1 250w\" sizes=\"(max-width: 499px) 100vw, 499px\" \/><\/a><figcaption class=\"wp-element-caption\"><sub>Reprodu\u00e7\u00e3o<\/sub><\/figcaption><\/figure>\n\n\n\n<p>A Academia de Ci\u00eancias, Letras e Artes de Senhor do Bonfim \u2013 ACLASB, prepara uma programa\u00e7\u00e3o especial para celebrar o <strong><mark style=\"background-color:rgba(0, 0, 0, 0)\" class=\"has-inline-color has-black-color\">Dia da Cultura Bonfinense<\/mark><\/strong>, reunindo diferentes manifesta\u00e7\u00f5es art\u00edsticas e refor\u00e7ando a import\u00e2ncia da cultura na constru\u00e7\u00e3o da identidade do povo bonfinense.<\/p>\n\n\n\n<p>Entre os dias 03, 04 e 05 de dezembro, a cidade receber\u00e1 eventos que unem poesia, m\u00fasica, dan\u00e7a, circo, recital e momentos solenes, todos abertos \u00e0 popula\u00e7\u00e3o, valorizando talentos locais e promovendo o acesso \u00e0 arte em espa\u00e7os p\u00fablicos.<\/p>\n\n\n\n<p><strong><a href=\"https:\/\/whatsapp.com\/channel\/0029VaAT7tDLI8Yfj5y9Z50Z\" target=\"_blank\" rel=\"noreferrer noopener\"><mark style=\"background-color:rgba(0, 0, 0, 0)\" class=\"has-inline-color has-luminous-vivid-orange-color\">>> Clique aqui e entre no canal do BEC no WhatsApp<\/mark><\/a><\/strong><\/p>\n\n\n\n<p>A programa\u00e7\u00e3o tem in\u00edcio na <strong><mark style=\"background-color:rgba(0, 0, 0, 0)\" class=\"has-inline-color has-black-color\">quarta-feira (03), das 17h \u00e0s 21h, no Cal\u00e7ad\u00e3o da Juviniano Duarte (Beco do Bazar)<\/mark><\/strong>, com o evento <strong><mark style=\"background-color:rgba(0, 0, 0, 0)\" class=\"has-inline-color has-black-color\">Poesia no Beco<\/mark><\/strong>. Um encontro marcado pela sensibilidade das palavras, pela musicalidade da Filarm\u00f4nica Uni\u00e3o dos Ferrovi\u00e1rios Bonfinenses e pela diversidade de express\u00f5es culturais que dar\u00e3o vida ao espa\u00e7o urbano.<\/p>\n\n\n\n<p>Na <strong><mark style=\"background-color:rgba(0, 0, 0, 0)\" class=\"has-inline-color has-black-color\">quinta-feira (04), das 19h \u00e0s 23h, a Pra\u00e7a Nova do Congresso<\/mark><\/strong> ser\u00e1 palco da encantadora <strong><mark style=\"background-color:rgba(0, 0, 0, 0)\" class=\"has-inline-color has-black-color\">Serenata da ACLASB<\/mark><\/strong>, tamb\u00e9m com a participa\u00e7\u00e3o da Filarm\u00f4nica Uni\u00e3o dos Ferrovi\u00e1rios Bonfinenses, resgatando a tradi\u00e7\u00e3o das serenatas e levando m\u00fasica boa para os cora\u00e7\u00f5es apaixonados pela arte.<\/p>\n\n\n\n<p>Encerrando a programa\u00e7\u00e3o, na <strong><mark style=\"background-color:rgba(0, 0, 0, 0)\" class=\"has-inline-color has-black-color\">sexta-feira (05), Dia da Cultura Bonfinense, \u00e0s 19h, acontece na C\u00e2mara de Vereadores a Sess\u00e3o Solene<\/mark><\/strong> em comemora\u00e7\u00e3o ao anivers\u00e1rio da ACLASB e a posse de novos acad\u00eamicos, um momento hist\u00f3rico de reconhecimento, fortalecimento e continuidade do trabalho em prol da cultura, das letras e das artes em nosso munic\u00edpio.<\/p>\n\n\n\n<p>O <strong><mark style=\"background-color:rgba(0, 0, 0, 0)\" class=\"has-inline-color has-black-color\">Dia da Cultura Bonfinense<\/mark><\/strong> n\u00e3o \u00e9 apenas um evento: \u00e9 um convite \u00e0 sensibilidade, ao encontro e \u00e0 valoriza\u00e7\u00e3o do que nos torna \u00fanicos. Participe, envolva-se e celebre Senhor do Bonfim atrav\u00e9s da cultura.<\/p>\n","protected":false},"excerpt":{"rendered":"<p>A ACLASB convida a comunidade para tr\u00eas dias de poesia, m\u00fasica, encontros e celebra\u00e7\u00e3o cultural no cora\u00e7\u00e3o da cidade Por Blog do Eloilton Cajuhy &#8211; BEC A Academia de Ci\u00eancias, Letras e Artes de Senhor do Bonfim \u2013 ACLASB, prepara uma programa\u00e7\u00e3o especial para celebrar o Dia da Cultura Bonfinense, reunindo diferentes manifesta\u00e7\u00f5es art\u00edsticas e [&hellip;]<\/p>\n","protected":false},"author":2,"featured_media":34269,"comment_status":"open","ping_status":"open","sticky":false,"template":"","format":"standard","meta":{"_acf_changed":false,"_monsterinsights_skip_tracking":false,"_monsterinsights_sitenote_active":false,"_monsterinsights_sitenote_note":"","_monsterinsights_sitenote_category":0,"_jetpack_memberships_contains_paid_content":false,"footnotes":"","jetpack_publicize_message":"","jetpack_publicize_feature_enabled":true,"jetpack_social_post_already_shared":true,"jetpack_social_options":{"image_generator_settings":{"template":"highway","default_image_id":0,"font":"","enabled":false},"version":2}},"categories":[4],"tags":[],"class_list":["post-91877","post","type-post","status-publish","format-standard","has-post-thumbnail","hentry","category-local"],"acf":[],"jetpack_publicize_connections":[],"jetpack_featured_media_url":"https:\/\/i0.wp.com\/blogdoeloiltoncajuhy.com.br\/site\/wp-content\/uploads\/2019\/05\/DiversidadeCultural.jpg?fit=499%2C340&ssl=1","jetpack_sharing_enabled":true,"publishpress_future_workflow_manual_trigger":{"enabledWorkflows":[]},"_links":{"self":[{"href":"https:\/\/blogdoeloiltoncajuhy.com.br\/site\/wp-json\/wp\/v2\/posts\/91877","targetHints":{"allow":["GET"]}}],"collection":[{"href":"https:\/\/blogdoeloiltoncajuhy.com.br\/site\/wp-json\/wp\/v2\/posts"}],"about":[{"href":"https:\/\/blogdoeloiltoncajuhy.com.br\/site\/wp-json\/wp\/v2\/types\/post"}],"author":[{"embeddable":true,"href":"https:\/\/blogdoeloiltoncajuhy.com.br\/site\/wp-json\/wp\/v2\/users\/2"}],"replies":[{"embeddable":true,"href":"https:\/\/blogdoeloiltoncajuhy.com.br\/site\/wp-json\/wp\/v2\/comments?post=91877"}],"version-history":[{"count":1,"href":"https:\/\/blogdoeloiltoncajuhy.com.br\/site\/wp-json\/wp\/v2\/posts\/91877\/revisions"}],"predecessor-version":[{"id":91878,"href":"https:\/\/blogdoeloiltoncajuhy.com.br\/site\/wp-json\/wp\/v2\/posts\/91877\/revisions\/91878"}],"wp:featuredmedia":[{"embeddable":true,"href":"https:\/\/blogdoeloiltoncajuhy.com.br\/site\/wp-json\/wp\/v2\/media\/34269"}],"wp:attachment":[{"href":"https:\/\/blogdoeloiltoncajuhy.com.br\/site\/wp-json\/wp\/v2\/media?parent=91877"}],"wp:term":[{"taxonomy":"category","embeddable":true,"href":"https:\/\/blogdoeloiltoncajuhy.com.br\/site\/wp-json\/wp\/v2\/categories?post=91877"},{"taxonomy":"post_tag","embeddable":true,"href":"https:\/\/blogdoeloiltoncajuhy.com.br\/site\/wp-json\/wp\/v2\/tags?post=91877"}],"curies":[{"name":"wp","href":"https:\/\/api.w.org\/{rel}","templated":true}]}}