{"id":91862,"date":"2025-11-28T17:39:30","date_gmt":"2025-11-28T20:39:30","guid":{"rendered":"https:\/\/blogdoeloiltoncajuhy.com.br\/site\/?p=91862"},"modified":"2025-11-28T17:39:31","modified_gmt":"2025-11-28T20:39:31","slug":"professor-roni-a-arte-que-permanece-alem-da-vida","status":"publish","type":"post","link":"https:\/\/blogdoeloiltoncajuhy.com.br\/site\/professor-roni-a-arte-que-permanece-alem-da-vida\/","title":{"rendered":"Professor Roni: a arte que permanece al\u00e9m da vida"},"content":{"rendered":"\n<p class=\"has-medium-font-size\"><strong>Um adeus com gratid\u00e3o a um artista brilhante<\/strong><\/p>\n\n\n\n<p><strong>Por Blog do Eloilton Cajuhy &#8211; BEC<\/strong><\/p>\n\n\n\n<figure class=\"wp-block-image aligncenter size-full\"><a href=\"https:\/\/i0.wp.com\/blogdoeloiltoncajuhy.com.br\/site\/wp-content\/uploads\/2025\/11\/Roni-01.jpg?ssl=1\"><img data-recalc-dims=\"1\" fetchpriority=\"high\" decoding=\"async\" width=\"768\" height=\"576\" src=\"https:\/\/i0.wp.com\/blogdoeloiltoncajuhy.com.br\/site\/wp-content\/uploads\/2025\/11\/Roni-01.jpg?resize=768%2C576&#038;ssl=1\" alt=\"\" class=\"wp-image-91863\" srcset=\"https:\/\/i0.wp.com\/blogdoeloiltoncajuhy.com.br\/site\/wp-content\/uploads\/2025\/11\/Roni-01.jpg?w=768&amp;ssl=1 768w, https:\/\/i0.wp.com\/blogdoeloiltoncajuhy.com.br\/site\/wp-content\/uploads\/2025\/11\/Roni-01.jpg?resize=300%2C225&amp;ssl=1 300w\" sizes=\"(max-width: 768px) 100vw, 768px\" \/><\/a><figcaption class=\"wp-element-caption\"><sub>Reprodu\u00e7\u00e3o \/ Facebook<\/sub><\/figcaption><\/figure>\n\n\n\n<p>A cultura bonfinense se despede, com profundo pesar, do <strong><mark style=\"background-color:rgba(0, 0, 0, 0)\" class=\"has-inline-color has-black-color\">ator e professor Roniere Silva de Oliveira<\/mark><\/strong>, de 50 anos, que faleceu nesta sexta-feira (28). Roni \u2014 como era carinhosamente conhecido \u2014 foi um dos grandes pilares da cena art\u00edstica local, um dos fundadores do N\u00facleo Aroeira de Arte, inclusive o respons\u00e1vel pela escolha do nome que hoje carrega tantas hist\u00f3rias, encontros e cria\u00e7\u00f5es.<\/p>\n\n\n\n<p>Ao longo dos anos, sua presen\u00e7a foi for\u00e7a motriz de produ\u00e7\u00f5es marcantes, sempre guiado pela sensibilidade, dedica\u00e7\u00e3o e pela incans\u00e1vel vontade de superar seus pr\u00f3prios obst\u00e1culos.<\/p>\n\n\n\n<p><strong><a href=\"https:\/\/whatsapp.com\/channel\/0029VaAT7tDLI8Yfj5y9Z50Z\" target=\"_blank\" rel=\"noreferrer noopener\"><mark style=\"background-color:rgba(0, 0, 0, 0)\" class=\"has-inline-color has-luminous-vivid-orange-color\">>> Clique aqui e entre no canal do BEC no WhatsApp<\/mark><\/a><\/strong><\/p>\n\n\n\n<p>Ator, palha\u00e7o, professor, bi\u00f3logo e artista do Teatro, Roni acumulava t\u00edtulos, mas nenhum deles traduzia por completo a grandeza do ser humano que foi. Intelectual brilhante, criativo inquieto e companheiro generoso de cena, deixou marcas profundas em cada projeto que abra\u00e7ou. No Casamento Matuto, durante as festas juninas de Senhor do Bonfim, integrou o elenco com o talento e a entrega que se tornaram sua assinatura.<\/p>\n\n\n\n<p>A not\u00edcia de sua morte reacende, mais uma vez, um alerta urgente na sociedade bonfinense: o adoecimento ps\u00edquico precisa ser tratado com seriedade, empatia e responsabilidade coletiva. Sofrimento emocional e luta contra v\u00edcios nunca s\u00e3o jornadas isoladas \u2014 s\u00e3o quest\u00f5es sociais, comunit\u00e1rias, humanas.<\/p>\n\n\n\n<figure class=\"wp-block-image aligncenter size-full\"><a href=\"https:\/\/i0.wp.com\/blogdoeloiltoncajuhy.com.br\/site\/wp-content\/uploads\/2025\/11\/Roni-02.jpeg.jpg?ssl=1\"><img data-recalc-dims=\"1\" decoding=\"async\" width=\"768\" height=\"576\" src=\"https:\/\/i0.wp.com\/blogdoeloiltoncajuhy.com.br\/site\/wp-content\/uploads\/2025\/11\/Roni-02.jpeg.jpg?resize=768%2C576&#038;ssl=1\" alt=\"\" class=\"wp-image-91864\" srcset=\"https:\/\/i0.wp.com\/blogdoeloiltoncajuhy.com.br\/site\/wp-content\/uploads\/2025\/11\/Roni-02.jpeg.jpg?w=768&amp;ssl=1 768w, https:\/\/i0.wp.com\/blogdoeloiltoncajuhy.com.br\/site\/wp-content\/uploads\/2025\/11\/Roni-02.jpeg.jpg?resize=300%2C225&amp;ssl=1 300w\" sizes=\"(max-width: 768px) 100vw, 768px\" \/><\/a><figcaption class=\"wp-element-caption\"><sub>Reprodu\u00e7\u00e3o \/ Facebook<\/sub><\/figcaption><\/figure>\n\n\n\n<p>Entre as muitas homenagens, uma das mais emocionantes veio de seu primo, o artista Edmar Dias, que compartilhou lembran\u00e7as de uma trajet\u00f3ria dividida dentro e fora dos palcos:<\/p>\n\n\n\n<blockquote class=\"wp-block-quote is-layout-flow wp-block-quote-is-layout-flow\">\n<p><strong><mark style=\"background-color:rgba(0, 0, 0, 0)\" class=\"has-inline-color has-black-color\">\u201cTrabalhamos juntos como ator e palha\u00e7o, aqui em Salvador, e sempre admirei profundamente o artista e o intelectual que ele se tornou. Participamos de grandes eventos da cena baiana no in\u00edcio dos anos 2000, criando mem\u00f3rias que hoje guardo com enorme carinho. Sua aprova\u00e7\u00e3o na gradua\u00e7\u00e3o em Teatro da UFBA foi uma alegria imensa, um orgulho como fam\u00edlia e como colega de of\u00edcio. Tenho muitas hist\u00f3rias com Roni, mas uma das mais marcantes foi contracenar com ele e com a lenda do teatro brasileiro Wellson Mela, em uma noite memor\u00e1vel no Teatro Vila Velha. Momentos assim ficam gravados para sempre. Estou profundamente abalado com sua partida. A saudade \u00e9 grande, mas ainda maior \u00e9 a gratid\u00e3o por tudo que vivemos juntos\u201d.<\/mark><\/strong><\/p>\n<\/blockquote>\n\n\n\n<p>Roniere partiu, mas a arte que espalhou permanece viva \u2014 nos palcos que tocou, nos alunos que inspirou, nos colegas que fortaleceu, nos la\u00e7os que construiu e na mem\u00f3ria afetiva de todos que tiveram o privil\u00e9gio de conhec\u00ea-lo.<\/p>\n\n\n\n<p>Que seu legado continue ecoando e que sua partida nos convoque, com urg\u00eancia, ao cuidado com a vida, com a mente e com o outro.<\/p>\n\n\n\n<p>Que Roni descanse em luz.<\/p>\n\n\n\n<figure class=\"wp-block-image aligncenter size-full\"><a href=\"https:\/\/i0.wp.com\/blogdoeloiltoncajuhy.com.br\/site\/wp-content\/uploads\/2025\/11\/Roni-03.jpg?ssl=1\"><img data-recalc-dims=\"1\" decoding=\"async\" width=\"768\" height=\"576\" src=\"https:\/\/i0.wp.com\/blogdoeloiltoncajuhy.com.br\/site\/wp-content\/uploads\/2025\/11\/Roni-03.jpg?resize=768%2C576&#038;ssl=1\" alt=\"\" class=\"wp-image-91865\" srcset=\"https:\/\/i0.wp.com\/blogdoeloiltoncajuhy.com.br\/site\/wp-content\/uploads\/2025\/11\/Roni-03.jpg?w=768&amp;ssl=1 768w, https:\/\/i0.wp.com\/blogdoeloiltoncajuhy.com.br\/site\/wp-content\/uploads\/2025\/11\/Roni-03.jpg?resize=300%2C225&amp;ssl=1 300w\" sizes=\"(max-width: 768px) 100vw, 768px\" \/><\/a><figcaption class=\"wp-element-caption\"><sub>Reprodu\u00e7\u00e3o \/ Facebook<\/sub><\/figcaption><\/figure>\n","protected":false},"excerpt":{"rendered":"<p>Um adeus com gratid\u00e3o a um artista brilhante Por Blog do Eloilton Cajuhy &#8211; BEC A cultura bonfinense se despede, com profundo pesar, do ator e professor Roniere Silva de Oliveira, de 50 anos, que faleceu nesta sexta-feira (28). Roni \u2014 como era carinhosamente conhecido \u2014 foi um dos grandes pilares da cena art\u00edstica local, [&hellip;]<\/p>\n","protected":false},"author":2,"featured_media":91863,"comment_status":"open","ping_status":"open","sticky":false,"template":"","format":"standard","meta":{"_acf_changed":false,"_monsterinsights_skip_tracking":false,"_monsterinsights_sitenote_active":false,"_monsterinsights_sitenote_note":"","_monsterinsights_sitenote_category":0,"_jetpack_memberships_contains_paid_content":false,"footnotes":"","jetpack_publicize_message":"","jetpack_publicize_feature_enabled":true,"jetpack_social_post_already_shared":true,"jetpack_social_options":{"image_generator_settings":{"template":"highway","default_image_id":0,"font":"","enabled":false},"version":2}},"categories":[4],"tags":[],"class_list":["post-91862","post","type-post","status-publish","format-standard","has-post-thumbnail","hentry","category-local"],"acf":[],"jetpack_publicize_connections":[],"jetpack_featured_media_url":"https:\/\/i0.wp.com\/blogdoeloiltoncajuhy.com.br\/site\/wp-content\/uploads\/2025\/11\/Roni-01.jpg?fit=768%2C576&ssl=1","jetpack_sharing_enabled":true,"publishpress_future_workflow_manual_trigger":{"enabledWorkflows":[]},"_links":{"self":[{"href":"https:\/\/blogdoeloiltoncajuhy.com.br\/site\/wp-json\/wp\/v2\/posts\/91862","targetHints":{"allow":["GET"]}}],"collection":[{"href":"https:\/\/blogdoeloiltoncajuhy.com.br\/site\/wp-json\/wp\/v2\/posts"}],"about":[{"href":"https:\/\/blogdoeloiltoncajuhy.com.br\/site\/wp-json\/wp\/v2\/types\/post"}],"author":[{"embeddable":true,"href":"https:\/\/blogdoeloiltoncajuhy.com.br\/site\/wp-json\/wp\/v2\/users\/2"}],"replies":[{"embeddable":true,"href":"https:\/\/blogdoeloiltoncajuhy.com.br\/site\/wp-json\/wp\/v2\/comments?post=91862"}],"version-history":[{"count":1,"href":"https:\/\/blogdoeloiltoncajuhy.com.br\/site\/wp-json\/wp\/v2\/posts\/91862\/revisions"}],"predecessor-version":[{"id":91866,"href":"https:\/\/blogdoeloiltoncajuhy.com.br\/site\/wp-json\/wp\/v2\/posts\/91862\/revisions\/91866"}],"wp:featuredmedia":[{"embeddable":true,"href":"https:\/\/blogdoeloiltoncajuhy.com.br\/site\/wp-json\/wp\/v2\/media\/91863"}],"wp:attachment":[{"href":"https:\/\/blogdoeloiltoncajuhy.com.br\/site\/wp-json\/wp\/v2\/media?parent=91862"}],"wp:term":[{"taxonomy":"category","embeddable":true,"href":"https:\/\/blogdoeloiltoncajuhy.com.br\/site\/wp-json\/wp\/v2\/categories?post=91862"},{"taxonomy":"post_tag","embeddable":true,"href":"https:\/\/blogdoeloiltoncajuhy.com.br\/site\/wp-json\/wp\/v2\/tags?post=91862"}],"curies":[{"name":"wp","href":"https:\/\/api.w.org\/{rel}","templated":true}]}}