{"id":91858,"date":"2025-11-28T20:30:00","date_gmt":"2025-11-28T23:30:00","guid":{"rendered":"https:\/\/blogdoeloiltoncajuhy.com.br\/site\/?p=91858"},"modified":"2025-11-28T17:15:34","modified_gmt":"2025-11-28T20:15:34","slug":"quando-o-silencio-diz-mais","status":"publish","type":"post","link":"https:\/\/blogdoeloiltoncajuhy.com.br\/site\/quando-o-silencio-diz-mais\/","title":{"rendered":"Quando o sil\u00eancio diz mais"},"content":{"rendered":"\n<p class=\"has-medium-font-size\"><strong>A sabedoria de falar apenas o necess\u00e1rio<\/strong><\/p>\n\n\n\n<p><strong>Por Blog do Eloilton Cajuhy &#8211; BEC<\/strong><\/p>\n\n\n\n<figure class=\"wp-block-image aligncenter size-full\"><a href=\"https:\/\/i0.wp.com\/blogdoeloiltoncajuhy.com.br\/site\/wp-content\/uploads\/2025\/11\/Fazenda-Melancia-Andorinha-Foto-Ira-2025-11-28.jpeg\"><img data-recalc-dims=\"1\" fetchpriority=\"high\" decoding=\"async\" width=\"680\" height=\"512\" src=\"https:\/\/i0.wp.com\/blogdoeloiltoncajuhy.com.br\/site\/wp-content\/uploads\/2025\/11\/Fazenda-Melancia-Andorinha-Foto-Ira-2025-11-28.jpeg?resize=680%2C512\" alt=\"\" class=\"wp-image-91859\" srcset=\"https:\/\/i0.wp.com\/blogdoeloiltoncajuhy.com.br\/site\/wp-content\/uploads\/2025\/11\/Fazenda-Melancia-Andorinha-Foto-Ira-2025-11-28.jpeg?w=680&amp;ssl=1 680w, https:\/\/i0.wp.com\/blogdoeloiltoncajuhy.com.br\/site\/wp-content\/uploads\/2025\/11\/Fazenda-Melancia-Andorinha-Foto-Ira-2025-11-28.jpeg?resize=300%2C226&amp;ssl=1 300w\" sizes=\"(max-width: 680px) 100vw, 680px\" \/><\/a><figcaption class=\"wp-element-caption\"><sub>Fazenda Melancia, Andorinha &#8211; Foto: Ir\u00e1<\/sub><\/figcaption><\/figure>\n\n\n\n<p>H\u00e1 uma beleza rara no sil\u00eancio \u2014 uma que s\u00f3 percebemos quando aprendemos a respeit\u00e1-lo. Em um mundo onde todos parecem competir por espa\u00e7o, opini\u00e3o e volume, existe uma arte delicada em calar. N\u00e3o o calar que sufoca, mas o que seleciona. O que filtra. O que escolhe palavras como quem escolhe flores: apenas as que realmente valem ser entregues.<\/p>\n\n\n\n<p>Falar apenas quando o que for dito for mais bonito que o sil\u00eancio \u00e9 mais do que uma virtude; \u00e9 um exerc\u00edcio de consci\u00eancia. \u00c9 perceber que o sil\u00eancio, muitas vezes, consola mais do que discursos. Que a pausa, \u00e0s vezes, cura mais que explica\u00e7\u00f5es. Que a calma, em seu pr\u00f3prio tom mudo, pode ser mais s\u00e1bia do que qualquer frase bem constru\u00edda.<\/p>\n\n\n\n<p><strong><a href=\"https:\/\/whatsapp.com\/channel\/0029VaAT7tDLI8Yfj5y9Z50Z\" target=\"_blank\" rel=\"noreferrer noopener\"><mark style=\"background-color:rgba(0, 0, 0, 0)\" class=\"has-inline-color has-luminous-vivid-orange-color\">>> Clique aqui e entre no canal do BEC no WhatsApp<\/mark><\/a><\/strong><\/p>\n\n\n\n<p>Quando aprendemos a honrar esse espa\u00e7o entre uma palavra e outra, algo em n\u00f3s se transforma. Passamos a escutar melhor, a sentir mais profundamente e a responder com mais verdade. As palavras deixam de ser armas ou impulsos e passam a ser pontes \u2014 seguras, leves, necess\u00e1rias.<\/p>\n\n\n\n<p>Que possamos cultivar essa sensibilidade. Que nossas palavras sejam escolhas, n\u00e3o descargas. Que o que sai da nossa boca seja sempre mais bonito do que o que sairia se escolh\u00eassemos apenas o sil\u00eancio. E, quando n\u00e3o for\u2026 que a gente tenha a grandeza de n\u00e3o dizer nada.<\/p>\n\n\n\n<p>Sil\u00eancio tamb\u00e9m \u00e9 linguagem. E, muitas vezes, \u00e9 a mais s\u00e1bia delas.<\/p>\n","protected":false},"excerpt":{"rendered":"<p>A sabedoria de falar apenas o necess\u00e1rio Por Blog do Eloilton Cajuhy &#8211; BEC H\u00e1 uma beleza rara no sil\u00eancio \u2014 uma que s\u00f3 percebemos quando aprendemos a respeit\u00e1-lo. Em um mundo onde todos parecem competir por espa\u00e7o, opini\u00e3o e volume, existe uma arte delicada em calar. N\u00e3o o calar que sufoca, mas o que [&hellip;]<\/p>\n","protected":false},"author":2,"featured_media":91859,"comment_status":"open","ping_status":"open","sticky":false,"template":"","format":"standard","meta":{"_acf_changed":false,"_monsterinsights_skip_tracking":false,"_monsterinsights_sitenote_active":false,"_monsterinsights_sitenote_note":"","_monsterinsights_sitenote_category":0,"_jetpack_memberships_contains_paid_content":false,"footnotes":"","jetpack_publicize_message":"","jetpack_publicize_feature_enabled":true,"jetpack_social_post_already_shared":true,"jetpack_social_options":{"image_generator_settings":{"template":"highway","default_image_id":0,"font":"","enabled":false},"version":2}},"categories":[9],"tags":[],"class_list":["post-91858","post","type-post","status-publish","format-standard","has-post-thumbnail","hentry","category-reflexao"],"acf":[],"jetpack_publicize_connections":[],"jetpack_featured_media_url":"https:\/\/i0.wp.com\/blogdoeloiltoncajuhy.com.br\/site\/wp-content\/uploads\/2025\/11\/Fazenda-Melancia-Andorinha-Foto-Ira-2025-11-28.jpeg?fit=680%2C512&ssl=1","jetpack_sharing_enabled":true,"publishpress_future_workflow_manual_trigger":{"enabledWorkflows":[]},"_links":{"self":[{"href":"https:\/\/blogdoeloiltoncajuhy.com.br\/site\/wp-json\/wp\/v2\/posts\/91858","targetHints":{"allow":["GET"]}}],"collection":[{"href":"https:\/\/blogdoeloiltoncajuhy.com.br\/site\/wp-json\/wp\/v2\/posts"}],"about":[{"href":"https:\/\/blogdoeloiltoncajuhy.com.br\/site\/wp-json\/wp\/v2\/types\/post"}],"author":[{"embeddable":true,"href":"https:\/\/blogdoeloiltoncajuhy.com.br\/site\/wp-json\/wp\/v2\/users\/2"}],"replies":[{"embeddable":true,"href":"https:\/\/blogdoeloiltoncajuhy.com.br\/site\/wp-json\/wp\/v2\/comments?post=91858"}],"version-history":[{"count":2,"href":"https:\/\/blogdoeloiltoncajuhy.com.br\/site\/wp-json\/wp\/v2\/posts\/91858\/revisions"}],"predecessor-version":[{"id":91861,"href":"https:\/\/blogdoeloiltoncajuhy.com.br\/site\/wp-json\/wp\/v2\/posts\/91858\/revisions\/91861"}],"wp:featuredmedia":[{"embeddable":true,"href":"https:\/\/blogdoeloiltoncajuhy.com.br\/site\/wp-json\/wp\/v2\/media\/91859"}],"wp:attachment":[{"href":"https:\/\/blogdoeloiltoncajuhy.com.br\/site\/wp-json\/wp\/v2\/media?parent=91858"}],"wp:term":[{"taxonomy":"category","embeddable":true,"href":"https:\/\/blogdoeloiltoncajuhy.com.br\/site\/wp-json\/wp\/v2\/categories?post=91858"},{"taxonomy":"post_tag","embeddable":true,"href":"https:\/\/blogdoeloiltoncajuhy.com.br\/site\/wp-json\/wp\/v2\/tags?post=91858"}],"curies":[{"name":"wp","href":"https:\/\/api.w.org\/{rel}","templated":true}]}}