{"id":91848,"date":"2025-11-28T15:57:03","date_gmt":"2025-11-28T18:57:03","guid":{"rendered":"https:\/\/blogdoeloiltoncajuhy.com.br\/site\/?p=91848"},"modified":"2025-11-28T15:57:05","modified_gmt":"2025-11-28T18:57:05","slug":"expectativa-de-vida-no-brasil-chega-a-766-anos-diz-ibge","status":"publish","type":"post","link":"https:\/\/blogdoeloiltoncajuhy.com.br\/site\/expectativa-de-vida-no-brasil-chega-a-766-anos-diz-ibge\/","title":{"rendered":"Expectativa de vida no Brasil chega a 76,6 anos, diz IBGE"},"content":{"rendered":"\n<p class=\"has-medium-font-size\"><strong>Indicador de 2024 mant\u00e9m tend\u00eancia de recupera\u00e7\u00e3o ap\u00f3s pandemia e consolida envelhecimento<\/strong><\/p>\n\n\n\n<p><strong>Por Lucas Lacerda\/Folha de S.Paulo<\/strong><\/p>\n\n\n\n<figure class=\"wp-block-image aligncenter size-full\"><a href=\"https:\/\/i0.wp.com\/blogdoeloiltoncajuhy.com.br\/site\/wp-content\/uploads\/2025\/11\/Populacao-Envelhecimento-Expectativa-de-vida-Foto-Eduardo-Knapp-Folhapress.jpg?ssl=1\"><img data-recalc-dims=\"1\" fetchpriority=\"high\" decoding=\"async\" width=\"662\" height=\"509\" src=\"https:\/\/i0.wp.com\/blogdoeloiltoncajuhy.com.br\/site\/wp-content\/uploads\/2025\/11\/Populacao-Envelhecimento-Expectativa-de-vida-Foto-Eduardo-Knapp-Folhapress.jpg?resize=662%2C509&#038;ssl=1\" alt=\"\" class=\"wp-image-91849\" srcset=\"https:\/\/i0.wp.com\/blogdoeloiltoncajuhy.com.br\/site\/wp-content\/uploads\/2025\/11\/Populacao-Envelhecimento-Expectativa-de-vida-Foto-Eduardo-Knapp-Folhapress.jpg?w=662&amp;ssl=1 662w, https:\/\/i0.wp.com\/blogdoeloiltoncajuhy.com.br\/site\/wp-content\/uploads\/2025\/11\/Populacao-Envelhecimento-Expectativa-de-vida-Foto-Eduardo-Knapp-Folhapress.jpg?resize=300%2C231&amp;ssl=1 300w\" sizes=\"(max-width: 662px) 100vw, 662px\" \/><\/a><figcaption class=\"wp-element-caption\"><sub>Foto: Eduardo Knapp\/Folhapress<\/sub><\/figcaption><\/figure>\n\n\n\n<p>A expectativa de vida ao nascer no Brasil aumentou em 2024 para 76,6 anos, segundo informa\u00e7\u00f5es divulgadas nesta sexta-feira (28) pelo IBGE (Instituto Brasileiro de Geografia e Estat\u00edstica).<\/p>\n\n\n\n<p>A previs\u00e3o para homens, de 73,3 anos, \u00e9 mais baixa do que a de mulheres, de 79,9 anos. O dado total supera o indicador do ano passado, de 76,4 anos, com 2,5 meses a mais do que o verificado em 2023, e mant\u00e9m a recupera\u00e7\u00e3o ap\u00f3s o per\u00edodo marcado pelo aumento de mortes causadas pela Covid-19.<\/p>\n\n\n\n<p>A taxa de mortalidade infantil, que calcula a probabilidade de um rec\u00e9m-nascido n\u00e3o completar o primeiro ano de vida, foi de 12,3 mortes para cada 1.000 nascimentos. O indicador tamb\u00e9m apresentou recuo em rela\u00e7\u00e3o a dados do ano retrasado, que marcavam 12,5 mortes, e atualmente representa uma fra\u00e7\u00e3o das 146,6 mortes a cada 1.000 nascidos no pa\u00eds em 1940.<\/p>\n\n\n\n<p>De acordo com o IBGE, essa redu\u00e7\u00e3o est\u00e1 associada a campanhas de vacina\u00e7\u00e3o e outras a\u00e7\u00f5es de sa\u00fade, como a atua\u00e7\u00e3o de agentes comunit\u00e1rios e programas de nutri\u00e7\u00e3o infantil, al\u00e9m de atendimento pr\u00e9-natal e aleitamento materno e aumentos de renda, de escolaridade e de cobertura de saneamento nos domic\u00edlios.<\/p>\n\n\n\n<p><strong><a href=\"https:\/\/whatsapp.com\/channel\/0029VaAT7tDLI8Yfj5y9Z50Z\" target=\"_blank\" rel=\"noreferrer noopener\"><mark style=\"background-color:rgba(0, 0, 0, 0)\" class=\"has-inline-color has-luminous-vivid-orange-color\">>> Clique aqui e entre no canal do BEC no WhatsApp<\/mark><\/a><\/strong><\/p>\n\n\n\n<p>Assim como o \u00edndice geral, a expectativa de vida dos idosos tamb\u00e9m segue em crescimento. Uma pessoa que tinha 60 anos no ano passado teria, pela frente, mais 22,6 anos, segundo a m\u00e9dia. Para homens, a proje\u00e7\u00e3o \u00e9 de 20,8 anos, e para mulheres, mais 24,2 anos.<\/p>\n\n\n\n<p>As estimativas integram as T\u00e1buas de Mortalidade de 2024, que levam em conta dados populacionais do Censo Demogr\u00e1fico relativo ao ano passado e estat\u00edsticas do SIM (Sistema de Informa\u00e7\u00f5es sobre Mortalidade), do Minist\u00e9rio da Sa\u00fade. O instituto calcula a expectativa a partir de proje\u00e7\u00f5es populacionais com base no Censo Demogr\u00e1fico. Para 2024, a popula\u00e7\u00e3o projetada era de 212,6 milh\u00f5es.<\/p>\n","protected":false},"excerpt":{"rendered":"<p>Indicador de 2024 mant\u00e9m tend\u00eancia de recupera\u00e7\u00e3o ap\u00f3s pandemia e consolida envelhecimento Por Lucas Lacerda\/Folha de S.Paulo A expectativa de vida ao nascer no Brasil aumentou em 2024 para 76,6 anos, segundo informa\u00e7\u00f5es divulgadas nesta sexta-feira (28) pelo IBGE (Instituto Brasileiro de Geografia e Estat\u00edstica). A previs\u00e3o para homens, de 73,3 anos, \u00e9 mais baixa [&hellip;]<\/p>\n","protected":false},"author":2,"featured_media":91849,"comment_status":"open","ping_status":"open","sticky":false,"template":"","format":"standard","meta":{"_acf_changed":false,"_monsterinsights_skip_tracking":false,"_monsterinsights_sitenote_active":false,"_monsterinsights_sitenote_note":"","_monsterinsights_sitenote_category":0,"_jetpack_memberships_contains_paid_content":false,"footnotes":"","jetpack_publicize_message":"","jetpack_publicize_feature_enabled":true,"jetpack_social_post_already_shared":true,"jetpack_social_options":{"image_generator_settings":{"template":"highway","default_image_id":0,"font":"","enabled":false},"version":2}},"categories":[5],"tags":[],"class_list":["post-91848","post","type-post","status-publish","format-standard","has-post-thumbnail","hentry","category-cotidiano"],"acf":[],"jetpack_publicize_connections":[],"jetpack_featured_media_url":"https:\/\/i0.wp.com\/blogdoeloiltoncajuhy.com.br\/site\/wp-content\/uploads\/2025\/11\/Populacao-Envelhecimento-Expectativa-de-vida-Foto-Eduardo-Knapp-Folhapress.jpg?fit=662%2C509&ssl=1","jetpack_sharing_enabled":true,"publishpress_future_workflow_manual_trigger":{"enabledWorkflows":[]},"_links":{"self":[{"href":"https:\/\/blogdoeloiltoncajuhy.com.br\/site\/wp-json\/wp\/v2\/posts\/91848","targetHints":{"allow":["GET"]}}],"collection":[{"href":"https:\/\/blogdoeloiltoncajuhy.com.br\/site\/wp-json\/wp\/v2\/posts"}],"about":[{"href":"https:\/\/blogdoeloiltoncajuhy.com.br\/site\/wp-json\/wp\/v2\/types\/post"}],"author":[{"embeddable":true,"href":"https:\/\/blogdoeloiltoncajuhy.com.br\/site\/wp-json\/wp\/v2\/users\/2"}],"replies":[{"embeddable":true,"href":"https:\/\/blogdoeloiltoncajuhy.com.br\/site\/wp-json\/wp\/v2\/comments?post=91848"}],"version-history":[{"count":1,"href":"https:\/\/blogdoeloiltoncajuhy.com.br\/site\/wp-json\/wp\/v2\/posts\/91848\/revisions"}],"predecessor-version":[{"id":91850,"href":"https:\/\/blogdoeloiltoncajuhy.com.br\/site\/wp-json\/wp\/v2\/posts\/91848\/revisions\/91850"}],"wp:featuredmedia":[{"embeddable":true,"href":"https:\/\/blogdoeloiltoncajuhy.com.br\/site\/wp-json\/wp\/v2\/media\/91849"}],"wp:attachment":[{"href":"https:\/\/blogdoeloiltoncajuhy.com.br\/site\/wp-json\/wp\/v2\/media?parent=91848"}],"wp:term":[{"taxonomy":"category","embeddable":true,"href":"https:\/\/blogdoeloiltoncajuhy.com.br\/site\/wp-json\/wp\/v2\/categories?post=91848"},{"taxonomy":"post_tag","embeddable":true,"href":"https:\/\/blogdoeloiltoncajuhy.com.br\/site\/wp-json\/wp\/v2\/tags?post=91848"}],"curies":[{"name":"wp","href":"https:\/\/api.w.org\/{rel}","templated":true}]}}