{"id":91846,"date":"2025-11-28T15:37:23","date_gmt":"2025-11-28T18:37:23","guid":{"rendered":"https:\/\/blogdoeloiltoncajuhy.com.br\/site\/?p=91846"},"modified":"2025-11-28T15:37:24","modified_gmt":"2025-11-28T18:37:24","slug":"desemprego-fica-em-54-ate-outubro-menor-taxa-desde-2012-com-ajuda-do-setor-de-construcao","status":"publish","type":"post","link":"https:\/\/blogdoeloiltoncajuhy.com.br\/site\/desemprego-fica-em-54-ate-outubro-menor-taxa-desde-2012-com-ajuda-do-setor-de-construcao\/","title":{"rendered":"Desemprego fica em 5,4% at\u00e9 outubro, menor taxa desde 2012, com ajuda do setor de constru\u00e7\u00e3o"},"content":{"rendered":"\n<p class=\"has-medium-font-size\"><strong>Renda m\u00e9dia do trabalho alcan\u00e7ou novo recorde de R$ 3.528 por m\u00eas<\/strong><\/p>\n\n\n\n<p><strong>Por Paulo Ricardo Martins\/Folha de S.Paulo<\/strong><\/p>\n\n\n\n<figure class=\"wp-block-image aligncenter size-full\"><a href=\"https:\/\/i0.wp.com\/blogdoeloiltoncajuhy.com.br\/site\/wp-content\/uploads\/2016\/02\/carteiras-de-trababalho.jpg\"><img data-recalc-dims=\"1\" fetchpriority=\"high\" decoding=\"async\" width=\"600\" height=\"450\" src=\"https:\/\/i0.wp.com\/blogdoeloiltoncajuhy.com.br\/site\/wp-content\/uploads\/2016\/02\/carteiras-de-trababalho.jpg?resize=600%2C450\" alt=\"\" class=\"wp-image-7403\" srcset=\"https:\/\/i0.wp.com\/blogdoeloiltoncajuhy.com.br\/site\/wp-content\/uploads\/2016\/02\/carteiras-de-trababalho.jpg?w=600&amp;ssl=1 600w, https:\/\/i0.wp.com\/blogdoeloiltoncajuhy.com.br\/site\/wp-content\/uploads\/2016\/02\/carteiras-de-trababalho.jpg?resize=300%2C225&amp;ssl=1 300w, https:\/\/i0.wp.com\/blogdoeloiltoncajuhy.com.br\/site\/wp-content\/uploads\/2016\/02\/carteiras-de-trababalho.jpg?resize=250%2C188&amp;ssl=1 250w\" sizes=\"(max-width: 600px) 100vw, 600px\" \/><\/a><\/figure>\n\n\n\n<p>A taxa de desemprego do Brasil foi de 5,4% no trimestre encerrado em outubro, o menor patamar desde 2012, com impulso do setor de constru\u00e7\u00e3o e crescimento da renda, segundo dados divulgados nesta sexta-feira (28) pelo IBGE (Instituto Brasileiro de Geografia e Estat\u00edstica).<\/p>\n\n\n\n<p>A popula\u00e7\u00e3o desocupada caiu para o menor contingente desde o in\u00edcio da pesquisa. Nos tr\u00eas meses at\u00e9 setembro, o Brasil registrou 5,91 milh\u00f5es de pessoas nessa condi\u00e7\u00e3o. O resultado representa uma queda de 3,4% na compara\u00e7\u00e3o com o trimestre anterior (menos 207 mil pessoas) e de 11,8% em um ano (menos 788 mil pessoas).<\/p>\n\n\n\n<p><strong><a href=\"https:\/\/whatsapp.com\/channel\/0029VaAT7tDLI8Yfj5y9Z50Z\" target=\"_blank\" rel=\"noreferrer noopener\"><mark style=\"background-color:rgba(0, 0, 0, 0)\" class=\"has-inline-color has-luminous-vivid-orange-color\">>> Clique aqui e entre no canal do BEC no WhatsApp<\/mark><\/a><\/strong><\/p>\n\n\n\n<p>Anteriormente, nos tr\u00eas meses at\u00e9 setembro, a taxa estava em 5,6%, resultado que repetia o \u00edndice verificado nos trimestres at\u00e9 julho e agosto de 2025.<\/p>\n\n\n\n<p>A popula\u00e7\u00e3o desempregada \u00e9 formada por pessoas de 14 anos ou mais que est\u00e3o sem trabalho e que seguem em busca de oportunidades.<\/p>\n\n\n\n<p>No per\u00edodo, o total de trabalhadores do pa\u00eds foi de 102,5 milh\u00f5es, patamar recorde, segundo o instituto. O n\u00famero ficou est\u00e1vel em rela\u00e7\u00e3o ao trimestre imediatamente anterior, encerrado em setembro, quando o instituto registrou 102,43 milh\u00f5es de pessoas ocupadas.<\/p>\n\n\n\n<p>J\u00e1 o n\u00edvel da ocupa\u00e7\u00e3o ficou em 58,8%. Esse indicador mede o percentual de pessoas que est\u00e3o trabalhando (ocupadas) em rela\u00e7\u00e3o ao total de 14 anos ou mais.<\/p>\n\n\n\n<p>O n\u00famero de empregados com carteira assinada tamb\u00e9m apresentou um novo recorde, alcan\u00e7ando o patamar de 39,182 milh\u00f5es.<\/p>\n","protected":false},"excerpt":{"rendered":"<p>Renda m\u00e9dia do trabalho alcan\u00e7ou novo recorde de R$ 3.528 por m\u00eas Por Paulo Ricardo Martins\/Folha de S.Paulo A taxa de desemprego do Brasil foi de 5,4% no trimestre encerrado em outubro, o menor patamar desde 2012, com impulso do setor de constru\u00e7\u00e3o e crescimento da renda, segundo dados divulgados nesta sexta-feira (28) pelo IBGE [&hellip;]<\/p>\n","protected":false},"author":2,"featured_media":74526,"comment_status":"open","ping_status":"open","sticky":false,"template":"","format":"standard","meta":{"_acf_changed":false,"_monsterinsights_skip_tracking":false,"_monsterinsights_sitenote_active":false,"_monsterinsights_sitenote_note":"","_monsterinsights_sitenote_category":0,"_jetpack_memberships_contains_paid_content":false,"footnotes":"","jetpack_publicize_message":"","jetpack_publicize_feature_enabled":true,"jetpack_social_post_already_shared":true,"jetpack_social_options":{"image_generator_settings":{"template":"highway","default_image_id":0,"font":"","enabled":false},"version":2}},"categories":[31],"tags":[],"class_list":["post-91846","post","type-post","status-publish","format-standard","has-post-thumbnail","hentry","category-economia"],"acf":[],"jetpack_publicize_connections":[],"jetpack_featured_media_url":"https:\/\/i0.wp.com\/blogdoeloiltoncajuhy.com.br\/site\/wp-content\/uploads\/2023\/06\/Carteira-trabalho-emprego-vagas_FotoTony-WinstonAgencia-Brasilia.jpg?fit=768%2C510&ssl=1","jetpack_sharing_enabled":true,"publishpress_future_workflow_manual_trigger":{"enabledWorkflows":[]},"_links":{"self":[{"href":"https:\/\/blogdoeloiltoncajuhy.com.br\/site\/wp-json\/wp\/v2\/posts\/91846","targetHints":{"allow":["GET"]}}],"collection":[{"href":"https:\/\/blogdoeloiltoncajuhy.com.br\/site\/wp-json\/wp\/v2\/posts"}],"about":[{"href":"https:\/\/blogdoeloiltoncajuhy.com.br\/site\/wp-json\/wp\/v2\/types\/post"}],"author":[{"embeddable":true,"href":"https:\/\/blogdoeloiltoncajuhy.com.br\/site\/wp-json\/wp\/v2\/users\/2"}],"replies":[{"embeddable":true,"href":"https:\/\/blogdoeloiltoncajuhy.com.br\/site\/wp-json\/wp\/v2\/comments?post=91846"}],"version-history":[{"count":1,"href":"https:\/\/blogdoeloiltoncajuhy.com.br\/site\/wp-json\/wp\/v2\/posts\/91846\/revisions"}],"predecessor-version":[{"id":91847,"href":"https:\/\/blogdoeloiltoncajuhy.com.br\/site\/wp-json\/wp\/v2\/posts\/91846\/revisions\/91847"}],"wp:featuredmedia":[{"embeddable":true,"href":"https:\/\/blogdoeloiltoncajuhy.com.br\/site\/wp-json\/wp\/v2\/media\/74526"}],"wp:attachment":[{"href":"https:\/\/blogdoeloiltoncajuhy.com.br\/site\/wp-json\/wp\/v2\/media?parent=91846"}],"wp:term":[{"taxonomy":"category","embeddable":true,"href":"https:\/\/blogdoeloiltoncajuhy.com.br\/site\/wp-json\/wp\/v2\/categories?post=91846"},{"taxonomy":"post_tag","embeddable":true,"href":"https:\/\/blogdoeloiltoncajuhy.com.br\/site\/wp-json\/wp\/v2\/tags?post=91846"}],"curies":[{"name":"wp","href":"https:\/\/api.w.org\/{rel}","templated":true}]}}