{"id":91841,"date":"2025-11-28T09:13:18","date_gmt":"2025-11-28T12:13:18","guid":{"rendered":"https:\/\/blogdoeloiltoncajuhy.com.br\/site\/?p=91841"},"modified":"2025-11-28T09:13:20","modified_gmt":"2025-11-28T12:13:20","slug":"deputado-bobo-se-destaca-por-investimentos-que-movimentam-a-economia-e-fortalecem-a-cultura-no-piemonte-norte-do-itapicuru","status":"publish","type":"post","link":"https:\/\/blogdoeloiltoncajuhy.com.br\/site\/deputado-bobo-se-destaca-por-investimentos-que-movimentam-a-economia-e-fortalecem-a-cultura-no-piemonte-norte-do-itapicuru\/","title":{"rendered":"Deputado Bob\u00f4 se destaca por investimentos que movimentam a economia e fortalecem a cultura no Piemonte Norte do Itapicuru"},"content":{"rendered":"\n<p><strong>Blog do Eloilton Cajuhy &#8211; BEC<\/strong><\/p>\n\n\n\n<figure class=\"wp-block-image aligncenter size-full\"><a href=\"https:\/\/i0.wp.com\/blogdoeloiltoncajuhy.com.br\/site\/wp-content\/uploads\/2025\/11\/Bobo-Flis-01.jpeg\"><img data-recalc-dims=\"1\" fetchpriority=\"high\" decoding=\"async\" width=\"768\" height=\"432\" src=\"https:\/\/i0.wp.com\/blogdoeloiltoncajuhy.com.br\/site\/wp-content\/uploads\/2025\/11\/Bobo-Flis-01.jpeg?resize=768%2C432\" alt=\"\" class=\"wp-image-91684\" srcset=\"https:\/\/i0.wp.com\/blogdoeloiltoncajuhy.com.br\/site\/wp-content\/uploads\/2025\/11\/Bobo-Flis-01.jpeg?w=768&amp;ssl=1 768w, https:\/\/i0.wp.com\/blogdoeloiltoncajuhy.com.br\/site\/wp-content\/uploads\/2025\/11\/Bobo-Flis-01.jpeg?resize=300%2C169&amp;ssl=1 300w\" sizes=\"(max-width: 768px) 100vw, 768px\" \/><\/a><figcaption class=\"wp-element-caption\"><sub>Deputado Bob\u00f4 presente na Flis &#8211; Festa Liter\u00e1ria dos Inventos<\/sub><\/figcaption><\/figure>\n\n\n\n<p>O deputado estadual Bob\u00f4 vem se consolidando como uma das principais lideran\u00e7as pol\u00edticas respons\u00e1veis por fortalecer a economia e promover o desenvolvimento cultural no Piemonte Norte do Itapicuru. Por meio de articula\u00e7\u00e3o com o Governo da Bahia e da destina\u00e7\u00e3o de emendas parlamentares, o parlamentar tem assegurado recursos fundamentais para iniciativas que impulsionam neg\u00f3cios, geram emprego e renda, al\u00e9m de valorizar a identidade regional.<\/p>\n\n\n\n<p>Entre os principais investimentos realizados por Bob\u00f4, destacam-se aqueles destinados \u00e0s duas edi\u00e7\u00f5es da Feira Regional de Neg\u00f3cios do Piemonte Norte do Itapicuru \u2013 FERBON, em Senhor do Bonfim. O deputado garantiu R$ 380 mil para a primeira edi\u00e7\u00e3o e R$ 350 mil para a segunda, totalizando R$ 730 mil aplicados no evento. A FERBON se consolidou como um espa\u00e7o de oportunidades para empreendedores locais e pequenos produtores, fortalecendo cadeias produtivas e estimulando o crescimento econ\u00f4mico da regi\u00e3o.<\/p>\n\n\n\n<p><strong><a href=\"https:\/\/whatsapp.com\/channel\/0029VaAT7tDLI8Yfj5y9Z50Z\" target=\"_blank\" rel=\"noreferrer noopener\"><mark style=\"background-color:rgba(0, 0, 0, 0)\" class=\"has-inline-color has-luminous-vivid-orange-color\">>> Clique aqui e entre no canal do BEC no WhatsApp<\/mark><\/a><\/strong><\/p>\n\n\n\n<figure class=\"wp-block-image aligncenter size-full\"><a href=\"https:\/\/i0.wp.com\/blogdoeloiltoncajuhy.com.br\/site\/wp-content\/uploads\/2025\/09\/Bobo-Ferbon-2025-09-22.jpeg\"><img data-recalc-dims=\"1\" decoding=\"async\" width=\"760\" height=\"428\" src=\"https:\/\/i0.wp.com\/blogdoeloiltoncajuhy.com.br\/site\/wp-content\/uploads\/2025\/09\/Bobo-Ferbon-2025-09-22.jpeg?resize=760%2C428\" alt=\"\" class=\"wp-image-90275\" srcset=\"https:\/\/i0.wp.com\/blogdoeloiltoncajuhy.com.br\/site\/wp-content\/uploads\/2025\/09\/Bobo-Ferbon-2025-09-22.jpeg?w=760&amp;ssl=1 760w, https:\/\/i0.wp.com\/blogdoeloiltoncajuhy.com.br\/site\/wp-content\/uploads\/2025\/09\/Bobo-Ferbon-2025-09-22.jpeg?resize=300%2C169&amp;ssl=1 300w\" sizes=\"(max-width: 760px) 100vw, 760px\" \/><\/a><figcaption class=\"wp-element-caption\"><sub>Bob\u00f4 tamb\u00e9m marcou presen\u00e7a na Ferbon 2025<\/sub><\/figcaption><\/figure>\n\n\n\n<p>Al\u00e9m de fomentar a economia, o parlamentar tamb\u00e9m tem direcionado recursos significativos para o setor cultural. A Festa Liter\u00e1ria dos Inventos, realizada de 20 a 22 de novembro na Univasf, em Senhor do Bonfim, contou com apoio de Bob\u00f4 por meio de emenda impositiva no valor de R$ 308 mil. O investimento garantiu a realiza\u00e7\u00e3o do evento, que surge com grande potencial para integrar o calend\u00e1rio cultural da Bahia, reunindo literatura, m\u00fasica e diversas express\u00f5es art\u00edsticas, fortalecendo assim a identidade cultural regional.<\/p>\n\n\n\n<p>Somados, os eventos apoiados por Bob\u00f4 representam um conjunto de a\u00e7\u00f5es estrat\u00e9gicas capazes de impulsionar o desenvolvimento regional. Enquanto a FERBON promove dinamismo econ\u00f4mico ao conectar empreendedores, atrair investimentos e estimular novos neg\u00f3cios, a Festa Liter\u00e1ria dos Inventos coloca Senhor do Bonfim em destaque no cen\u00e1rio cultural baiano, incentivando o turismo e ampliando o acesso da popula\u00e7\u00e3o \u00e0s manifesta\u00e7\u00f5es culturais.<\/p>\n","protected":false},"excerpt":{"rendered":"<p>Blog do Eloilton Cajuhy &#8211; BEC O deputado estadual Bob\u00f4 vem se consolidando como uma das principais lideran\u00e7as pol\u00edticas respons\u00e1veis por fortalecer a economia e promover o desenvolvimento cultural no Piemonte Norte do Itapicuru. Por meio de articula\u00e7\u00e3o com o Governo da Bahia e da destina\u00e7\u00e3o de emendas parlamentares, o parlamentar tem assegurado recursos fundamentais [&hellip;]<\/p>\n","protected":false},"author":2,"featured_media":75638,"comment_status":"open","ping_status":"open","sticky":false,"template":"","format":"standard","meta":{"_acf_changed":false,"_monsterinsights_skip_tracking":false,"_monsterinsights_sitenote_active":false,"_monsterinsights_sitenote_note":"","_monsterinsights_sitenote_category":0,"_jetpack_memberships_contains_paid_content":false,"footnotes":"","jetpack_publicize_message":"","jetpack_publicize_feature_enabled":true,"jetpack_social_post_already_shared":false,"jetpack_social_options":{"image_generator_settings":{"template":"highway","default_image_id":0,"font":"","enabled":false},"version":2}},"categories":[3],"tags":[],"class_list":["post-91841","post","type-post","status-publish","format-standard","has-post-thumbnail","hentry","category-politica"],"acf":[],"jetpack_publicize_connections":[],"jetpack_featured_media_url":"https:\/\/i0.wp.com\/blogdoeloiltoncajuhy.com.br\/site\/wp-content\/uploads\/2023\/07\/Deputado-Bobo-e-270723-divulgacao.jpg?fit=824%2C550&ssl=1","jetpack_sharing_enabled":true,"publishpress_future_workflow_manual_trigger":{"enabledWorkflows":[]},"_links":{"self":[{"href":"https:\/\/blogdoeloiltoncajuhy.com.br\/site\/wp-json\/wp\/v2\/posts\/91841","targetHints":{"allow":["GET"]}}],"collection":[{"href":"https:\/\/blogdoeloiltoncajuhy.com.br\/site\/wp-json\/wp\/v2\/posts"}],"about":[{"href":"https:\/\/blogdoeloiltoncajuhy.com.br\/site\/wp-json\/wp\/v2\/types\/post"}],"author":[{"embeddable":true,"href":"https:\/\/blogdoeloiltoncajuhy.com.br\/site\/wp-json\/wp\/v2\/users\/2"}],"replies":[{"embeddable":true,"href":"https:\/\/blogdoeloiltoncajuhy.com.br\/site\/wp-json\/wp\/v2\/comments?post=91841"}],"version-history":[{"count":1,"href":"https:\/\/blogdoeloiltoncajuhy.com.br\/site\/wp-json\/wp\/v2\/posts\/91841\/revisions"}],"predecessor-version":[{"id":91842,"href":"https:\/\/blogdoeloiltoncajuhy.com.br\/site\/wp-json\/wp\/v2\/posts\/91841\/revisions\/91842"}],"wp:featuredmedia":[{"embeddable":true,"href":"https:\/\/blogdoeloiltoncajuhy.com.br\/site\/wp-json\/wp\/v2\/media\/75638"}],"wp:attachment":[{"href":"https:\/\/blogdoeloiltoncajuhy.com.br\/site\/wp-json\/wp\/v2\/media?parent=91841"}],"wp:term":[{"taxonomy":"category","embeddable":true,"href":"https:\/\/blogdoeloiltoncajuhy.com.br\/site\/wp-json\/wp\/v2\/categories?post=91841"},{"taxonomy":"post_tag","embeddable":true,"href":"https:\/\/blogdoeloiltoncajuhy.com.br\/site\/wp-json\/wp\/v2\/tags?post=91841"}],"curies":[{"name":"wp","href":"https:\/\/api.w.org\/{rel}","templated":true}]}}