{"id":91836,"date":"2025-11-28T09:02:12","date_gmt":"2025-11-28T12:02:12","guid":{"rendered":"https:\/\/blogdoeloiltoncajuhy.com.br\/site\/?p=91836"},"modified":"2025-11-28T09:02:58","modified_gmt":"2025-11-28T12:02:58","slug":"bahia-garante-vaga-na-libertadores-2026-e-alcanca-feito-inedito","status":"publish","type":"post","link":"https:\/\/blogdoeloiltoncajuhy.com.br\/site\/bahia-garante-vaga-na-libertadores-2026-e-alcanca-feito-inedito\/","title":{"rendered":"Bahia garante vaga na Libertadores 2026 e alcan\u00e7a feito in\u00e9dito"},"content":{"rendered":"\n<p class=\"has-medium-font-size\"><strong>Esquadr\u00e3o conquistou a vaga nesta quinta-feira, 27, ap\u00f3s o duelo entre Fluminense e S\u00e3o Paulo<\/strong><\/p>\n\n\n\n<p><strong>Por T\u00e9o Mazzoni\/A Tarde<\/strong><\/p>\n\n\n\n<figure class=\"wp-block-image aligncenter size-full\"><a href=\"https:\/\/i0.wp.com\/blogdoeloiltoncajuhy.com.br\/site\/wp-content\/uploads\/2025\/11\/Bahia-faz-historia-e-garante-segunda-participacao-consecutiva-na-Libertadores-Foto-Rafael-Rodrigues-EC-Bahia.png?ssl=1\"><img data-recalc-dims=\"1\" fetchpriority=\"high\" decoding=\"async\" width=\"768\" height=\"512\" src=\"https:\/\/i0.wp.com\/blogdoeloiltoncajuhy.com.br\/site\/wp-content\/uploads\/2025\/11\/Bahia-faz-historia-e-garante-segunda-participacao-consecutiva-na-Libertadores-Foto-Rafael-Rodrigues-EC-Bahia.png?resize=768%2C512&#038;ssl=1\" alt=\"\" class=\"wp-image-91837\" srcset=\"https:\/\/i0.wp.com\/blogdoeloiltoncajuhy.com.br\/site\/wp-content\/uploads\/2025\/11\/Bahia-faz-historia-e-garante-segunda-participacao-consecutiva-na-Libertadores-Foto-Rafael-Rodrigues-EC-Bahia.png?w=768&amp;ssl=1 768w, https:\/\/i0.wp.com\/blogdoeloiltoncajuhy.com.br\/site\/wp-content\/uploads\/2025\/11\/Bahia-faz-historia-e-garante-segunda-participacao-consecutiva-na-Libertadores-Foto-Rafael-Rodrigues-EC-Bahia.png?resize=300%2C200&amp;ssl=1 300w\" sizes=\"(max-width: 768px) 100vw, 768px\" \/><\/a><figcaption class=\"wp-element-caption\"><sub>Bahia faz hist\u00f3ria e garante segunda participa\u00e7\u00e3o consecutiva na Libertadores &#8211; Foto: Rafael Rodrigues\/EC Bahia<\/sub><\/figcaption><\/figure>\n\n\n\n<p>O Bahia est\u00e1 garantido na edi\u00e7\u00e3o de 2026 da Copa Libertadores da Am\u00e9rica. Ap\u00f3s o Fluminense golear o S\u00e3o Paulo por 6 a 0 no Maracan\u00e3, pela 36\u00aa rodada do Brasileir\u00e3o, nesta quinta-feira, 27, o Esquadr\u00e3o confirmou a vaga na competi\u00e7\u00e3o sem sequer entrar em campo.<\/p>\n\n\n\n<p>A equipe comandada pelo t\u00e9cnico Rog\u00e9rio Ceni confirmou sua segunda participa\u00e7\u00e3o consecutiva na Libertadores \u2014 um feito in\u00e9dito na hist\u00f3ria do clube.<\/p>\n\n\n\n<p><strong><a href=\"https:\/\/whatsapp.com\/channel\/0029VaAT7tDLI8Yfj5y9Z50Z\" target=\"_blank\" rel=\"noreferrer noopener\"><mark style=\"background-color:rgba(0, 0, 0, 0)\" class=\"has-inline-color has-luminous-vivid-orange-color\">>> Clique aqui e entre no canal do BEC no WhatsApp<\/mark><\/a><\/strong><\/p>\n\n\n\n<p>Com a classifica\u00e7\u00e3o, o Bahia far\u00e1 sua quinta participa\u00e7\u00e3o no torneio, sendo esta a primeira vez em que o clube assegura vaga em edi\u00e7\u00f5es consecutivas: 2025 e, agora, 2026. Anteriormente, o Esquadr\u00e3o disputou as Libertadores de 1960, 1964 e 1989.<\/p>\n\n\n\n<p>Al\u00e9m de alcan\u00e7ar uma marca hist\u00f3rica, o Bahia tamb\u00e9m ampliou sua vantagem como o clube nordestino com mais participa\u00e7\u00f5es na competi\u00e7\u00e3o. Com cinco presen\u00e7as, o Tricolor de A\u00e7o supera Fortaleza, Sport e N\u00e1utico.<\/p>\n\n\n\n<p class=\"has-black-color has-text-color has-link-color has-medium-font-size wp-elements-33ff7cc8545527f0b8a63f8341d1c963\"><strong>Confira as equipes nordestinas com mais participa\u00e7\u00f5es na Libertadores:<\/strong><\/p>\n\n\n\n<ul class=\"wp-block-list\">\n<li>Bahia: cinco participa\u00e7\u00f5es (1960, 1964, 1989, 2025 e 2026)<\/li>\n\n\n\n<li>Fortaleza: tr\u00eas participa\u00e7\u00f5es (2022, 2023 e 2025)<\/li>\n\n\n\n<li>Sport: duas participa\u00e7\u00f5es (1988 e 2009)<\/li>\n\n\n\n<li>N\u00e1utico: uma participa\u00e7\u00e3o (1968)<\/li>\n<\/ul>\n\n\n\n<p><\/p>\n\n\n\n<p>Apesar da vaga confirmada, ainda n\u00e3o h\u00e1 defini\u00e7\u00e3o se o Bahia entrar\u00e1 diretamente na fase de grupos ou se precisar\u00e1 disputar a fase preliminar da Libertadores. A decis\u00e3o depende da classifica\u00e7\u00e3o final no Campeonato Brasileiro, que segue indefinida quanto \u00e0s vagas diretas para o torneio continental.<\/p>\n\n\n\n<p>Al\u00e9m disso, um poss\u00edvel t\u00edtulo de Fluminense ou Cruzeiro na Copa do Brasil tamb\u00e9m pode mudar essa situa\u00e7\u00e3o. Caso um deles levante a ta\u00e7a, o 6\u00ba colocado do Brasileir\u00e3o passaria a ter vaga direta na fase de grupos, assim como mais um time garantindo lugar atrav\u00e9s da preliminar: o 8\u00ba colocado da tabela.<\/p>\n\n\n\n<p>Atualmente, o Bahia ocupa a 7\u00aa coloca\u00e7\u00e3o, com 56 pontos, o que hoje n\u00e3o garante vaga direta mesmo em caso de ocorrer o G-8. A equipe comandada pelo t\u00e9cnico Rog\u00e9rio Ceni entra em campo nesta sexta-feira, 28, \u00e0s 19h, contra o Juventude, no Alfredo Jaconi, em Caxias do Sul.<\/p>\n\n\n\n<figure class=\"wp-block-image aligncenter size-full\"><a href=\"https:\/\/i0.wp.com\/blogdoeloiltoncajuhy.com.br\/site\/wp-content\/uploads\/2025\/11\/Bahia-Libertadores-2026.jpeg?ssl=1\"><img data-recalc-dims=\"1\" decoding=\"async\" width=\"544\" height=\"680\" src=\"https:\/\/i0.wp.com\/blogdoeloiltoncajuhy.com.br\/site\/wp-content\/uploads\/2025\/11\/Bahia-Libertadores-2026.jpeg?resize=544%2C680&#038;ssl=1\" alt=\"\" class=\"wp-image-91838\" srcset=\"https:\/\/i0.wp.com\/blogdoeloiltoncajuhy.com.br\/site\/wp-content\/uploads\/2025\/11\/Bahia-Libertadores-2026.jpeg?w=544&amp;ssl=1 544w, https:\/\/i0.wp.com\/blogdoeloiltoncajuhy.com.br\/site\/wp-content\/uploads\/2025\/11\/Bahia-Libertadores-2026.jpeg?resize=240%2C300&amp;ssl=1 240w\" sizes=\"(max-width: 544px) 100vw, 544px\" \/><\/a><\/figure>\n","protected":false},"excerpt":{"rendered":"<p>Esquadr\u00e3o conquistou a vaga nesta quinta-feira, 27, ap\u00f3s o duelo entre Fluminense e S\u00e3o Paulo Por T\u00e9o Mazzoni\/A Tarde O Bahia est\u00e1 garantido na edi\u00e7\u00e3o de 2026 da Copa Libertadores da Am\u00e9rica. Ap\u00f3s o Fluminense golear o S\u00e3o Paulo por 6 a 0 no Maracan\u00e3, pela 36\u00aa rodada do Brasileir\u00e3o, nesta quinta-feira, 27, o Esquadr\u00e3o [&hellip;]<\/p>\n","protected":false},"author":2,"featured_media":91838,"comment_status":"open","ping_status":"open","sticky":false,"template":"","format":"standard","meta":{"_acf_changed":false,"_monsterinsights_skip_tracking":false,"_monsterinsights_sitenote_active":false,"_monsterinsights_sitenote_note":"","_monsterinsights_sitenote_category":0,"_jetpack_memberships_contains_paid_content":false,"footnotes":"","jetpack_publicize_message":"","jetpack_publicize_feature_enabled":true,"jetpack_social_post_already_shared":true,"jetpack_social_options":{"image_generator_settings":{"template":"highway","default_image_id":0,"font":"","enabled":false},"version":2}},"categories":[6],"tags":[],"class_list":["post-91836","post","type-post","status-publish","format-standard","has-post-thumbnail","hentry","category-esportes"],"acf":[],"jetpack_publicize_connections":[],"jetpack_featured_media_url":"https:\/\/i0.wp.com\/blogdoeloiltoncajuhy.com.br\/site\/wp-content\/uploads\/2025\/11\/Bahia-Libertadores-2026.jpeg?fit=544%2C680&ssl=1","jetpack_sharing_enabled":true,"publishpress_future_workflow_manual_trigger":{"enabledWorkflows":[]},"_links":{"self":[{"href":"https:\/\/blogdoeloiltoncajuhy.com.br\/site\/wp-json\/wp\/v2\/posts\/91836","targetHints":{"allow":["GET"]}}],"collection":[{"href":"https:\/\/blogdoeloiltoncajuhy.com.br\/site\/wp-json\/wp\/v2\/posts"}],"about":[{"href":"https:\/\/blogdoeloiltoncajuhy.com.br\/site\/wp-json\/wp\/v2\/types\/post"}],"author":[{"embeddable":true,"href":"https:\/\/blogdoeloiltoncajuhy.com.br\/site\/wp-json\/wp\/v2\/users\/2"}],"replies":[{"embeddable":true,"href":"https:\/\/blogdoeloiltoncajuhy.com.br\/site\/wp-json\/wp\/v2\/comments?post=91836"}],"version-history":[{"count":2,"href":"https:\/\/blogdoeloiltoncajuhy.com.br\/site\/wp-json\/wp\/v2\/posts\/91836\/revisions"}],"predecessor-version":[{"id":91840,"href":"https:\/\/blogdoeloiltoncajuhy.com.br\/site\/wp-json\/wp\/v2\/posts\/91836\/revisions\/91840"}],"wp:featuredmedia":[{"embeddable":true,"href":"https:\/\/blogdoeloiltoncajuhy.com.br\/site\/wp-json\/wp\/v2\/media\/91838"}],"wp:attachment":[{"href":"https:\/\/blogdoeloiltoncajuhy.com.br\/site\/wp-json\/wp\/v2\/media?parent=91836"}],"wp:term":[{"taxonomy":"category","embeddable":true,"href":"https:\/\/blogdoeloiltoncajuhy.com.br\/site\/wp-json\/wp\/v2\/categories?post=91836"},{"taxonomy":"post_tag","embeddable":true,"href":"https:\/\/blogdoeloiltoncajuhy.com.br\/site\/wp-json\/wp\/v2\/tags?post=91836"}],"curies":[{"name":"wp","href":"https:\/\/api.w.org\/{rel}","templated":true}]}}