{"id":91832,"date":"2025-11-28T08:39:28","date_gmt":"2025-11-28T11:39:28","guid":{"rendered":"https:\/\/blogdoeloiltoncajuhy.com.br\/site\/?p=91832"},"modified":"2025-11-28T08:40:29","modified_gmt":"2025-11-28T11:40:29","slug":"ivete-sangalo-termina-casamento-com-daniel-cady","status":"publish","type":"post","link":"https:\/\/blogdoeloiltoncajuhy.com.br\/site\/ivete-sangalo-termina-casamento-com-daniel-cady\/","title":{"rendered":"Ivete Sangalo termina casamento com Daniel Cady"},"content":{"rendered":"\n<p class=\"has-medium-font-size\"><strong>Not\u00edcia agitou o mundo dos famosos nesta quinta-feira (27)<\/strong><\/p>\n\n\n\n<p><strong>Por Franciely Gomes\/A Tarde<\/strong><\/p>\n\n\n\n<figure class=\"wp-block-image aligncenter size-full\"><a href=\"https:\/\/i0.wp.com\/blogdoeloiltoncajuhy.com.br\/site\/wp-content\/uploads\/2025\/11\/Ivete-e-Daniel-Foto-Reproducao-Instagram.png?ssl=1\"><img data-recalc-dims=\"1\" fetchpriority=\"high\" decoding=\"async\" width=\"768\" height=\"480\" src=\"https:\/\/i0.wp.com\/blogdoeloiltoncajuhy.com.br\/site\/wp-content\/uploads\/2025\/11\/Ivete-e-Daniel-Foto-Reproducao-Instagram.png?resize=768%2C480&#038;ssl=1\" alt=\"\" class=\"wp-image-91833\" srcset=\"https:\/\/i0.wp.com\/blogdoeloiltoncajuhy.com.br\/site\/wp-content\/uploads\/2025\/11\/Ivete-e-Daniel-Foto-Reproducao-Instagram.png?w=768&amp;ssl=1 768w, https:\/\/i0.wp.com\/blogdoeloiltoncajuhy.com.br\/site\/wp-content\/uploads\/2025\/11\/Ivete-e-Daniel-Foto-Reproducao-Instagram.png?resize=300%2C188&amp;ssl=1 300w\" sizes=\"(max-width: 768px) 100vw, 768px\" \/><\/a><figcaption class=\"wp-element-caption\"><sub>O an\u00fancio foi feito nas redes sociais &#8211; Foto: Reprodu\u00e7\u00e3o | Instagram<\/sub><\/figcaption><\/figure>\n\n\n\n<p>Ivete Sangalo e Daniel Cady n\u00e3o s\u00e3o mais um casal. Os dois anunciaram o fim do casamento de 16 anos nesta quinta-feira, 27, atrav\u00e9s de um comunicado p\u00fablico em conjunto nas redes sociais.<\/p>\n\n\n\n<blockquote class=\"wp-block-quote is-layout-flow wp-block-quote-is-layout-flow\">\n<p><strong><mark style=\"background-color:rgba(0, 0, 0, 0)\" class=\"has-inline-color has-black-color\">\u201cCom muito respeito pela nossa hist\u00f3ria e pela fam\u00edlia que constru\u00edmos, decidimos, de forma conjunta e madura, seguir caminhos diferentes. Estamos certos de que esta \u00e9 a decis\u00e3o mais coerente e amorosa para n\u00f3s. Todo o processo est\u00e1 sendo vivido com di\u00e1logo, cuidado e profundo respeito\u201d, escreveram.<\/mark><\/strong><\/p>\n<\/blockquote>\n\n\n\n<h4 class=\"wp-block-heading has-text-align-center\"><strong><mark style=\"background-color:rgba(0, 0, 0, 0)\" class=\"has-inline-color has-vivid-red-color\">______________________________<\/mark><\/strong><\/h4>\n\n\n\n<blockquote class=\"wp-block-quote is-layout-flow wp-block-quote-is-layout-flow\">\n<p><strong><mark style=\"background-color:rgba(0, 0, 0, 0)\" class=\"has-inline-color has-black-color\">\u201cTemos uma trajet\u00f3ria que nos orgulha, de muito amor. Seguiremos sempre sendo uma fam\u00edlia. Precisamos de respeito com esse momento. Pedimos privacidade para atravessar essa transi\u00e7\u00e3o da maneira mais serena poss\u00edvel. Seguimos unidos no que realmente importa: preservar nosso afeto e o bem-estar dos nossos filhos\u201d, completou o texto.<\/mark><\/strong><\/p>\n<\/blockquote>\n\n\n\n<p class=\"has-black-color has-text-color has-link-color has-medium-font-size wp-elements-eba8e8224848930eea937711056841cc\"><strong>Repercuss\u00e3o entre f\u00e3s<\/strong><\/p>\n\n\n\n<p>Nos coment\u00e1rios da publica\u00e7\u00e3o, diversos amigos e f\u00e3s do casal desejaram boas vibra\u00e7\u00f5es para eles nesta nova fase. Dentre eles, a atriz Bruna Marquezine, que foi elogiada pela artista baiana recentemente.<\/p>\n\n\n\n<p>&#8220;J\u00e1 dava pra perceber. Mas quero dizer que amo voc\u00eas como fam\u00edlia e sempre v\u00e3o estar conectados pela fam\u00edlia linda que constru\u00edram juntos. Sejam felizes&#8221;, disse uma admiradora da artista. &#8220;Emanando boas energias pra voc\u00eas daqui. Te amo cantora&#8221;, afirmou outro.<\/p>\n\n\n\n<p><strong><a href=\"https:\/\/whatsapp.com\/channel\/0029VaAT7tDLI8Yfj5y9Z50Z\" target=\"_blank\" rel=\"noreferrer noopener\"><mark style=\"background-color:rgba(0, 0, 0, 0)\" class=\"has-inline-color has-luminous-vivid-orange-color\">>> Clique aqui e entre no canal do BEC no WhatsApp<\/mark><\/a><\/strong><\/p>\n","protected":false},"excerpt":{"rendered":"<p>Not\u00edcia agitou o mundo dos famosos nesta quinta-feira (27) Por Franciely Gomes\/A Tarde Ivete Sangalo e Daniel Cady n\u00e3o s\u00e3o mais um casal. Os dois anunciaram o fim do casamento de 16 anos nesta quinta-feira, 27, atrav\u00e9s de um comunicado p\u00fablico em conjunto nas redes sociais. \u201cCom muito respeito pela nossa hist\u00f3ria e pela fam\u00edlia [&hellip;]<\/p>\n","protected":false},"author":2,"featured_media":91833,"comment_status":"open","ping_status":"open","sticky":false,"template":"","format":"standard","meta":{"_acf_changed":false,"_monsterinsights_skip_tracking":false,"_monsterinsights_sitenote_active":false,"_monsterinsights_sitenote_note":"","_monsterinsights_sitenote_category":0,"_jetpack_memberships_contains_paid_content":false,"footnotes":"","jetpack_publicize_message":"","jetpack_publicize_feature_enabled":true,"jetpack_social_post_already_shared":true,"jetpack_social_options":{"image_generator_settings":{"template":"highway","default_image_id":0,"font":"","enabled":false},"version":2}},"categories":[8],"tags":[],"class_list":["post-91832","post","type-post","status-publish","format-standard","has-post-thumbnail","hentry","category-cultura"],"acf":[],"jetpack_publicize_connections":[],"jetpack_featured_media_url":"https:\/\/i0.wp.com\/blogdoeloiltoncajuhy.com.br\/site\/wp-content\/uploads\/2025\/11\/Ivete-e-Daniel-Foto-Reproducao-Instagram.png?fit=768%2C480&ssl=1","jetpack_sharing_enabled":true,"publishpress_future_workflow_manual_trigger":{"enabledWorkflows":[]},"_links":{"self":[{"href":"https:\/\/blogdoeloiltoncajuhy.com.br\/site\/wp-json\/wp\/v2\/posts\/91832","targetHints":{"allow":["GET"]}}],"collection":[{"href":"https:\/\/blogdoeloiltoncajuhy.com.br\/site\/wp-json\/wp\/v2\/posts"}],"about":[{"href":"https:\/\/blogdoeloiltoncajuhy.com.br\/site\/wp-json\/wp\/v2\/types\/post"}],"author":[{"embeddable":true,"href":"https:\/\/blogdoeloiltoncajuhy.com.br\/site\/wp-json\/wp\/v2\/users\/2"}],"replies":[{"embeddable":true,"href":"https:\/\/blogdoeloiltoncajuhy.com.br\/site\/wp-json\/wp\/v2\/comments?post=91832"}],"version-history":[{"count":2,"href":"https:\/\/blogdoeloiltoncajuhy.com.br\/site\/wp-json\/wp\/v2\/posts\/91832\/revisions"}],"predecessor-version":[{"id":91835,"href":"https:\/\/blogdoeloiltoncajuhy.com.br\/site\/wp-json\/wp\/v2\/posts\/91832\/revisions\/91835"}],"wp:featuredmedia":[{"embeddable":true,"href":"https:\/\/blogdoeloiltoncajuhy.com.br\/site\/wp-json\/wp\/v2\/media\/91833"}],"wp:attachment":[{"href":"https:\/\/blogdoeloiltoncajuhy.com.br\/site\/wp-json\/wp\/v2\/media?parent=91832"}],"wp:term":[{"taxonomy":"category","embeddable":true,"href":"https:\/\/blogdoeloiltoncajuhy.com.br\/site\/wp-json\/wp\/v2\/categories?post=91832"},{"taxonomy":"post_tag","embeddable":true,"href":"https:\/\/blogdoeloiltoncajuhy.com.br\/site\/wp-json\/wp\/v2\/tags?post=91832"}],"curies":[{"name":"wp","href":"https:\/\/api.w.org\/{rel}","templated":true}]}}