{"id":91827,"date":"2025-11-28T07:36:42","date_gmt":"2025-11-28T10:36:42","guid":{"rendered":"https:\/\/blogdoeloiltoncajuhy.com.br\/site\/?p=91827"},"modified":"2025-11-28T07:38:32","modified_gmt":"2025-11-28T10:38:32","slug":"familia-denuncia-suposta-falha-em-atendimento-e-falta-de-transparencia-no-hdam-apos-intubacao-sem-autorizacao","status":"publish","type":"post","link":"https:\/\/blogdoeloiltoncajuhy.com.br\/site\/familia-denuncia-suposta-falha-em-atendimento-e-falta-de-transparencia-no-hdam-apos-intubacao-sem-autorizacao\/","title":{"rendered":"Fam\u00edlia denuncia suposta falha em atendimento e falta de transpar\u00eancia no HDAM ap\u00f3s intuba\u00e7\u00e3o sem autoriza\u00e7\u00e3o"},"content":{"rendered":"\n<p><strong>Blog do Eloilton Cajuhy &#8211; BEC<\/strong><\/p>\n\n\n\n<figure class=\"wp-block-image aligncenter size-full is-resized\"><a href=\"https:\/\/i0.wp.com\/blogdoeloiltoncajuhy.com.br\/site\/wp-content\/uploads\/2025\/11\/Sheyna-Rios.png?ssl=1\"><img data-recalc-dims=\"1\" fetchpriority=\"high\" decoding=\"async\" width=\"537\" height=\"429\" src=\"https:\/\/i0.wp.com\/blogdoeloiltoncajuhy.com.br\/site\/wp-content\/uploads\/2025\/11\/Sheyna-Rios.png?resize=537%2C429&#038;ssl=1\" alt=\"\" class=\"wp-image-91828\" style=\"width:620px;height:auto\" srcset=\"https:\/\/i0.wp.com\/blogdoeloiltoncajuhy.com.br\/site\/wp-content\/uploads\/2025\/11\/Sheyna-Rios.png?w=537&amp;ssl=1 537w, https:\/\/i0.wp.com\/blogdoeloiltoncajuhy.com.br\/site\/wp-content\/uploads\/2025\/11\/Sheyna-Rios.png?resize=300%2C240&amp;ssl=1 300w\" sizes=\"(max-width: 537px) 100vw, 537px\" \/><\/a><figcaption class=\"wp-element-caption\"><sub>Foto: Acervo da fam\u00edlia<\/sub><\/figcaption><\/figure>\n\n\n\n<p>A fam\u00edlia da paciente <strong><mark style=\"background-color:rgba(0, 0, 0, 0)\" class=\"has-inline-color has-black-color\">Sheyna Laura Souverain Santos Rios<\/mark><\/strong>, internada no dia 11 de outubro na UTI do Hospital Dom Ant\u00f4nio Monteiro (HDAM), em Senhor do Bonfim, fez um grave relato nas redes sociais denunciando supostas irregularidades no atendimento prestado, al\u00e9m da falta de comunica\u00e7\u00e3o e de transpar\u00eancia durante o tratamento dela, que sofria de L\u00fapus.<\/p>\n\n\n\n<p>Segundo a publica\u00e7\u00e3o, no dia da interna\u00e7\u00e3o a fam\u00edlia assinou um termo recusando a intuba\u00e7\u00e3o naquele momento, e a m\u00e9dica plantonista teria garantido que a decis\u00e3o seria respeitada por pelo menos de tr\u00eas a quatro horas, com acompanhamento da evolu\u00e7\u00e3o do quadro. A fam\u00edlia afirma que deixou tr\u00eas telefones para contato, mas n\u00e3o foi comunicada sobre nenhuma altera\u00e7\u00e3o.<\/p>\n\n\n\n<p>A paciente, de acordo com o relato, apresentava satura\u00e7\u00e3o de 95% e conversava normalmente no momento da \u00faltima visita dos familiares. Contudo, ao retornarem para o hospital, eles foram informados de que a paciente havia sido intubada \u2014 supostamente com um termo assinado por ela mesma. A fam\u00edlia contesta a autenticidade dessa decis\u00e3o, alegando que a paciente tinha pavor de intuba\u00e7\u00e3o e n\u00e3o teria assinado qualquer documento.<\/p>\n\n\n\n<p><strong><a href=\"https:\/\/whatsapp.com\/channel\/0029VaAT7tDLI8Yfj5y9Z50Z\" target=\"_blank\" rel=\"noreferrer noopener\"><mark style=\"background-color:rgba(0, 0, 0, 0)\" class=\"has-inline-color has-luminous-vivid-orange-color\">>> Clique aqui e entre no canal do BEC no WhatsApp<\/mark><\/a><\/strong><\/p>\n\n\n\n<p>Ainda segundo a irm\u00e3, o HDAM estaria se recusando a fornecer o prontu\u00e1rio m\u00e9dico, apesar de ser um direito da fam\u00edlia. A assistente social teria dito que o documento s\u00f3 poderia ser liberado mediante ordem judicial.<\/p>\n\n\n\n<p>O relato segue apontando uma s\u00e9rie de inconsist\u00eancias: vers\u00f5es diferentes sobre supostas paradas card\u00edacas, intercorr\u00eancias e evolu\u00e7\u00e3o cl\u00ednica; falta de especialista em pneumologia para atender a paciente regulada da UPA; e aus\u00eancia de acompanhamento psicol\u00f3gico ou social para acalm\u00e1-la durante o processo.<\/p>\n\n\n\n<p>A fam\u00edlia questiona por que o hospital aceitou a transfer\u00eancia sabendo da aus\u00eancia de especialistas essenciais e afirma que, se soubessem da falta de estrutura adequada, teriam buscado outro hospital para atendimento.<\/p>\n\n\n\n<p>Com a morte de Sheyna, a fam\u00edlia cobra explica\u00e7\u00f5es. \u201cO paciente n\u00e3o \u00e9 s\u00f3 um n\u00famero. \u00c9 um ser humano\u201d, diz a publica\u00e7\u00e3o.<\/p>\n\n\n\n<p>A fam\u00edlia pede uma auditoria urgente e refor\u00e7a que seguir\u00e1 lutando pelo acesso ao prontu\u00e1rio e pela apura\u00e7\u00e3o do caso.<\/p>\n\n\n\n<p>O rep\u00f3rter Netto Maravilha entrou em contato com os respons\u00e1veis pela sa\u00fade em Bonfim e pelo HDAM e aguarda retorno.<\/p>\n\n\n\n<p><strong><em>*Com informa\u00e7\u00f5es do Blog do Netto Maravilha<\/em><\/strong><\/p>\n","protected":false},"excerpt":{"rendered":"<p>Blog do Eloilton Cajuhy &#8211; BEC A fam\u00edlia da paciente Sheyna Laura Souverain Santos Rios, internada no dia 11 de outubro na UTI do Hospital Dom Ant\u00f4nio Monteiro (HDAM), em Senhor do Bonfim, fez um grave relato nas redes sociais denunciando supostas irregularidades no atendimento prestado, al\u00e9m da falta de comunica\u00e7\u00e3o e de transpar\u00eancia durante [&hellip;]<\/p>\n","protected":false},"author":2,"featured_media":91828,"comment_status":"open","ping_status":"open","sticky":false,"template":"","format":"standard","meta":{"_acf_changed":false,"_monsterinsights_skip_tracking":false,"_monsterinsights_sitenote_active":false,"_monsterinsights_sitenote_note":"","_monsterinsights_sitenote_category":0,"_jetpack_memberships_contains_paid_content":false,"footnotes":"","jetpack_publicize_message":"","jetpack_publicize_feature_enabled":true,"jetpack_social_post_already_shared":true,"jetpack_social_options":{"image_generator_settings":{"template":"highway","default_image_id":0,"font":"","enabled":false},"version":2}},"categories":[4],"tags":[],"class_list":["post-91827","post","type-post","status-publish","format-standard","has-post-thumbnail","hentry","category-local"],"acf":[],"jetpack_publicize_connections":[],"jetpack_featured_media_url":"https:\/\/i0.wp.com\/blogdoeloiltoncajuhy.com.br\/site\/wp-content\/uploads\/2025\/11\/Sheyna-Rios.png?fit=537%2C429&ssl=1","jetpack_sharing_enabled":true,"publishpress_future_workflow_manual_trigger":{"enabledWorkflows":[]},"_links":{"self":[{"href":"https:\/\/blogdoeloiltoncajuhy.com.br\/site\/wp-json\/wp\/v2\/posts\/91827","targetHints":{"allow":["GET"]}}],"collection":[{"href":"https:\/\/blogdoeloiltoncajuhy.com.br\/site\/wp-json\/wp\/v2\/posts"}],"about":[{"href":"https:\/\/blogdoeloiltoncajuhy.com.br\/site\/wp-json\/wp\/v2\/types\/post"}],"author":[{"embeddable":true,"href":"https:\/\/blogdoeloiltoncajuhy.com.br\/site\/wp-json\/wp\/v2\/users\/2"}],"replies":[{"embeddable":true,"href":"https:\/\/blogdoeloiltoncajuhy.com.br\/site\/wp-json\/wp\/v2\/comments?post=91827"}],"version-history":[{"count":2,"href":"https:\/\/blogdoeloiltoncajuhy.com.br\/site\/wp-json\/wp\/v2\/posts\/91827\/revisions"}],"predecessor-version":[{"id":91831,"href":"https:\/\/blogdoeloiltoncajuhy.com.br\/site\/wp-json\/wp\/v2\/posts\/91827\/revisions\/91831"}],"wp:featuredmedia":[{"embeddable":true,"href":"https:\/\/blogdoeloiltoncajuhy.com.br\/site\/wp-json\/wp\/v2\/media\/91828"}],"wp:attachment":[{"href":"https:\/\/blogdoeloiltoncajuhy.com.br\/site\/wp-json\/wp\/v2\/media?parent=91827"}],"wp:term":[{"taxonomy":"category","embeddable":true,"href":"https:\/\/blogdoeloiltoncajuhy.com.br\/site\/wp-json\/wp\/v2\/categories?post=91827"},{"taxonomy":"post_tag","embeddable":true,"href":"https:\/\/blogdoeloiltoncajuhy.com.br\/site\/wp-json\/wp\/v2\/tags?post=91827"}],"curies":[{"name":"wp","href":"https:\/\/api.w.org\/{rel}","templated":true}]}}