{"id":91824,"date":"2025-11-28T00:10:00","date_gmt":"2025-11-28T03:10:00","guid":{"rendered":"https:\/\/blogdoeloiltoncajuhy.com.br\/site\/?p=91824"},"modified":"2025-11-27T19:43:04","modified_gmt":"2025-11-27T22:43:04","slug":"cartola-tem-legado-celebrado-45-anos-apos-sua-morte","status":"publish","type":"post","link":"https:\/\/blogdoeloiltoncajuhy.com.br\/site\/cartola-tem-legado-celebrado-45-anos-apos-sua-morte\/","title":{"rendered":"Cartola tem legado celebrado 45 anos ap\u00f3s sua morte"},"content":{"rendered":"\n<p class=\"has-medium-font-size\"><strong>Levantamento do Ecad aponta \u201cAs rosas n\u00e3o falam\u201d no topo das mais tocadas e regravadas do artista<\/strong><\/p>\n\n\n\n<p><strong>Blog do Eloilton Cajuhy &#8211; BEC<\/strong><\/p>\n\n\n\n<figure class=\"wp-block-image aligncenter size-full\"><a href=\"https:\/\/i0.wp.com\/blogdoeloiltoncajuhy.com.br\/site\/wp-content\/uploads\/2025\/11\/CARTOLA-1.png?ssl=1\"><img data-recalc-dims=\"1\" fetchpriority=\"high\" decoding=\"async\" width=\"800\" height=\"600\" src=\"https:\/\/i0.wp.com\/blogdoeloiltoncajuhy.com.br\/site\/wp-content\/uploads\/2025\/11\/CARTOLA-1.png?resize=800%2C600&#038;ssl=1\" alt=\"\" class=\"wp-image-91825\" srcset=\"https:\/\/i0.wp.com\/blogdoeloiltoncajuhy.com.br\/site\/wp-content\/uploads\/2025\/11\/CARTOLA-1.png?w=800&amp;ssl=1 800w, https:\/\/i0.wp.com\/blogdoeloiltoncajuhy.com.br\/site\/wp-content\/uploads\/2025\/11\/CARTOLA-1.png?resize=300%2C225&amp;ssl=1 300w, https:\/\/i0.wp.com\/blogdoeloiltoncajuhy.com.br\/site\/wp-content\/uploads\/2025\/11\/CARTOLA-1.png?resize=768%2C576&amp;ssl=1 768w\" sizes=\"(max-width: 800px) 100vw, 800px\" \/><\/a><figcaption class=\"wp-element-caption\"><sub>Reprodu\u00e7\u00e3o<\/sub><\/figcaption><\/figure>\n\n\n\n<p>Figura fundamental da m\u00fasica brasileira, Cartola segue presente na mem\u00f3ria afetiva e no repert\u00f3rio do pa\u00eds, mesmo 45 anos ap\u00f3s sua morte, completados no pr\u00f3ximo dia 30 de novembro. Para homenagear seu legado, o Ecad (Escrit\u00f3rio Central de Arrecada\u00e7\u00e3o e Distribui\u00e7\u00e3o) preparou um levantamento especial com suas obras mais executadas e regravadas nos \u00faltimos anos.<\/p>\n\n\n\n<p>De acordo com os dados, o compositor possui 161 obras musicais e 134 grava\u00e7\u00f5es cadastradas no banco de dados da gest\u00e3o coletiva de m\u00fasica. O estudo revela que \u201cAs rosas n\u00e3o falam\u201d \u00e9 tanto a m\u00fasica mais regravada, com 246 registros, quanto a mais tocada nos \u00faltimos cinco anos.<\/p>\n\n\n\n<p>Na lista de obras mais regravadas, aparecem ainda composi\u00e7\u00f5es emblem\u00e1ticas como \u201cO mundo \u00e9 um moinho\u201d, autoria de Cartola e Alexandre Beltramino, \u201cO sol nascer\u00e1\u201d, em parceria com Elton Medeiros, \u201cAcontece\u201d e \u201cAlvorada\u201d (Cartola \/ Carlos Cacha\u00e7a \/ Herm\u00ednio Bello de Carvalho). Entre os int\u00e9rpretes que mais regravaram suas composi\u00e7\u00f5es, Elton Medeiros lidera com 62 grava\u00e7\u00f5es, seguido por nomes como Ney Matogrosso, Nelson Sargento e Teresa Cristina.<\/p>\n\n\n\n<p>Os direitos autorais de execu\u00e7\u00e3o p\u00fablica de Cartola est\u00e3o garantidos pela Lei Federal 9.610\/98, que determina que os herdeiros recebam os rendimentos por 70 anos ap\u00f3s a morte do autor (ou do \u00faltimo autor, em caso de parcerias). Mas os direitos s\u00f3 podem ser repassados aos seus herdeiros se os canais e espa\u00e7os que utilizam m\u00fasicas, como r\u00e1dio, TV, cinema, estabelecimentos comerciais, plataformas digitais, casas de festas, shows e outros locais de frequ\u00eancia coletiva, pagarem pelo licenciamento musical. Se n\u00e3o houvesse o pagamento dos direitos autorais, compositores e artistas n\u00e3o poderiam receber os valores por suas m\u00fasicas.<\/p>\n\n\n\n<p><strong><mark style=\"background-color:rgba(0, 0, 0, 0)\" class=\"has-inline-color has-black-color\">Ranking das m\u00fasicas de autoria de Cartola mais tocadas nos \u00faltimos cinco anos no Brasil nos principais segmentos de execu\u00e7\u00e3o p\u00fablica<\/mark><\/strong> (R\u00e1dio, Shows, Sonoriza\u00e7\u00e3o Ambiental, M\u00fasica ao Vivo, Casas de Festas e Divers\u00e3o, Carnaval e Festa Junina)<\/p>\n\n\n\n<figure class=\"wp-block-table\"><table class=\"has-fixed-layout\"><tbody><tr><td><strong><mark style=\"background-color:rgba(0, 0, 0, 0)\" class=\"has-inline-color has-black-color\">Posi\u00e7\u00e3o<\/mark><\/strong><\/td><td><strong><mark style=\"background-color:rgba(0, 0, 0, 0)\" class=\"has-inline-color has-black-color\">M\u00fasica<\/mark><\/strong><\/td><td><strong><mark style=\"background-color:rgba(0, 0, 0, 0)\" class=\"has-inline-color has-black-color\">Autores<\/mark><\/strong><\/td><\/tr><tr><td><strong>1<\/strong><\/td><td>As rosas n\u00e3o falam<\/td><td>Cartola<\/td><\/tr><tr><td><strong>2<\/strong><\/td><td>O sol nascer\u00e1<\/td><td>Elton Medeiros \/ Cartola<\/td><\/tr><tr><td><strong>3<\/strong><\/td><td>O mundo \u00e9 um moinho<\/td><td>Cartola \/ Alexandre Beltramini<\/td><\/tr><tr><td><strong>4<\/strong><\/td><td>Alvorada<\/td><td>Carlos Cacha\u00e7a \/ Herminio Bello de Carvalho \/ Cartola<\/td><\/tr><tr><td><strong>5<\/strong><\/td><td>Corra e olhe o c\u00e9u<\/td><td>Cartola \/ Dalmo Castello<\/td><\/tr><tr><td><strong>6<\/strong><\/td><td>Tive sim<\/td><td>Cartola<\/td><\/tr><tr><td><strong>7<\/strong><\/td><td>Acontece<\/td><td>Cartola<\/td><\/tr><tr><td><strong>8<\/strong><\/td><td>Disfar\u00e7a e chora<\/td><td>Cartola \/ Dalmo Castello<\/td><\/tr><tr><td><strong>9<\/strong><\/td><td>Minha<\/td><td>Cartola<\/td><\/tr><tr><td><strong>10<\/strong><\/td><td>Cordas de a\u00e7o<\/td><td>Cartola<\/td><\/tr><\/tbody><\/table><\/figure>\n\n\n\n<p class=\"has-black-color has-text-color has-link-color wp-elements-dcbe6d31be789e5fcddabfe2fbc1e2b8\"><strong>Top 5 das m\u00fasicas de autoria de Cartola mais gravadas<\/strong><\/p>\n\n\n\n<figure class=\"wp-block-table\"><table class=\"has-fixed-layout\"><tbody><tr><td><strong><mark style=\"background-color:rgba(0, 0, 0, 0)\" class=\"has-inline-color has-black-color\">Posi\u00e7\u00e3o<\/mark><\/strong><\/td><td><strong><mark style=\"background-color:rgba(0, 0, 0, 0)\" class=\"has-inline-color has-black-color\">M\u00fasica<\/mark><\/strong><\/td><td><strong><mark style=\"background-color:rgba(0, 0, 0, 0)\" class=\"has-inline-color has-black-color\">Autores<\/mark><\/strong><\/td><\/tr><tr><td><strong>1<\/strong><\/td><td>As rosas n\u00e3o falam<\/td><td>Cartola<\/td><\/tr><tr><td><strong>2<\/strong><\/td><td>O mundo \u00e9 um moinho<\/td><td>Cartola \/ Alexandre Beltramini<\/td><\/tr><tr><td><strong>3<\/strong><\/td><td>O sol nascer\u00e1<\/td><td>Elton Medeiros \/ Cartola<\/td><\/tr><tr><td><strong>4<\/strong><\/td><td>Acontece<\/td><td>Cartola<\/td><\/tr><tr><td><strong>5<\/strong><\/td><td>Alvorada<\/td><td>Carlos Cacha\u00e7a \/ Herminio Bello de Carvalho \/ Cartola<\/td><\/tr><\/tbody><\/table><\/figure>\n","protected":false},"excerpt":{"rendered":"<p>Levantamento do Ecad aponta \u201cAs rosas n\u00e3o falam\u201d no topo das mais tocadas e regravadas do artista Blog do Eloilton Cajuhy &#8211; BEC Figura fundamental da m\u00fasica brasileira, Cartola segue presente na mem\u00f3ria afetiva e no repert\u00f3rio do pa\u00eds, mesmo 45 anos ap\u00f3s sua morte, completados no pr\u00f3ximo dia 30 de novembro. Para homenagear seu [&hellip;]<\/p>\n","protected":false},"author":2,"featured_media":91825,"comment_status":"open","ping_status":"open","sticky":false,"template":"","format":"standard","meta":{"_acf_changed":false,"_monsterinsights_skip_tracking":false,"_monsterinsights_sitenote_active":false,"_monsterinsights_sitenote_note":"","_monsterinsights_sitenote_category":0,"_jetpack_memberships_contains_paid_content":false,"footnotes":"","jetpack_publicize_message":"","jetpack_publicize_feature_enabled":true,"jetpack_social_post_already_shared":true,"jetpack_social_options":{"image_generator_settings":{"template":"highway","default_image_id":0,"font":"","enabled":false},"version":2}},"categories":[8],"tags":[],"class_list":["post-91824","post","type-post","status-publish","format-standard","has-post-thumbnail","hentry","category-cultura"],"acf":[],"jetpack_publicize_connections":[],"jetpack_featured_media_url":"https:\/\/i0.wp.com\/blogdoeloiltoncajuhy.com.br\/site\/wp-content\/uploads\/2025\/11\/CARTOLA-1.png?fit=800%2C600&ssl=1","jetpack_sharing_enabled":true,"publishpress_future_workflow_manual_trigger":{"enabledWorkflows":[]},"_links":{"self":[{"href":"https:\/\/blogdoeloiltoncajuhy.com.br\/site\/wp-json\/wp\/v2\/posts\/91824","targetHints":{"allow":["GET"]}}],"collection":[{"href":"https:\/\/blogdoeloiltoncajuhy.com.br\/site\/wp-json\/wp\/v2\/posts"}],"about":[{"href":"https:\/\/blogdoeloiltoncajuhy.com.br\/site\/wp-json\/wp\/v2\/types\/post"}],"author":[{"embeddable":true,"href":"https:\/\/blogdoeloiltoncajuhy.com.br\/site\/wp-json\/wp\/v2\/users\/2"}],"replies":[{"embeddable":true,"href":"https:\/\/blogdoeloiltoncajuhy.com.br\/site\/wp-json\/wp\/v2\/comments?post=91824"}],"version-history":[{"count":1,"href":"https:\/\/blogdoeloiltoncajuhy.com.br\/site\/wp-json\/wp\/v2\/posts\/91824\/revisions"}],"predecessor-version":[{"id":91826,"href":"https:\/\/blogdoeloiltoncajuhy.com.br\/site\/wp-json\/wp\/v2\/posts\/91824\/revisions\/91826"}],"wp:featuredmedia":[{"embeddable":true,"href":"https:\/\/blogdoeloiltoncajuhy.com.br\/site\/wp-json\/wp\/v2\/media\/91825"}],"wp:attachment":[{"href":"https:\/\/blogdoeloiltoncajuhy.com.br\/site\/wp-json\/wp\/v2\/media?parent=91824"}],"wp:term":[{"taxonomy":"category","embeddable":true,"href":"https:\/\/blogdoeloiltoncajuhy.com.br\/site\/wp-json\/wp\/v2\/categories?post=91824"},{"taxonomy":"post_tag","embeddable":true,"href":"https:\/\/blogdoeloiltoncajuhy.com.br\/site\/wp-json\/wp\/v2\/tags?post=91824"}],"curies":[{"name":"wp","href":"https:\/\/api.w.org\/{rel}","templated":true}]}}