{"id":91818,"date":"2025-11-27T15:01:16","date_gmt":"2025-11-27T18:01:16","guid":{"rendered":"https:\/\/blogdoeloiltoncajuhy.com.br\/site\/?p=91818"},"modified":"2025-11-27T15:01:18","modified_gmt":"2025-11-27T18:01:18","slug":"fortes-chuvas-atingem-cidade-da-ba-picape-fica-parcialmente-submersa-e-ocupantes-deixam-veiculo-pela-janela","status":"publish","type":"post","link":"https:\/\/blogdoeloiltoncajuhy.com.br\/site\/fortes-chuvas-atingem-cidade-da-ba-picape-fica-parcialmente-submersa-e-ocupantes-deixam-veiculo-pela-janela\/","title":{"rendered":"Fortes chuvas atingem cidade da BA; picape fica parcialmente submersa e ocupantes deixam ve\u00edculo pela janela"},"content":{"rendered":"\n<p class=\"has-medium-font-size\"><strong>Lu\u00eds Eduardo Magalh\u00e3es registrou acumulado de 60 mm de chuva nesta quinta-feira (27). Defesa Civil interditou vias e monitora pontos cr\u00edticos<\/strong><\/p>\n\n\n\n<p><strong>Por g1 BA e TV Oeste<\/strong><\/p>\n\n\n\n<figure class=\"wp-block-image aligncenter size-full\"><a href=\"https:\/\/i0.wp.com\/blogdoeloiltoncajuhy.com.br\/site\/wp-content\/uploads\/2025\/11\/Temporal-deixa-caminhonete-submersa-%E2%80%94-Foto-Reproducao-Redes-Sociais.png?ssl=1\"><img data-recalc-dims=\"1\" fetchpriority=\"high\" decoding=\"async\" width=\"408\" height=\"570\" src=\"https:\/\/i0.wp.com\/blogdoeloiltoncajuhy.com.br\/site\/wp-content\/uploads\/2025\/11\/Temporal-deixa-caminhonete-submersa-%E2%80%94-Foto-Reproducao-Redes-Sociais.png?resize=408%2C570&#038;ssl=1\" alt=\"\" class=\"wp-image-91819\" srcset=\"https:\/\/i0.wp.com\/blogdoeloiltoncajuhy.com.br\/site\/wp-content\/uploads\/2025\/11\/Temporal-deixa-caminhonete-submersa-%E2%80%94-Foto-Reproducao-Redes-Sociais.png?w=408&amp;ssl=1 408w, https:\/\/i0.wp.com\/blogdoeloiltoncajuhy.com.br\/site\/wp-content\/uploads\/2025\/11\/Temporal-deixa-caminhonete-submersa-%E2%80%94-Foto-Reproducao-Redes-Sociais.png?resize=215%2C300&amp;ssl=1 215w\" sizes=\"(max-width: 408px) 100vw, 408px\" \/><\/a><figcaption class=\"wp-element-caption\"><sub>Durante o temporal, ruas ficaram alagadas e uma caminhonete caiu em um buraco e ficou praticamente submersa \u2014 Foto: Reprodu\u00e7\u00e3o\/Redes Sociais<\/sub><\/figcaption><\/figure>\n\n\n\n<p>Fortes chuvas atingiram a cidade de Lu\u00eds Eduardo Magalh\u00e3es, localizada no oeste da Bahia, na manh\u00e3 desta quinta-feira (27). Durante o temporal, ruas ficaram alagadas e uma picape caiu em um buraco e ficou parcialmente submersa.<\/p>\n\n\n\n<p>De acordo com apura\u00e7\u00e3o da TV Oeste, duas pessoas, entre elas uma gestante, estavam dentro do ve\u00edculo e precisaram sair pela janela para conseguir escapar. Elas n\u00e3o ficaram feridas.<\/p>\n\n\n\n<p>Devido aos alagamentos, a Defesa Civil, a Sutrans e a Guarda Municipal interditaram pontos considerados cr\u00edticos, para evitar acidentes e orientar o tr\u00e2nsito. Entre os locais com maior volume de \u00e1gua est\u00e3o a Avenida Octogonal, a Avenida Salvador com a S\u00e3o Francisco, a BR-242, a Rua Sucupira e a Rua Ibitiara.<\/p>\n\n\n\n<p><strong><a href=\"https:\/\/whatsapp.com\/channel\/0029VaAT7tDLI8Yfj5y9Z50Z\" target=\"_blank\" rel=\"noreferrer noopener\"><mark style=\"background-color:rgba(0, 0, 0, 0)\" class=\"has-inline-color has-luminous-vivid-orange-color\">>> Clique aqui e entre no canal do BEC no WhatsApp<\/mark><\/a><\/strong><\/p>\n\n\n\n<p>O fluxo de ve\u00edculos na BR-242, que corta o munic\u00edpio, ficou bastante intenso por causa dos alagamentos. Apesar dos transtornos, a Defesa Civil informou que n\u00e3o h\u00e1, at\u00e9 o momento, registros de desabrigados ou desalojados.<\/p>\n\n\n\n<p>Todo o munic\u00edpio segue sendo monitorado pela Defesa Civil e por outras secretarias municipais.<\/p>\n\n\n\n<p>O acumulado registrado \u00e9 de 60 mm, com precipita\u00e7\u00f5es bem distribu\u00eddas em toda a cidade, segundo a Funda\u00e7\u00e3o Bahia. J\u00e1 a temperatura varia entre m\u00ednima de 21 \u00b0C e m\u00e1xima de 30 \u00b0C.<\/p>\n\n\n\n<p>A previs\u00e3o \u00e9 de continuidade da chuva ao longo do dia, com possibilidade de novos acumulados e ventos de at\u00e9 40 km\/h.<\/p>\n","protected":false},"excerpt":{"rendered":"<p>Lu\u00eds Eduardo Magalh\u00e3es registrou acumulado de 60 mm de chuva nesta quinta-feira (27). Defesa Civil interditou vias e monitora pontos cr\u00edticos Por g1 BA e TV Oeste Fortes chuvas atingiram a cidade de Lu\u00eds Eduardo Magalh\u00e3es, localizada no oeste da Bahia, na manh\u00e3 desta quinta-feira (27). Durante o temporal, ruas ficaram alagadas e uma picape [&hellip;]<\/p>\n","protected":false},"author":2,"featured_media":91819,"comment_status":"open","ping_status":"open","sticky":false,"template":"","format":"standard","meta":{"_acf_changed":false,"_monsterinsights_skip_tracking":false,"_monsterinsights_sitenote_active":false,"_monsterinsights_sitenote_note":"","_monsterinsights_sitenote_category":0,"_jetpack_memberships_contains_paid_content":false,"footnotes":"","jetpack_publicize_message":"","jetpack_publicize_feature_enabled":true,"jetpack_social_post_already_shared":true,"jetpack_social_options":{"image_generator_settings":{"template":"highway","default_image_id":0,"font":"","enabled":false},"version":2}},"categories":[5],"tags":[],"class_list":["post-91818","post","type-post","status-publish","format-standard","has-post-thumbnail","hentry","category-cotidiano"],"acf":[],"jetpack_publicize_connections":[],"jetpack_featured_media_url":"https:\/\/i0.wp.com\/blogdoeloiltoncajuhy.com.br\/site\/wp-content\/uploads\/2025\/11\/Temporal-deixa-caminhonete-submersa-%E2%80%94-Foto-Reproducao-Redes-Sociais.png?fit=408%2C570&ssl=1","jetpack_sharing_enabled":true,"publishpress_future_workflow_manual_trigger":{"enabledWorkflows":[]},"_links":{"self":[{"href":"https:\/\/blogdoeloiltoncajuhy.com.br\/site\/wp-json\/wp\/v2\/posts\/91818","targetHints":{"allow":["GET"]}}],"collection":[{"href":"https:\/\/blogdoeloiltoncajuhy.com.br\/site\/wp-json\/wp\/v2\/posts"}],"about":[{"href":"https:\/\/blogdoeloiltoncajuhy.com.br\/site\/wp-json\/wp\/v2\/types\/post"}],"author":[{"embeddable":true,"href":"https:\/\/blogdoeloiltoncajuhy.com.br\/site\/wp-json\/wp\/v2\/users\/2"}],"replies":[{"embeddable":true,"href":"https:\/\/blogdoeloiltoncajuhy.com.br\/site\/wp-json\/wp\/v2\/comments?post=91818"}],"version-history":[{"count":1,"href":"https:\/\/blogdoeloiltoncajuhy.com.br\/site\/wp-json\/wp\/v2\/posts\/91818\/revisions"}],"predecessor-version":[{"id":91820,"href":"https:\/\/blogdoeloiltoncajuhy.com.br\/site\/wp-json\/wp\/v2\/posts\/91818\/revisions\/91820"}],"wp:featuredmedia":[{"embeddable":true,"href":"https:\/\/blogdoeloiltoncajuhy.com.br\/site\/wp-json\/wp\/v2\/media\/91819"}],"wp:attachment":[{"href":"https:\/\/blogdoeloiltoncajuhy.com.br\/site\/wp-json\/wp\/v2\/media?parent=91818"}],"wp:term":[{"taxonomy":"category","embeddable":true,"href":"https:\/\/blogdoeloiltoncajuhy.com.br\/site\/wp-json\/wp\/v2\/categories?post=91818"},{"taxonomy":"post_tag","embeddable":true,"href":"https:\/\/blogdoeloiltoncajuhy.com.br\/site\/wp-json\/wp\/v2\/tags?post=91818"}],"curies":[{"name":"wp","href":"https:\/\/api.w.org\/{rel}","templated":true}]}}