{"id":91815,"date":"2025-11-27T09:18:33","date_gmt":"2025-11-27T12:18:33","guid":{"rendered":"https:\/\/blogdoeloiltoncajuhy.com.br\/site\/?p=91815"},"modified":"2025-11-27T09:18:35","modified_gmt":"2025-11-27T12:18:35","slug":"prisao-de-militares-revela-amadurecimento-democratico-diz-historiador","status":"publish","type":"post","link":"https:\/\/blogdoeloiltoncajuhy.com.br\/site\/prisao-de-militares-revela-amadurecimento-democratico-diz-historiador\/","title":{"rendered":"Pris\u00e3o de militares revela amadurecimento democr\u00e1tico, diz historiador"},"content":{"rendered":"\n<p class=\"has-medium-font-size\"><strong>Mateus Torres, da Universidade de Bras\u00edlia, falou \u00e0 TV Brasil<\/strong><\/p>\n\n\n\n<p><strong>Por Luiz Claudio Ferreira\/Ag\u00eancia Brasil<\/strong><\/p>\n\n\n\n<figure class=\"wp-block-image aligncenter size-full is-resized\"><a href=\"https:\/\/i0.wp.com\/blogdoeloiltoncajuhy.com.br\/site\/wp-content\/uploads\/2025\/11\/Matheus-Gamboa-UnB-Foto-Frame-TV-Brasil.png?ssl=1\"><img data-recalc-dims=\"1\" fetchpriority=\"high\" decoding=\"async\" width=\"678\" height=\"406\" src=\"https:\/\/i0.wp.com\/blogdoeloiltoncajuhy.com.br\/site\/wp-content\/uploads\/2025\/11\/Matheus-Gamboa-UnB-Foto-Frame-TV-Brasil.png?resize=678%2C406&#038;ssl=1\" alt=\"\" class=\"wp-image-91816\" style=\"width:800px;height:auto\" srcset=\"https:\/\/i0.wp.com\/blogdoeloiltoncajuhy.com.br\/site\/wp-content\/uploads\/2025\/11\/Matheus-Gamboa-UnB-Foto-Frame-TV-Brasil.png?w=678&amp;ssl=1 678w, https:\/\/i0.wp.com\/blogdoeloiltoncajuhy.com.br\/site\/wp-content\/uploads\/2025\/11\/Matheus-Gamboa-UnB-Foto-Frame-TV-Brasil.png?resize=300%2C180&amp;ssl=1 300w\" sizes=\"(max-width: 678px) 100vw, 678px\" \/><\/a><figcaption class=\"wp-element-caption\"><sub>Matheus Gamboa (UnB) &#8211; Foto: Frame TV Brasil<\/sub><\/figcaption><\/figure>\n\n\n\n<p>O hist\u00f3rico in\u00edcio de cumprimento de pris\u00e3o de oficiais-generais, condenados pela participa\u00e7\u00e3o na trama golpista, significa que h\u00e1 um \u201camadurecimento da democracia\u201d no pa\u00eds. Essa foi a avalia\u00e7\u00e3o do professor de hist\u00f3ria Mateus Gamba Torres, da Universidade de Bras\u00edlia (UnB), em entrevista ao telejornal&nbsp;<em>Rep\u00f3rter Brasil<\/em>, da&nbsp;<strong>TV Brasil<\/strong>, nesta quarta (26).<img data-recalc-dims=\"1\" decoding=\"async\" src=\"https:\/\/i0.wp.com\/agenciabrasil.ebc.com.br\/ebc.png?w=800&#038;ssl=1\"><img data-recalc-dims=\"1\" decoding=\"async\" src=\"https:\/\/i0.wp.com\/agenciabrasil.ebc.com.br\/ebc.gif?w=800&#038;ssl=1\"><\/p>\n\n\n\n<p><a href=\"https:\/\/www.youtube.com\/live\/2e63cW4zkLE?si=FvYaMXV9qQRIohI8\" target=\"_blank\" rel=\"noreferrer noopener\"><strong><mark style=\"background-color:rgba(0, 0, 0, 0)\" class=\"has-inline-color has-vivid-cyan-blue-color\">Confira a entrevista\u00a0do Rep\u00f3rter Brasi<\/mark><\/strong><\/a>l.<\/p>\n\n\n\n<p><strong>Nesta semana, al\u00e9m do encarceramento do ex-presidente Jair Bolsonaro (que \u00e9 capit\u00e3o da reserva do Ex\u00e9rcito), foram presos os generais Augusto Heleno Pereira, Paulo Sergio Nogueira, Walter Braga Netto e o almirante Almir Garnier.&nbsp;<\/strong><\/p>\n\n\n\n<p>Em raz\u00e3o da condena\u00e7\u00e3o, eles dever\u00e3o ser alvo de uma a\u00e7\u00e3o de perda do oficialato e ser\u00e3o julgados pelo\u00a0Superior Tribunal Militar\u00a0(STM). \u00c9\u00a0a primeira vez na hist\u00f3ria do pa\u00eds que militares s\u00e3o presos por envolvimento direto em uma articula\u00e7\u00e3o golpista.\u00a0<\/p>\n\n\n\n<p><strong>O professor Mateus Torres disse&nbsp;\u00e0&nbsp;TV Brasil&nbsp;que, passados 40 anos do processo de redemocratiza\u00e7\u00e3o, h\u00e1 um caminho de consolida\u00e7\u00e3o do sistema de governo.<\/strong><\/p>\n\n\n\n<blockquote class=\"wp-block-quote is-layout-flow wp-block-quote-is-layout-flow\">\n<blockquote class=\"wp-block-quote is-layout-flow wp-block-quote-is-layout-flow\">\n<p><strong><mark style=\"background-color:rgba(0, 0, 0, 0)\" class=\"has-inline-color has-black-color\">\u201cMesmo que os militares resolvessem fazer uma tentativa de golpe, como houve v\u00e1rias vezes na Rep\u00fablica, isso agora n\u00e3o \u00e9 mais aceito pela nossa democracia\u201d, afirmou\u00a0o pesquisador.<\/mark><\/strong><\/p>\n<\/blockquote>\n<\/blockquote>\n\n\n\n<p class=\"has-black-color has-text-color has-link-color has-medium-font-size wp-elements-17b1e13eb0da92e9fac1e8aaf8c1be1c\"><strong>\u201cSujeira debaixo do tapete\u201d<\/strong><\/p>\n\n\n\n<p><strong>Em rela\u00e7\u00e3o \u00e0s propostas de anistias para golpistas, Torres recorda que demandas como essa foram bem-sucedidas em outros momentos da hist\u00f3ria do Brasil. No entanto, ele discorda dos argumentos de que um poss\u00edvel perd\u00e3o poderia pacificar o pa\u00eds ou reduzir a polariza\u00e7\u00e3o.<\/strong><\/p>\n\n\n\n<blockquote class=\"wp-block-quote is-layout-flow wp-block-quote-is-layout-flow\">\n<blockquote class=\"wp-block-quote is-layout-flow wp-block-quote-is-layout-flow\">\n<p><strong><mark style=\"background-color:rgba(0, 0, 0, 0)\" class=\"has-inline-color has-black-color\">\u201cA anistia n\u00e3o apazigua nada. Ela varre a sujeira para debaixo do tapete. A anistia, nesses casos, faz com que ocorra impunidade justamente de golpistas\u201d. Ele recorda que, em 1979, torturadores foram anistiados.\u00a0<\/mark><\/strong><\/p>\n<\/blockquote>\n<\/blockquote>\n\n\n\n<p>Por essa lei na ocasi\u00e3o, segundo o professor da UnB, at\u00e9 hoje h\u00e1 luta por uma justi\u00e7a de transi\u00e7\u00e3o efetiva, com mem\u00f3ria, justi\u00e7a e verdade. Por outro lado, o pesquisador entende que a decis\u00e3o judicial fortalece a vis\u00e3o, inclusive, que os outros pa\u00edses t\u00eam do Brasil.&nbsp;<\/p>\n\n\n\n<p><strong>O professor tamb\u00e9m considera hist\u00f3rica a possibilidade de os militares perderem suas patentes em processo no Superior Tribunal Militar ap\u00f3s a condena\u00e7\u00e3o na Justi\u00e7a civil.<\/strong><\/p>\n\n\n\n<blockquote class=\"wp-block-quote is-layout-flow wp-block-quote-is-layout-flow\">\n<blockquote class=\"wp-block-quote is-layout-flow wp-block-quote-is-layout-flow\">\n<p><strong><mark style=\"background-color:rgba(0, 0, 0, 0)\" class=\"has-inline-color has-black-color\">\u201cN\u00e3o existe nada mais indigno do que se colocar contra a nossa democracia. A gente sabe que h\u00e1 um corporativismo. Mas, neste momento, h\u00e1 um clima para que isso (a perda de patentes) aconte\u00e7a\u201d, disse o professor ao\u00a0<em>Rep\u00f3rter Brasil<\/em>.<\/mark><\/strong><\/p>\n<\/blockquote>\n<\/blockquote>\n","protected":false},"excerpt":{"rendered":"<p>Mateus Torres, da Universidade de Bras\u00edlia, falou \u00e0 TV Brasil Por Luiz Claudio Ferreira\/Ag\u00eancia Brasil O hist\u00f3rico in\u00edcio de cumprimento de pris\u00e3o de oficiais-generais, condenados pela participa\u00e7\u00e3o na trama golpista, significa que h\u00e1 um \u201camadurecimento da democracia\u201d no pa\u00eds. Essa foi a avalia\u00e7\u00e3o do professor de hist\u00f3ria Mateus Gamba Torres, da Universidade de Bras\u00edlia (UnB), [&hellip;]<\/p>\n","protected":false},"author":2,"featured_media":91816,"comment_status":"open","ping_status":"open","sticky":false,"template":"","format":"standard","meta":{"_acf_changed":false,"_monsterinsights_skip_tracking":false,"_monsterinsights_sitenote_active":false,"_monsterinsights_sitenote_note":"","_monsterinsights_sitenote_category":0,"_jetpack_memberships_contains_paid_content":false,"footnotes":"","jetpack_publicize_message":"","jetpack_publicize_feature_enabled":true,"jetpack_social_post_already_shared":true,"jetpack_social_options":{"image_generator_settings":{"template":"highway","default_image_id":0,"font":"","enabled":false},"version":2}},"categories":[3],"tags":[],"class_list":["post-91815","post","type-post","status-publish","format-standard","has-post-thumbnail","hentry","category-politica"],"acf":[],"jetpack_publicize_connections":[],"jetpack_featured_media_url":"https:\/\/i0.wp.com\/blogdoeloiltoncajuhy.com.br\/site\/wp-content\/uploads\/2025\/11\/Matheus-Gamboa-UnB-Foto-Frame-TV-Brasil.png?fit=678%2C406&ssl=1","jetpack_sharing_enabled":true,"publishpress_future_workflow_manual_trigger":{"enabledWorkflows":[]},"_links":{"self":[{"href":"https:\/\/blogdoeloiltoncajuhy.com.br\/site\/wp-json\/wp\/v2\/posts\/91815","targetHints":{"allow":["GET"]}}],"collection":[{"href":"https:\/\/blogdoeloiltoncajuhy.com.br\/site\/wp-json\/wp\/v2\/posts"}],"about":[{"href":"https:\/\/blogdoeloiltoncajuhy.com.br\/site\/wp-json\/wp\/v2\/types\/post"}],"author":[{"embeddable":true,"href":"https:\/\/blogdoeloiltoncajuhy.com.br\/site\/wp-json\/wp\/v2\/users\/2"}],"replies":[{"embeddable":true,"href":"https:\/\/blogdoeloiltoncajuhy.com.br\/site\/wp-json\/wp\/v2\/comments?post=91815"}],"version-history":[{"count":1,"href":"https:\/\/blogdoeloiltoncajuhy.com.br\/site\/wp-json\/wp\/v2\/posts\/91815\/revisions"}],"predecessor-version":[{"id":91817,"href":"https:\/\/blogdoeloiltoncajuhy.com.br\/site\/wp-json\/wp\/v2\/posts\/91815\/revisions\/91817"}],"wp:featuredmedia":[{"embeddable":true,"href":"https:\/\/blogdoeloiltoncajuhy.com.br\/site\/wp-json\/wp\/v2\/media\/91816"}],"wp:attachment":[{"href":"https:\/\/blogdoeloiltoncajuhy.com.br\/site\/wp-json\/wp\/v2\/media?parent=91815"}],"wp:term":[{"taxonomy":"category","embeddable":true,"href":"https:\/\/blogdoeloiltoncajuhy.com.br\/site\/wp-json\/wp\/v2\/categories?post=91815"},{"taxonomy":"post_tag","embeddable":true,"href":"https:\/\/blogdoeloiltoncajuhy.com.br\/site\/wp-json\/wp\/v2\/tags?post=91815"}],"curies":[{"name":"wp","href":"https:\/\/api.w.org\/{rel}","templated":true}]}}