{"id":91806,"date":"2025-11-27T08:38:33","date_gmt":"2025-11-27T11:38:33","guid":{"rendered":"https:\/\/blogdoeloiltoncajuhy.com.br\/site\/?p=91806"},"modified":"2025-11-27T08:38:35","modified_gmt":"2025-11-27T11:38:35","slug":"especialistas-alertam-para-expansao-das-faccoes-e-nova-dinamica-do-crime-organizado","status":"publish","type":"post","link":"https:\/\/blogdoeloiltoncajuhy.com.br\/site\/especialistas-alertam-para-expansao-das-faccoes-e-nova-dinamica-do-crime-organizado\/","title":{"rendered":"Especialistas alertam para expans\u00e3o das fac\u00e7\u00f5es e nova din\u00e2mica do crime organizado"},"content":{"rendered":"\n<p class=\"has-medium-font-size\"><strong>Pesquisador falou no Senado sobre a evolu\u00e7\u00e3o do crime organizado no pa\u00eds desde o surgimento do PCC, nos anos 90, at\u00e9 os dias de hoje<\/strong><\/p>\n\n\n\n<p><strong>Blog do Eloilton Cajuhy &#8211; BEC<\/strong><\/p>\n\n\n\n<figure class=\"wp-block-image aligncenter size-full\"><a href=\"https:\/\/i0.wp.com\/blogdoeloiltoncajuhy.com.br\/site\/wp-content\/uploads\/2025\/11\/Senado_CPI-do-Crime-Organizado-Foto-Andressa-Anholete-Agencia-Senado.jpeg?ssl=1\"><img data-recalc-dims=\"1\" fetchpriority=\"high\" decoding=\"async\" width=\"678\" height=\"450\" src=\"https:\/\/i0.wp.com\/blogdoeloiltoncajuhy.com.br\/site\/wp-content\/uploads\/2025\/11\/Senado_CPI-do-Crime-Organizado-Foto-Andressa-Anholete-Agencia-Senado.jpeg?resize=678%2C450&#038;ssl=1\" alt=\"\" class=\"wp-image-91807\" srcset=\"https:\/\/i0.wp.com\/blogdoeloiltoncajuhy.com.br\/site\/wp-content\/uploads\/2025\/11\/Senado_CPI-do-Crime-Organizado-Foto-Andressa-Anholete-Agencia-Senado.jpeg?w=678&amp;ssl=1 678w, https:\/\/i0.wp.com\/blogdoeloiltoncajuhy.com.br\/site\/wp-content\/uploads\/2025\/11\/Senado_CPI-do-Crime-Organizado-Foto-Andressa-Anholete-Agencia-Senado.jpeg?resize=300%2C199&amp;ssl=1 300w\" sizes=\"(max-width: 678px) 100vw, 678px\" \/><\/a><figcaption class=\"wp-element-caption\"><sub>CPI do Crime Organizado no Senado &#8211; Foto: Andressa Anholete\/Ag\u00eancia Senado<\/sub><\/figcaption><\/figure>\n\n\n\n<p>Bruno Paes Manso, jornalista investigativo e pequisador da USP, apresentou uma vis\u00e3o hist\u00f3rica da evolu\u00e7\u00e3o do crime organizado no pa\u00eds, desde a cria\u00e7\u00e3o de modelos pr\u00f3prios de neg\u00f3cio pelo tr\u00e1fico de drogas, nos anos 90, no Rio e em S\u00e3o Paulo; passando pelo surgimento do PCC, o Primeiro Comando da Capital, em 1992, primeira das grandes fac\u00e7\u00f5es criminosas; e chegando at\u00e9 o momento atual, com diversas fac\u00e7\u00f5es atuando no territ\u00f3rio nacional.<\/p>\n\n\n\n<blockquote class=\"wp-block-quote is-layout-flow wp-block-quote-is-layout-flow\">\n<p><strong><mark style=\"background-color:rgba(0, 0, 0, 0)\" class=\"has-inline-color has-black-color\">&#8220;Em meados de 2005-2006, havia quatro fac\u00e7\u00f5es no Brasil: Era Comando Vermelho; Terceiro Comando Puro; Amigos dos Amigos; e o PCC, em S\u00e3o Paulo. Hoje, s\u00e3o 90&#8221;.<\/mark><\/strong><\/p>\n<\/blockquote>\n\n\n\n<p>Segundo Bruno, a implanta\u00e7\u00e3o dos pres\u00eddios federais, nos anos 2000, para punir os l\u00edderes das fac\u00e7\u00f5es, interrompendo as cadeias de comando nos pres\u00eddios, acabou por favorecer novos modelos de associa\u00e7\u00e3o.<\/p>\n\n\n\n<p>&#8220;Voc\u00ea come\u00e7a a colocar os presos de diferentes estados conversando entre si; e come\u00e7a a ter um tipo de conversa a partir de um modelo de neg\u00f3cio bem sucedido, que era o modelo das gangues prisionais do PCC, que come\u00e7am a se espraiar por outros estados do Brasil&#8221;.<\/p>\n\n\n\n<p>O pesquisador explicou que as fac\u00e7\u00f5es est\u00e3o hoje profundamente capilarizadas e que fazem uso intensivo de novas tecnologias, como criptomoedas, comunica\u00e7\u00e3o via sat\u00e9lite Starlink e fintechs; um cen\u00e1rio bem diferente dos anos 90, segundo ele.<\/p>\n\n\n\n<p>&#8220;Hoje \u00e9 uma cena de uma ind\u00fastria nacionalizada, que tem acesso ao mercado internacional, que coloca novos desafios para as institui\u00e7\u00f5es&#8221;.<\/p>\n\n\n\n<p>Renato S\u00e9rgio de Lima, do F\u00f3rum Brasileiro de Seguran\u00e7a P\u00fablica, apontou uma invers\u00e3o de tend\u00eancias na criminalidade, com redu\u00e7\u00e3o de 25% nas mortes violentas intencionais entre 2012 e 2024; e crescimento dos crimes da esfera privada, que incluem viol\u00eancia sexual, contra a mulher e contra crian\u00e7as e adolescentes; e tamb\u00e9m dos crimes pela internet, sobretudo o estelionato pelo celular.<\/p>\n\n\n\n<p>&#8220;Caiu os crimes de rua, mas um ter\u00e7o da popula\u00e7\u00e3o sofreu algum tipo de golpe com preju\u00edzo financeiro; e sofreu um crime patrimonial tradicional s\u00f3 22%. Ent\u00e3o, aqui tem uma mudan\u00e7a de lente e enfoque que tem muito a ver com a din\u00e2mica do crime organizado a partir do celular&#8221;.<\/p>\n\n\n\n<p>O relator, senador Alessandro Vieira, do MDB de Sergipe, destacou o v\u00ednculo estreito das fac\u00e7\u00f5es e mil\u00edcias com o contrabando e o jogo do bicho; e o senador Fabiano Contarato, do PT do Esp\u00edrito Santo, presidente do colegiado, disse que a complexidade do crime organizado exige que a CPI jogue luz tamb\u00e9m ao que ele chamou de &#8220;andar de cima&#8221;.<\/p>\n\n\n\n<p>&#8220;Se voc\u00ea fizer uma retrospectiva, por exemplo, no Rio de Janeiro, cinco ex-governadores foram presos; envolvimento de membros do Tribunal de Contas do Estado, Poder Judici\u00e1rio, Minist\u00e9rio P\u00fablico, pol\u00edcias; isso \u00e9 um problema muito s\u00e9rio&#8221;.<\/p>\n","protected":false},"excerpt":{"rendered":"<p>Pesquisador falou no Senado sobre a evolu\u00e7\u00e3o do crime organizado no pa\u00eds desde o surgimento do PCC, nos anos 90, at\u00e9 os dias de hoje Blog do Eloilton Cajuhy &#8211; BEC Bruno Paes Manso, jornalista investigativo e pequisador da USP, apresentou uma vis\u00e3o hist\u00f3rica da evolu\u00e7\u00e3o do crime organizado no pa\u00eds, desde a cria\u00e7\u00e3o de [&hellip;]<\/p>\n","protected":false},"author":2,"featured_media":91807,"comment_status":"open","ping_status":"open","sticky":false,"template":"","format":"standard","meta":{"_acf_changed":false,"_monsterinsights_skip_tracking":false,"_monsterinsights_sitenote_active":false,"_monsterinsights_sitenote_note":"","_monsterinsights_sitenote_category":0,"_jetpack_memberships_contains_paid_content":false,"footnotes":"","jetpack_publicize_message":"","jetpack_publicize_feature_enabled":true,"jetpack_social_post_already_shared":false,"jetpack_social_options":{"image_generator_settings":{"template":"highway","default_image_id":0,"font":"","enabled":false},"version":2}},"categories":[3],"tags":[],"class_list":["post-91806","post","type-post","status-publish","format-standard","has-post-thumbnail","hentry","category-politica"],"acf":[],"jetpack_publicize_connections":[],"jetpack_featured_media_url":"https:\/\/i0.wp.com\/blogdoeloiltoncajuhy.com.br\/site\/wp-content\/uploads\/2025\/11\/Senado_CPI-do-Crime-Organizado-Foto-Andressa-Anholete-Agencia-Senado.jpeg?fit=678%2C450&ssl=1","jetpack_sharing_enabled":true,"publishpress_future_workflow_manual_trigger":{"enabledWorkflows":[]},"_links":{"self":[{"href":"https:\/\/blogdoeloiltoncajuhy.com.br\/site\/wp-json\/wp\/v2\/posts\/91806","targetHints":{"allow":["GET"]}}],"collection":[{"href":"https:\/\/blogdoeloiltoncajuhy.com.br\/site\/wp-json\/wp\/v2\/posts"}],"about":[{"href":"https:\/\/blogdoeloiltoncajuhy.com.br\/site\/wp-json\/wp\/v2\/types\/post"}],"author":[{"embeddable":true,"href":"https:\/\/blogdoeloiltoncajuhy.com.br\/site\/wp-json\/wp\/v2\/users\/2"}],"replies":[{"embeddable":true,"href":"https:\/\/blogdoeloiltoncajuhy.com.br\/site\/wp-json\/wp\/v2\/comments?post=91806"}],"version-history":[{"count":1,"href":"https:\/\/blogdoeloiltoncajuhy.com.br\/site\/wp-json\/wp\/v2\/posts\/91806\/revisions"}],"predecessor-version":[{"id":91808,"href":"https:\/\/blogdoeloiltoncajuhy.com.br\/site\/wp-json\/wp\/v2\/posts\/91806\/revisions\/91808"}],"wp:featuredmedia":[{"embeddable":true,"href":"https:\/\/blogdoeloiltoncajuhy.com.br\/site\/wp-json\/wp\/v2\/media\/91807"}],"wp:attachment":[{"href":"https:\/\/blogdoeloiltoncajuhy.com.br\/site\/wp-json\/wp\/v2\/media?parent=91806"}],"wp:term":[{"taxonomy":"category","embeddable":true,"href":"https:\/\/blogdoeloiltoncajuhy.com.br\/site\/wp-json\/wp\/v2\/categories?post=91806"},{"taxonomy":"post_tag","embeddable":true,"href":"https:\/\/blogdoeloiltoncajuhy.com.br\/site\/wp-json\/wp\/v2\/tags?post=91806"}],"curies":[{"name":"wp","href":"https:\/\/api.w.org\/{rel}","templated":true}]}}