{"id":91797,"date":"2025-11-27T00:10:00","date_gmt":"2025-11-27T03:10:00","guid":{"rendered":"https:\/\/blogdoeloiltoncajuhy.com.br\/site\/?p=91797"},"modified":"2025-11-26T19:14:17","modified_gmt":"2025-11-26T22:14:17","slug":"cansaco-de-fim-de-ano-quando-o-corpo-e-a-mente-pedem-pausa-antes-do-calendario","status":"publish","type":"post","link":"https:\/\/blogdoeloiltoncajuhy.com.br\/site\/cansaco-de-fim-de-ano-quando-o-corpo-e-a-mente-pedem-pausa-antes-do-calendario\/","title":{"rendered":"Cansa\u00e7o de fim de ano: quando o corpo e a mente pedem pausa antes do calend\u00e1rio"},"content":{"rendered":"\n<p class=\"has-medium-font-size\"><strong>Psic\u00f3loga explica por que o fim do ano costuma trazer mais cansa\u00e7o emocional e como aliviar o peso antes das f\u00e9rias<\/strong><\/p>\n\n\n\n<p><strong>Blog do Eloilton Cajuhy &#8211; BEC<\/strong><\/p>\n\n\n\n<figure class=\"wp-block-image aligncenter size-full\"><a href=\"https:\/\/i0.wp.com\/blogdoeloiltoncajuhy.com.br\/site\/wp-content\/uploads\/2025\/11\/Cansaco-Mental-fim-de-ano-Foto-Igor-Vetushko.jpg?ssl=1\"><img data-recalc-dims=\"1\" fetchpriority=\"high\" decoding=\"async\" width=\"768\" height=\"513\" src=\"https:\/\/i0.wp.com\/blogdoeloiltoncajuhy.com.br\/site\/wp-content\/uploads\/2025\/11\/Cansaco-Mental-fim-de-ano-Foto-Igor-Vetushko.jpg?resize=768%2C513&#038;ssl=1\" alt=\"\" class=\"wp-image-91798\" srcset=\"https:\/\/i0.wp.com\/blogdoeloiltoncajuhy.com.br\/site\/wp-content\/uploads\/2025\/11\/Cansaco-Mental-fim-de-ano-Foto-Igor-Vetushko.jpg?w=768&amp;ssl=1 768w, https:\/\/i0.wp.com\/blogdoeloiltoncajuhy.com.br\/site\/wp-content\/uploads\/2025\/11\/Cansaco-Mental-fim-de-ano-Foto-Igor-Vetushko.jpg?resize=300%2C200&amp;ssl=1 300w\" sizes=\"(max-width: 768px) 100vw, 768px\" \/><\/a><figcaption class=\"wp-element-caption\"><sub>Foto: Igor Vetushko<\/sub><\/figcaption><\/figure>\n\n\n\n<p>\u00c0 medida que o ano se aproxima do fim, \u00e9 comum sentir que o peso dos meses anteriores se acumula \u2013 e n\u00e3o \u00e9 s\u00f3 impress\u00e3o. Entre metas para encerrar, demandas profissionais, compromissos sociais e expectativas familiares, o per\u00edodo se transforma em um verdadeiro teste de resist\u00eancia emocional. A psic\u00f3loga Mayrla Pinheiro, da Hapvida, explica por que essa sensa\u00e7\u00e3o \u00e9 t\u00e3o frequente e como reconhecer o momento de desacelerar antes que o cansa\u00e7o vire esgotamento.<\/p>\n\n\n\n<blockquote class=\"wp-block-quote is-layout-flow wp-block-quote-is-layout-flow\">\n<p><strong><mark style=\"background-color:rgba(0, 0, 0, 0)\" class=\"has-inline-color has-black-color\">\u201cO fim de ano acumula a press\u00e3o de fechar ciclos (trabalho e metas anuais) com a alta demanda social e familiar (festas, presentes e eventos), gerando uma sobrecarga de tarefas e expectativas\u201d, explica a especialista.<\/mark><\/strong><\/p>\n<\/blockquote>\n\n\n\n<p>Esse ac\u00famulo de exig\u00eancias tem at\u00e9 nome informal: a <em>\u201cs\u00edndrome de novembro\u201d<\/em>, um termo que, embora n\u00e3o seja um diagn\u00f3stico cl\u00ednico, descreve perfeitamente o que muitas pessoas sentem nessa \u00e9poca. \u201c\u00c9 a soma da exaust\u00e3o acumulada ao longo do ano com a press\u00e3o final para dar conta de tudo antes da pausa\u201d, destaca Mayrla.<\/p>\n\n\n\n<p>Enquanto o cansa\u00e7o f\u00edsico costuma passar ap\u00f3s uma boa noite de sono, a fadiga emocional d\u00e1 sinais mais profundos: irritabilidade constante, dificuldade de concentra\u00e7\u00e3o, perda de interesse em atividades prazerosas e uma sensa\u00e7\u00e3o persistente de estar \u201cno limite\u201d, mesmo depois de descansar.<\/p>\n\n\n\n<blockquote class=\"wp-block-quote is-layout-flow wp-block-quote-is-layout-flow\">\n<p><strong><mark style=\"background-color:rgba(0, 0, 0, 0)\" class=\"has-inline-color has-black-color\">\u201cQuando isso acontece, \u00e9 o corpo pedindo uma pausa real. Ignorar esses sinais pode levar a um esgotamento, enfraquecer o sistema imunol\u00f3gico e comprometer at\u00e9 os momentos que deveriam ser de alegria e celebra\u00e7\u00e3o\u201d, alerta a psic\u00f3loga.<\/mark><\/strong><\/p>\n<\/blockquote>\n\n\n\n<p>Segundo Mayrla, pequenas atitudes podem fazer uma grande diferen\u00e7a no dia a dia. \u201cPriorize tarefas essenciais, delegue o que puder \u2013 em casa e no trabalho \u2013 e reserve pequenos blocos de tempo, de 15 minutos, apenas para respirar ou fazer algo que lhe d\u00ea prazer\u201d, orienta.<\/p>\n\n\n\n<p>Outra ferramenta importante \u00e9 a aten\u00e7\u00e3o plena. \u201cFocar em uma atividade de cada vez, mesmo as mais simples, como tomar um caf\u00e9 ou lavar a lou\u00e7a, ajuda a ancorar a mente no presente e reduzir a ansiedade\u201d.<\/p>\n\n\n\n<p><strong><a href=\"https:\/\/whatsapp.com\/channel\/0029VaAT7tDLI8Yfj5y9Z50Z\" target=\"_blank\" rel=\"noreferrer noopener\"><mark style=\"background-color:rgba(0, 0, 0, 0)\" class=\"has-inline-color has-luminous-vivid-orange-color\">>> Clique aqui e entre no canal do BEC no WhatsApp<\/mark><\/a><\/strong><\/p>\n\n\n\n<p>O sono e a alimenta\u00e7\u00e3o tamb\u00e9m t\u00eam papel direto no equil\u00edbrio emocional. \u201cUm sono de qualidade regula o humor e a mem\u00f3ria. J\u00e1 uma alimenta\u00e7\u00e3o equilibrada, mesmo que simples, fornece energia est\u00e1vel para o c\u00e9rebro lidar com o estresse sem oscila\u00e7\u00f5es de irrita\u00e7\u00e3o ou fadiga\u201d, explica.<\/p>\n\n\n\n<p>Para a psic\u00f3loga, o descanso verdadeiro exige inten\u00e7\u00e3o. \u201cUm descanso restaurador \u00e9 aquele em que voc\u00ea se desconecta das obriga\u00e7\u00f5es e dos est\u00edmulos que geram estresse. \u00c9 poss\u00edvel \u2013 e necess\u00e1rio \u2013 aprender a descansar\u201d.<\/p>\n\n\n\n<p>E se desligar do trabalho durante as f\u00e9rias \u00e9 um desafio para muitos. Ela recomenda estabelecer limites antes da pausa. \u201cDefina hor\u00e1rios espec\u00edficos para checar e-mails \u2013 por exemplo, 15 minutos no primeiro dia \u2013 e, fora desse tempo, guarde o celular em outro c\u00f4modo. O descanso precisa ser um compromisso ativo\u201d.<\/p>\n\n\n\n<p>No fim das contas, mais do que fechar ciclos, o per\u00edodo \u00e9 um convite para olhar para si com gentileza. \u201cLembre-se de que voc\u00ea \u00e9 mais do que sua produtividade. Seu valor n\u00e3o est\u00e1 no quanto voc\u00ea faz, mas em quem voc\u00ea \u00e9. Permita-se ser gentil consigo mesmo agora; voc\u00ea merece esse cuidado antes mesmo das f\u00e9rias chegarem\u201d, conclui Mayrla.<\/p>\n","protected":false},"excerpt":{"rendered":"<p>Psic\u00f3loga explica por que o fim do ano costuma trazer mais cansa\u00e7o emocional e como aliviar o peso antes das f\u00e9rias Blog do Eloilton Cajuhy &#8211; BEC \u00c0 medida que o ano se aproxima do fim, \u00e9 comum sentir que o peso dos meses anteriores se acumula \u2013 e n\u00e3o \u00e9 s\u00f3 impress\u00e3o. Entre metas [&hellip;]<\/p>\n","protected":false},"author":2,"featured_media":91798,"comment_status":"open","ping_status":"open","sticky":false,"template":"","format":"standard","meta":{"_acf_changed":false,"_monsterinsights_skip_tracking":false,"_monsterinsights_sitenote_active":false,"_monsterinsights_sitenote_note":"","_monsterinsights_sitenote_category":0,"_jetpack_memberships_contains_paid_content":false,"footnotes":"","jetpack_publicize_message":"","jetpack_publicize_feature_enabled":true,"jetpack_social_post_already_shared":true,"jetpack_social_options":{"image_generator_settings":{"template":"highway","default_image_id":0,"font":"","enabled":false},"version":2}},"categories":[7],"tags":[],"class_list":["post-91797","post","type-post","status-publish","format-standard","has-post-thumbnail","hentry","category-saude"],"acf":[],"jetpack_publicize_connections":[],"jetpack_featured_media_url":"https:\/\/i0.wp.com\/blogdoeloiltoncajuhy.com.br\/site\/wp-content\/uploads\/2025\/11\/Cansaco-Mental-fim-de-ano-Foto-Igor-Vetushko.jpg?fit=768%2C513&ssl=1","jetpack_sharing_enabled":true,"publishpress_future_workflow_manual_trigger":{"enabledWorkflows":[]},"_links":{"self":[{"href":"https:\/\/blogdoeloiltoncajuhy.com.br\/site\/wp-json\/wp\/v2\/posts\/91797","targetHints":{"allow":["GET"]}}],"collection":[{"href":"https:\/\/blogdoeloiltoncajuhy.com.br\/site\/wp-json\/wp\/v2\/posts"}],"about":[{"href":"https:\/\/blogdoeloiltoncajuhy.com.br\/site\/wp-json\/wp\/v2\/types\/post"}],"author":[{"embeddable":true,"href":"https:\/\/blogdoeloiltoncajuhy.com.br\/site\/wp-json\/wp\/v2\/users\/2"}],"replies":[{"embeddable":true,"href":"https:\/\/blogdoeloiltoncajuhy.com.br\/site\/wp-json\/wp\/v2\/comments?post=91797"}],"version-history":[{"count":1,"href":"https:\/\/blogdoeloiltoncajuhy.com.br\/site\/wp-json\/wp\/v2\/posts\/91797\/revisions"}],"predecessor-version":[{"id":91799,"href":"https:\/\/blogdoeloiltoncajuhy.com.br\/site\/wp-json\/wp\/v2\/posts\/91797\/revisions\/91799"}],"wp:featuredmedia":[{"embeddable":true,"href":"https:\/\/blogdoeloiltoncajuhy.com.br\/site\/wp-json\/wp\/v2\/media\/91798"}],"wp:attachment":[{"href":"https:\/\/blogdoeloiltoncajuhy.com.br\/site\/wp-json\/wp\/v2\/media?parent=91797"}],"wp:term":[{"taxonomy":"category","embeddable":true,"href":"https:\/\/blogdoeloiltoncajuhy.com.br\/site\/wp-json\/wp\/v2\/categories?post=91797"},{"taxonomy":"post_tag","embeddable":true,"href":"https:\/\/blogdoeloiltoncajuhy.com.br\/site\/wp-json\/wp\/v2\/tags?post=91797"}],"curies":[{"name":"wp","href":"https:\/\/api.w.org\/{rel}","templated":true}]}}