{"id":91707,"date":"2025-11-23T22:49:56","date_gmt":"2025-11-24T01:49:56","guid":{"rendered":"https:\/\/blogdoeloiltoncajuhy.com.br\/site\/?p=91707"},"modified":"2025-11-23T22:49:57","modified_gmt":"2025-11-24T01:49:57","slug":"direita-nao-precisa-mais-de-bolsonaro","status":"publish","type":"post","link":"https:\/\/blogdoeloiltoncajuhy.com.br\/site\/direita-nao-precisa-mais-de-bolsonaro\/","title":{"rendered":"Direita n\u00e3o precisa mais de Bolsonaro"},"content":{"rendered":"\n<p class=\"has-medium-font-size\"><strong>P\u00e1 de cal foi jogada pelo pr\u00f3prio Jair, que derreteu sua tornozeleira e seu capital pol\u00edtico<\/strong><\/p>\n\n\n\n<p><strong>*Por Camila Rocha\/Folha de S.Paulo<\/strong><\/p>\n\n\n\n<p>Jair Bolsonaro derreteu sua tornozeleira e seu capital pol\u00edtico. Se antes era a direita que precisava do bolsonarismo, agora o cen\u00e1rio mudou.<\/p>\n\n\n\n<p>H\u00e1 meses o bolsonarismo estava em crise. O n\u00famero de apoiadores em protestos de rua declinou, assim como seu impacto nas redes sociais. Para piorar, o fim do tarifa\u00e7o para produtos agr\u00edcolas enterrou de vez a estrat\u00e9gia de Eduardo Bolsonaro para salvar o pai.<\/p>\n\n\n\n<p>O fracasso retumbante de Eduardo fez com que passasse o bast\u00e3o para o irm\u00e3o mais velho, Fl\u00e1vio Bolsonaro. Por\u00e9m, ap\u00f3s o fiasco de uma caminhada promovida em outubro, na qual compareceram 2.000 pessoas, Fl\u00e1vio tentou reacender o \u00e2nimo dos apoiadores, mas apenas acelerou o enterro pol\u00edtico de sua fam\u00edlia.<\/p>\n\n\n\n<figure class=\"wp-block-image aligncenter size-full\"><a href=\"https:\/\/i0.wp.com\/blogdoeloiltoncajuhy.com.br\/site\/wp-content\/uploads\/2025\/11\/Ex-presidente-Jair-Bolsonaro-PL-Foto-Sergio-Lima.png\"><img data-recalc-dims=\"1\" fetchpriority=\"high\" decoding=\"async\" width=\"768\" height=\"512\" src=\"https:\/\/i0.wp.com\/blogdoeloiltoncajuhy.com.br\/site\/wp-content\/uploads\/2025\/11\/Ex-presidente-Jair-Bolsonaro-PL-Foto-Sergio-Lima.png?resize=768%2C512\" alt=\"\" class=\"wp-image-91688\" srcset=\"https:\/\/i0.wp.com\/blogdoeloiltoncajuhy.com.br\/site\/wp-content\/uploads\/2025\/11\/Ex-presidente-Jair-Bolsonaro-PL-Foto-Sergio-Lima.png?w=768&amp;ssl=1 768w, https:\/\/i0.wp.com\/blogdoeloiltoncajuhy.com.br\/site\/wp-content\/uploads\/2025\/11\/Ex-presidente-Jair-Bolsonaro-PL-Foto-Sergio-Lima.png?resize=300%2C200&amp;ssl=1 300w\" sizes=\"(max-width: 768px) 100vw, 768px\" \/><\/a><figcaption class=\"wp-element-caption\"><sub>Ex-presidente Jair Bolsonaro (PL) &#8211; Foto: Sergio Lima<\/sub><\/figcaption><\/figure>\n\n\n\n<p>A p\u00e1 de cal foi jogada pelo pr\u00f3prio Jair. O v\u00eddeo que mostra o ex-presidente admitindo ter usado um ferro de solda para danificar sua tornozeleira eletr\u00f4nica foi recebido com incredulidade por v\u00e1rios apoiadores que se manifestaram no YouTube.<\/p>\n\n\n\n<p><strong><a href=\"https:\/\/whatsapp.com\/channel\/0029VaAT7tDLI8Yfj5y9Z50Z\" target=\"_blank\" rel=\"noreferrer noopener\"><mark style=\"background-color:rgba(0, 0, 0, 0)\" class=\"has-inline-color has-luminous-vivid-orange-color\">>> Clique aqui e entre no canal do BEC no WhatsApp<\/mark><\/a><\/strong><\/p>\n\n\n\n<p>A dificuldade em confrontar a realidade humilhante foi tamanha que houve quem afirmasse que o v\u00eddeo teria sido produzido por intelig\u00eancia artificial. Outros apontaram que o v\u00eddeo seria falso porque o rosto de Jair n\u00e3o aparece, apenas sua voz. E, finalmente, houve quem preferisse, assim como a ex-primeira-dama, se resignar e apelar a Deus.<\/p>\n\n\n\n<p>Bolsonaro n\u00e3o conseguiu se livrar da tornozeleira, mas o epis\u00f3dio certamente livrou a direita da depend\u00eancia em rela\u00e7\u00e3o ao ex-presidente e sua fam\u00edlia.<\/p>\n\n\n\n<figure class=\"wp-block-embed aligncenter is-type-video is-provider-youtube wp-block-embed-youtube wp-embed-aspect-16-9 wp-has-aspect-ratio\"><div class=\"wp-block-embed__wrapper\">\n<iframe title=\"V\u00eddeo mostra avarias na tornozeleira eletr\u00f4nica que era usada pelo ex-presidente Bolsonaro\" width=\"800\" height=\"450\" src=\"https:\/\/www.youtube.com\/embed\/x2ULCWt6uv0?feature=oembed\" frameborder=\"0\" allow=\"accelerometer; autoplay; clipboard-write; encrypted-media; gyroscope; picture-in-picture; web-share\" referrerpolicy=\"strict-origin-when-cross-origin\" allowfullscreen><\/iframe>\n<\/div><\/figure>\n\n\n\n<p>Uma pesquisa da Quaest divulgada no dia 15 de novembro j\u00e1 indicava que a direita n\u00e3o-bolsonarista (22%) re\u00fane quase o dobro dos eleitores bolsonaristas (13%). Al\u00e9m disso, 31% dos eleitores, chamados de independentes por n\u00e3o se alinharem nem \u00e0 esquerda nem \u00e0 direita, rejeitam intensamente candidatos da fam\u00edlia Bolsonaro: 70% n\u00e3o votariam em Michelle, 73% n\u00e3o votariam em Jair e 80% n\u00e3o votariam em Eduardo.<\/p>\n\n\n\n<p>Segundo Felipe Nunes, diretor da Quaest, este segmento ser\u00e1 decisivo para as elei\u00e7\u00f5es presidenciais de 2026. Considerando o n\u00edvel de perplexidade e nega\u00e7\u00e3o frente \u00e0 tornozeleira queimada entre os pr\u00f3prios apoiadores de Jair, \u00e9 de se imaginar o impacto negativo do epis\u00f3dio entre a direita n\u00e3o-bolsonarista e os eleitores independentes.<\/p>\n\n\n\n<p>No entanto, ainda que tenham se livrado de Bolsonaro, candidaturas alternativas de direita ainda t\u00eam um longo caminho a percorrer. E, no caminho, h\u00e1 uma grande pedra chamada Pol\u00edcia Federal.<\/p>\n\n\n\n<p>A pedido de Tarc\u00edsio de Freitas, seu secret\u00e1rio de (in)seguran\u00e7a p\u00fablica, Guilherme Derrite, voltou ao Congresso com o objetivo de diminuir o poder de investiga\u00e7\u00e3o da Pol\u00edcia Federal. Por &#8220;coincid\u00eancia&#8221;, isso ocorreu ao mesmo tempo em que a PF come\u00e7ou a investigar poss\u00edveis liga\u00e7\u00f5es entre Daniel Vorcaro, dono do Banco Master, o PCC, e os chefes da Uni\u00e3o Progressista (UP), federa\u00e7\u00e3o partid\u00e1ria mais poderosa do Congresso: Ciro Nogueira (PP) e Ant\u00f4nio Rueda (Uni\u00e3o Brasil).<\/p>\n\n\n\n<p>Hoje o apoio da federa\u00e7\u00e3o, que conta com pol\u00edticos como o atual presidente do Senado, Davi Alcolumbre (Uni\u00e3o Brasil), e o ex-presidente da C\u00e2mara Arthur Lira (PP), ainda vem sendo disputado pela direita. No entanto, caso as investiga\u00e7\u00f5es da PF resultem em avan\u00e7os importantes, a UP pode se tornar um ativo t\u00e3o t\u00f3xico como os do Banco Master.<\/p>\n\n\n\n<p><strong>*Camila Rocha<\/strong><br><em>Doutora em ci\u00eancia pol\u00edtica pela USP e pesquisadora do Centro Brasileiro de An\u00e1lise e Planejamento<\/em><\/p>\n","protected":false},"excerpt":{"rendered":"<p>P\u00e1 de cal foi jogada pelo pr\u00f3prio Jair, que derreteu sua tornozeleira e seu capital pol\u00edtico *Por Camila Rocha\/Folha de S.Paulo Jair Bolsonaro derreteu sua tornozeleira e seu capital pol\u00edtico. Se antes era a direita que precisava do bolsonarismo, agora o cen\u00e1rio mudou. H\u00e1 meses o bolsonarismo estava em crise. O n\u00famero de apoiadores em [&hellip;]<\/p>\n","protected":false},"author":2,"featured_media":83610,"comment_status":"open","ping_status":"open","sticky":false,"template":"","format":"standard","meta":{"_acf_changed":false,"_monsterinsights_skip_tracking":false,"_monsterinsights_sitenote_active":false,"_monsterinsights_sitenote_note":"","_monsterinsights_sitenote_category":0,"_jetpack_memberships_contains_paid_content":false,"footnotes":"","jetpack_publicize_message":"","jetpack_publicize_feature_enabled":true,"jetpack_social_post_already_shared":true,"jetpack_social_options":{"image_generator_settings":{"template":"highway","default_image_id":0,"font":"","enabled":false},"version":2}},"categories":[2],"tags":[],"class_list":["post-91707","post","type-post","status-publish","format-standard","has-post-thumbnail","hentry","category-opiniao"],"acf":[],"jetpack_publicize_connections":[],"jetpack_featured_media_url":"https:\/\/i0.wp.com\/blogdoeloiltoncajuhy.com.br\/site\/wp-content\/uploads\/2024\/10\/Ex-presidente-Jair-Bolsonaro-%E2%80%94-Foto-Amanda-Perobelli-Reuters.jpeg?fit=760%2C514&ssl=1","jetpack_sharing_enabled":true,"publishpress_future_workflow_manual_trigger":{"enabledWorkflows":[]},"_links":{"self":[{"href":"https:\/\/blogdoeloiltoncajuhy.com.br\/site\/wp-json\/wp\/v2\/posts\/91707","targetHints":{"allow":["GET"]}}],"collection":[{"href":"https:\/\/blogdoeloiltoncajuhy.com.br\/site\/wp-json\/wp\/v2\/posts"}],"about":[{"href":"https:\/\/blogdoeloiltoncajuhy.com.br\/site\/wp-json\/wp\/v2\/types\/post"}],"author":[{"embeddable":true,"href":"https:\/\/blogdoeloiltoncajuhy.com.br\/site\/wp-json\/wp\/v2\/users\/2"}],"replies":[{"embeddable":true,"href":"https:\/\/blogdoeloiltoncajuhy.com.br\/site\/wp-json\/wp\/v2\/comments?post=91707"}],"version-history":[{"count":1,"href":"https:\/\/blogdoeloiltoncajuhy.com.br\/site\/wp-json\/wp\/v2\/posts\/91707\/revisions"}],"predecessor-version":[{"id":91708,"href":"https:\/\/blogdoeloiltoncajuhy.com.br\/site\/wp-json\/wp\/v2\/posts\/91707\/revisions\/91708"}],"wp:featuredmedia":[{"embeddable":true,"href":"https:\/\/blogdoeloiltoncajuhy.com.br\/site\/wp-json\/wp\/v2\/media\/83610"}],"wp:attachment":[{"href":"https:\/\/blogdoeloiltoncajuhy.com.br\/site\/wp-json\/wp\/v2\/media?parent=91707"}],"wp:term":[{"taxonomy":"category","embeddable":true,"href":"https:\/\/blogdoeloiltoncajuhy.com.br\/site\/wp-json\/wp\/v2\/categories?post=91707"},{"taxonomy":"post_tag","embeddable":true,"href":"https:\/\/blogdoeloiltoncajuhy.com.br\/site\/wp-json\/wp\/v2\/tags?post=91707"}],"curies":[{"name":"wp","href":"https:\/\/api.w.org\/{rel}","templated":true}]}}