{"id":91648,"date":"2025-11-20T07:52:20","date_gmt":"2025-11-20T10:52:20","guid":{"rendered":"https:\/\/blogdoeloiltoncajuhy.com.br\/site\/?p=91648"},"modified":"2025-11-20T07:52:21","modified_gmt":"2025-11-20T10:52:21","slug":"dia-nacional-da-consciencia-negra-memoria-contribuicao-e-continuidade-da-luta","status":"publish","type":"post","link":"https:\/\/blogdoeloiltoncajuhy.com.br\/site\/dia-nacional-da-consciencia-negra-memoria-contribuicao-e-continuidade-da-luta\/","title":{"rendered":"Dia Nacional da Consci\u00eancia Negra: mem\u00f3ria, contribui\u00e7\u00e3o e continuidade da luta"},"content":{"rendered":"\n<p class=\"has-medium-font-size\"><strong>Consci\u00eancia, cultura e compromisso com um futuro sem racismo<\/strong><\/p>\n\n\n\n<p><strong>Por Blog do Eloilton Cajuhy &#8211; BEC<\/strong><\/p>\n\n\n\n<p><strong><a href=\"https:\/\/whatsapp.com\/channel\/0029VaAT7tDLI8Yfj5y9Z50Z\" target=\"_blank\" rel=\"noreferrer noopener\"><mark style=\"background-color:rgba(0, 0, 0, 0)\" class=\"has-inline-color has-luminous-vivid-orange-color\">>> Clique aqui e entre no canal do BEC no WhatsApp<\/mark><\/a><\/strong><\/p>\n\n\n\n<figure class=\"wp-block-image aligncenter size-full\"><a href=\"https:\/\/i0.wp.com\/blogdoeloiltoncajuhy.com.br\/site\/wp-content\/uploads\/2025\/11\/ChatGPT-Image-20-de-nov.-de-2025-Dia-Nacional-da-Consciencia-Negra.png?ssl=1\"><img data-recalc-dims=\"1\" fetchpriority=\"high\" decoding=\"async\" width=\"768\" height=\"512\" src=\"https:\/\/i0.wp.com\/blogdoeloiltoncajuhy.com.br\/site\/wp-content\/uploads\/2025\/11\/ChatGPT-Image-20-de-nov.-de-2025-Dia-Nacional-da-Consciencia-Negra.png?resize=768%2C512&#038;ssl=1\" alt=\"\" class=\"wp-image-91649\" srcset=\"https:\/\/i0.wp.com\/blogdoeloiltoncajuhy.com.br\/site\/wp-content\/uploads\/2025\/11\/ChatGPT-Image-20-de-nov.-de-2025-Dia-Nacional-da-Consciencia-Negra.png?w=768&amp;ssl=1 768w, https:\/\/i0.wp.com\/blogdoeloiltoncajuhy.com.br\/site\/wp-content\/uploads\/2025\/11\/ChatGPT-Image-20-de-nov.-de-2025-Dia-Nacional-da-Consciencia-Negra.png?resize=300%2C200&amp;ssl=1 300w\" sizes=\"(max-width: 768px) 100vw, 768px\" \/><\/a><\/figure>\n\n\n\n<p>O <strong>Dia Nacional da Consci\u00eancia Negra, celebrado em 20 de novembro<\/strong>, marca o assassinato de Zumbi dos Palmares, l\u00edder do Quilombo dos Palmares e s\u00edmbolo da resist\u00eancia negra no Brasil. A data n\u00e3o \u00e9 apenas uma lembran\u00e7a hist\u00f3rica, mas um convite \u00e0 reflex\u00e3o sobre o passado, o presente e o futuro da popula\u00e7\u00e3o negra em nosso pa\u00eds.<\/p>\n\n\n\n<p class=\"has-black-color has-text-color has-link-color has-medium-font-size wp-elements-946aff79d8169f1aaeab2e0f08488c0c\"><strong>Por que essa data importa?<\/strong><\/p>\n\n\n\n<p>O 20 de novembro surge como contraponto \u00e0 narrativa oficial que, por muito tempo, silenciou a verdadeira dimens\u00e3o da luta negra. Ao escolher Zumbi como refer\u00eancia, o pa\u00eds reconhece que sua hist\u00f3ria n\u00e3o foi constru\u00edda apenas por governantes e colonizadores, mas tamb\u00e9m por aqueles que resistiram contra a escravid\u00e3o, preservaram sua cultura e lutaram pela liberdade.<\/p>\n\n\n\n<p>A data prop\u00f5e uma pausa para analisarmos como as marcas desse per\u00edodo ainda reverberam nas desigualdades sociais, econ\u00f4micas e raciais que vemos hoje.<\/p>\n\n\n\n<p class=\"has-black-color has-text-color has-link-color has-medium-font-size wp-elements-653f8bc137f141a9b9746b39033aeac8\"><strong>A influ\u00eancia negra na forma\u00e7\u00e3o do Brasil<\/strong><\/p>\n\n\n\n<p>\u00c9 imposs\u00edvel contar a hist\u00f3ria do Brasil sem destacar a profunda influ\u00eancia africana. Da culin\u00e1ria \u00e0 m\u00fasica, da religi\u00e3o \u00e0 l\u00edngua, do trabalho \u00e0 arte, a presen\u00e7a negra moldou nossa identidade. O samba, o candombl\u00e9, a capoeira, o feij\u00e3o com dend\u00ea, o Carnaval, as express\u00f5es lingu\u00edsticas, o ritmo, a criatividade, o corpo que dan\u00e7a, a for\u00e7a que constr\u00f3i: tudo isso \u00e9 heran\u00e7a. S\u00e3o contribui\u00e7\u00f5es que n\u00e3o apenas enriqueceram nossa cultura, mas deram ao Brasil sua singularidade diante do mundo.<\/p>\n\n\n\n<p>Al\u00e9m da cultura, a contribui\u00e7\u00e3o negra est\u00e1 no trabalho for\u00e7ado que sustentou a economia colonial por mais de tr\u00eas s\u00e9culos, no talento intelectual, art\u00edstico, cient\u00edfico e esportivo que segue elevando o pa\u00eds. Do ch\u00e3o das senzalas \u00e0s universidades, dos quilombos \u00e0 pol\u00edtica, a popula\u00e7\u00e3o negra segue abrindo caminhos.<\/p>\n\n\n\n<p class=\"has-black-color has-text-color has-link-color has-medium-font-size wp-elements-a27677ea1527fee4116bd4c750322e80\"><strong>Consci\u00eancia Negra \u00e9 tamb\u00e9m consci\u00eancia de desigualdade<\/strong><\/p>\n\n\n\n<p>Celebrar o 20 de novembro n\u00e3o \u00e9 apenas exaltar a cultura afro-brasileira. \u00c9 tamb\u00e9m reconhecer que, apesar de tudo o que j\u00e1 foi conquistado, a popula\u00e7\u00e3o negra ainda enfrenta desafios estruturais:<\/p>\n\n\n\n<ul class=\"wp-block-list\">\n<li>maior vulnerabilidade social<\/li>\n\n\n\n<li>menor acesso a oportunidades<\/li>\n\n\n\n<li>viol\u00eancia policial desproporcional<\/li>\n\n\n\n<li>racismo no mercado de trabalho<\/li>\n\n\n\n<li>estere\u00f3tipos na m\u00eddia e na sociedade<\/li>\n<\/ul>\n\n\n\n<p><\/p>\n\n\n\n<p>Essas dificuldades n\u00e3o s\u00e3o frutos do acaso, mas de um processo hist\u00f3rico que atravessa s\u00e9culos. Por isso, o Dia da Consci\u00eancia Negra tamb\u00e9m \u00e9 um chamado para repensar nossas atitudes, privil\u00e9gios e omiss\u00f5es.<\/p>\n\n\n\n<p class=\"has-black-color has-text-color has-link-color has-medium-font-size wp-elements-5c84e8c481340ab3bc6832b2cb6f2a0a\"><strong>A luta contra o racismo continua<\/strong><\/p>\n\n\n\n<p>O combate ao racismo n\u00e3o se faz apenas em discursos, mas em pr\u00e1ticas. Ele come\u00e7a na escola, na fam\u00edlia, nas empresas, nos ve\u00edculos de comunica\u00e7\u00e3o, no conv\u00edvio di\u00e1rio. \u00c9 reconhecer que representatividade importa, que pol\u00edticas de inclus\u00e3o s\u00e3o necess\u00e1rias, que ouvir vozes negras \u00e9 fundamental. \u00c9 entender que o racismo n\u00e3o \u00e9 um problema exclusivo de quem o sofre, mas de toda a sociedade.<\/p>\n\n\n\n<p class=\"has-black-color has-text-color has-link-color has-medium-font-size wp-elements-3a3306ef4bff5f8160cc7e34088c1f80\"><strong>Refletir, aprender e agir<\/strong><\/p>\n\n\n\n<p>O Dia da Consci\u00eancia Negra \u00e9 um convite para ampliarmos nosso olhar:<br>\u2013 sobre nossa pr\u00f3pria postura;<br>\u2013 sobre como tratamos a hist\u00f3ria;<br>\u2013 sobre como enxergamos o outro;<br>\u2013 sobre o que estamos dispostos a mudar.<\/p>\n\n\n\n<p>Mais do que uma data no calend\u00e1rio, \u00e9 um exerc\u00edcio permanente de responsabilidade. Afinal, honrar Zumbi, Dandara, Luiza Mahin, Tereza de Benguela, Machado de Assis, Abdias do Nascimento e tantos outros \u00e9 tamb\u00e9m construir um Brasil mais justo, mais igualit\u00e1rio e verdadeiramente democr\u00e1tico.<\/p>\n","protected":false},"excerpt":{"rendered":"<p>Consci\u00eancia, cultura e compromisso com um futuro sem racismo Por Blog do Eloilton Cajuhy &#8211; BEC >> Clique aqui e entre no canal do BEC no WhatsApp O Dia Nacional da Consci\u00eancia Negra, celebrado em 20 de novembro, marca o assassinato de Zumbi dos Palmares, l\u00edder do Quilombo dos Palmares e s\u00edmbolo da resist\u00eancia negra [&hellip;]<\/p>\n","protected":false},"author":2,"featured_media":91649,"comment_status":"open","ping_status":"open","sticky":false,"template":"","format":"standard","meta":{"_acf_changed":false,"_monsterinsights_skip_tracking":false,"_monsterinsights_sitenote_active":false,"_monsterinsights_sitenote_note":"","_monsterinsights_sitenote_category":0,"_jetpack_memberships_contains_paid_content":false,"footnotes":"","jetpack_publicize_message":"","jetpack_publicize_feature_enabled":true,"jetpack_social_post_already_shared":true,"jetpack_social_options":{"image_generator_settings":{"template":"highway","default_image_id":0,"font":"","enabled":false},"version":2}},"categories":[2],"tags":[],"class_list":["post-91648","post","type-post","status-publish","format-standard","has-post-thumbnail","hentry","category-opiniao"],"acf":[],"jetpack_publicize_connections":[],"jetpack_featured_media_url":"https:\/\/i0.wp.com\/blogdoeloiltoncajuhy.com.br\/site\/wp-content\/uploads\/2025\/11\/ChatGPT-Image-20-de-nov.-de-2025-Dia-Nacional-da-Consciencia-Negra.png?fit=768%2C512&ssl=1","jetpack_sharing_enabled":true,"publishpress_future_workflow_manual_trigger":{"enabledWorkflows":[]},"_links":{"self":[{"href":"https:\/\/blogdoeloiltoncajuhy.com.br\/site\/wp-json\/wp\/v2\/posts\/91648","targetHints":{"allow":["GET"]}}],"collection":[{"href":"https:\/\/blogdoeloiltoncajuhy.com.br\/site\/wp-json\/wp\/v2\/posts"}],"about":[{"href":"https:\/\/blogdoeloiltoncajuhy.com.br\/site\/wp-json\/wp\/v2\/types\/post"}],"author":[{"embeddable":true,"href":"https:\/\/blogdoeloiltoncajuhy.com.br\/site\/wp-json\/wp\/v2\/users\/2"}],"replies":[{"embeddable":true,"href":"https:\/\/blogdoeloiltoncajuhy.com.br\/site\/wp-json\/wp\/v2\/comments?post=91648"}],"version-history":[{"count":1,"href":"https:\/\/blogdoeloiltoncajuhy.com.br\/site\/wp-json\/wp\/v2\/posts\/91648\/revisions"}],"predecessor-version":[{"id":91650,"href":"https:\/\/blogdoeloiltoncajuhy.com.br\/site\/wp-json\/wp\/v2\/posts\/91648\/revisions\/91650"}],"wp:featuredmedia":[{"embeddable":true,"href":"https:\/\/blogdoeloiltoncajuhy.com.br\/site\/wp-json\/wp\/v2\/media\/91649"}],"wp:attachment":[{"href":"https:\/\/blogdoeloiltoncajuhy.com.br\/site\/wp-json\/wp\/v2\/media?parent=91648"}],"wp:term":[{"taxonomy":"category","embeddable":true,"href":"https:\/\/blogdoeloiltoncajuhy.com.br\/site\/wp-json\/wp\/v2\/categories?post=91648"},{"taxonomy":"post_tag","embeddable":true,"href":"https:\/\/blogdoeloiltoncajuhy.com.br\/site\/wp-json\/wp\/v2\/tags?post=91648"}],"curies":[{"name":"wp","href":"https:\/\/api.w.org\/{rel}","templated":true}]}}