{"id":91197,"date":"2025-10-29T19:54:33","date_gmt":"2025-10-29T22:54:33","guid":{"rendered":"https:\/\/blogdoeloiltoncajuhy.com.br\/site\/?p=91197"},"modified":"2025-10-29T19:55:47","modified_gmt":"2025-10-29T22:55:47","slug":"governo-do-rj-confirma-121-mortos-em-megaoperacao-moradores-retiram-dezenas-de-corpos-de-mata","status":"publish","type":"post","link":"https:\/\/blogdoeloiltoncajuhy.com.br\/site\/governo-do-rj-confirma-121-mortos-em-megaoperacao-moradores-retiram-dezenas-de-corpos-de-mata\/","title":{"rendered":"Governo do RJ confirma 121 mortos em megaopera\u00e7\u00e3o; moradores retiram dezenas de corpos de mata"},"content":{"rendered":"\n<p class=\"has-medium-font-size\"><strong>No dia seguinte \u00e0 opera\u00e7\u00e3o, moradores afirmam ter encontrado mais de 70 corpos, que foram levados para uma pra\u00e7a na Penha. Secret\u00e1rio da Pol\u00edcia Civil fala em 63 corpos<\/strong><\/p>\n\n\n\n<p><strong>Por Betinho Casas Novas, Eduardo Pierre, Rafael Nascimento, g1 Rio<\/strong><\/p>\n\n\n\n<figure class=\"wp-block-image aligncenter size-full\"><a href=\"https:\/\/i0.wp.com\/blogdoeloiltoncajuhy.com.br\/site\/wp-content\/uploads\/2025\/10\/RJ_Megaoperacao-2.500-policiais-civis-e-militares-%E2%80%94-Foto-Jose-Lucena-TheNewsS2-Estadao-Conteudo.jpg\"><img data-recalc-dims=\"1\" fetchpriority=\"high\" decoding=\"async\" width=\"800\" height=\"533\" src=\"https:\/\/i0.wp.com\/blogdoeloiltoncajuhy.com.br\/site\/wp-content\/uploads\/2025\/10\/RJ_Megaoperacao-2.500-policiais-civis-e-militares-%E2%80%94-Foto-Jose-Lucena-TheNewsS2-Estadao-Conteudo.jpg?resize=800%2C533\" alt=\"\" class=\"wp-image-91165\" srcset=\"https:\/\/i0.wp.com\/blogdoeloiltoncajuhy.com.br\/site\/wp-content\/uploads\/2025\/10\/RJ_Megaoperacao-2.500-policiais-civis-e-militares-%E2%80%94-Foto-Jose-Lucena-TheNewsS2-Estadao-Conteudo.jpg?w=984&amp;ssl=1 984w, https:\/\/i0.wp.com\/blogdoeloiltoncajuhy.com.br\/site\/wp-content\/uploads\/2025\/10\/RJ_Megaoperacao-2.500-policiais-civis-e-militares-%E2%80%94-Foto-Jose-Lucena-TheNewsS2-Estadao-Conteudo.jpg?resize=300%2C200&amp;ssl=1 300w, https:\/\/i0.wp.com\/blogdoeloiltoncajuhy.com.br\/site\/wp-content\/uploads\/2025\/10\/RJ_Megaoperacao-2.500-policiais-civis-e-militares-%E2%80%94-Foto-Jose-Lucena-TheNewsS2-Estadao-Conteudo.jpg?resize=768%2C512&amp;ssl=1 768w\" sizes=\"(max-width: 800px) 100vw, 800px\" \/><\/a><figcaption class=\"wp-element-caption\"><sub>Foto: Jos\u00e9 Lucena\/TheNewsS2\/Estad\u00e3o Conte\u00fado<\/sub><\/figcaption><\/figure>\n\n\n\n<p>O governo do RJ confirmou nesta quarta-feira (29) 121 mortos na megaopera\u00e7\u00e3o nos complexos do Alem\u00e3o e da Penha contra o Comando Vermelho. Foram 4 policiais e 117 suspeitos, segundo o secret\u00e1rio da Pol\u00edcia Civil, o delegado Felipe Curi. Foi a opera\u00e7\u00e3o mais letal da hist\u00f3ria do estado.<\/p>\n\n\n\n<p>Moradores do Complexo da Penha, na Zona Norte do Rio de Janeiro, afirmaram ter encontrado pelo menos 74 corpos, que foram levados para a Pra\u00e7a S\u00e3o Lucas, na Estrada Jos\u00e9 Rucas, uma das principais da regi\u00e3o, ao longo da madrugada desta quarta-feira (29). Curi disse que foram 63 corpos achados na mata.<\/p>\n\n\n\n<p class=\"has-black-color has-text-color has-link-color wp-elements-0afabfaaeeb3c56671f1e84aa5ad874c\"><strong>Entenda os n\u00fameros divulgados at\u00e9 agora:<\/strong><\/p>\n\n\n\n<ul class=\"wp-block-list\">\n<li>O governo havia informado em balan\u00e7o na ter\u00e7a que havia 64 mortos, sendo que 4 eram policiais civis e militares.<\/li>\n\n\n\n<li>Mas, na manh\u00e3 desta quarta, o governador Cl\u00e1udio Castro (PL-RJ) s\u00f3 confirmou oficialmente 58 mortos, sendo que eram 54 criminosos. Ele n\u00e3o esclareceu por que o n\u00famero do balan\u00e7o de ontem foi alterado.<\/li>\n\n\n\n<li>Em coletiva, a c\u00fapula da seguran\u00e7a do RJ atualizou os n\u00fameros: 4 policiais e 117 suspeitos mortos.<\/li>\n\n\n\n<li>Moradores afirmam ter encontrado 74 mortos na mata, que foram levados para uma pra\u00e7a na Penha. Secret\u00e1rio da Pol\u00edcia Civil fala em &#8220;63 corpos achados na mata&#8221;.<\/li>\n\n\n\n<li>Haver\u00e1 uma per\u00edcia para ver se h\u00e1 rela\u00e7\u00e3o entre essas mortes e a opera\u00e7\u00e3o.<\/li>\n\n\n\n<li>Curi disse tamb\u00e9m que foram 113 presos, 33 de outros estados, como Amazonas, Cear\u00e1, Par\u00e1 e Pernambuco.<\/li>\n<\/ul>\n\n\n\n<p><\/p>\n\n\n\n<p>O <strong>g1<\/strong> apurou ainda que os corpos, todos de homens, estavam na \u00e1rea de mata da Vacaria, na Serra da Miseric\u00f3rdia, onde se concentraram os confrontos entre as for\u00e7as de seguran\u00e7a e traficantes.<\/p>\n\n\n\n<p>O governador Cl\u00e1udio Castro disse considerar que a a\u00e7\u00e3o foi um &#8220;sucesso&#8221; e que s\u00f3 os quatro policiais mortos s\u00e3o &#8220;v\u00edtimas&#8221;.<\/p>\n\n\n\n<p>Mais cedo, o governador n\u00e3o comentou os corpos encontrados pelos moradores na mata.<\/p>\n\n\n\n<blockquote class=\"wp-block-quote is-layout-flow wp-block-quote-is-layout-flow\">\n<p><strong><mark style=\"background-color:rgba(0, 0, 0, 0)\" class=\"has-inline-color has-black-color\">\u201cA nossa contabilidade conta a partir do momento que os corpos entram no IML. A Pol\u00edcia Civil tem a responsabilidade enorme de identificar quem eram aquelas pessoas. Eu n\u00e3o posso fazer balan\u00e7o antes de todos entrarem\u201d, afirmou.<\/mark><\/strong><\/p>\n<\/blockquote>\n\n\n\n<p>O secret\u00e1rio da Pol\u00edcia Militar, Marcelo de Menezes, explicou a estrat\u00e9gia das for\u00e7as de seguran\u00e7a durante a megaopera\u00e7\u00e3o. Segundo ele, foi criado o que chamou de \u201cMuro do Bope\u201d: policiais avan\u00e7aram pela \u00e1rea da Serra da Miseric\u00f3rdia para cercar os criminosos e empurr\u00e1-los em dire\u00e7\u00e3o \u00e0 mata, onde outras equipes do Batalh\u00e3o de Opera\u00e7\u00f5es Especiais j\u00e1 estavam posicionadas.<\/p>\n\n\n\n<p><strong><a href=\"https:\/\/whatsapp.com\/channel\/0029VaAT7tDLI8Yfj5y9Z50Z\" target=\"_blank\" rel=\"noreferrer noopener\"><mark style=\"background-color:rgba(0, 0, 0, 0)\" class=\"has-inline-color has-luminous-vivid-orange-color\">>> Clique aqui e entre no canal do BEC no WhatsApp<\/mark><\/a><\/strong><\/p>\n\n\n\n<p>A explica\u00e7\u00e3o foi dada durante entrevista coletiva na tarde desta quarta-feira (29), quando a c\u00fapula da Seguran\u00e7a P\u00fablica do Rio detalhou os resultados da a\u00e7\u00e3o.<\/p>\n\n\n\n<p>O secret\u00e1rio de Seguran\u00e7a P\u00fablica, Victor Santos, classificou o \u201cdano colateral\u201d como \u201cmuito pequeno\u201d, afirmando que apenas quatro pessoas inocentes morreram durante a a\u00e7\u00e3o. A a\u00e7\u00e3o contou 2,5 mil policiais civis e militares e \u00e9 considerada pela c\u00fapula da seguran\u00e7a como de alto risco.<\/p>\n\n\n\n<p class=\"has-black-color has-text-color has-link-color has-medium-font-size wp-elements-c9927991d348d4cbaa0d416bf77b5a24\"><strong>Reconhecimento na pra\u00e7a<\/strong><\/p>\n\n\n\n<p>O ativista Raull Santiago \u00e9 um dos que ajudaram a retirar os corpos da mata. \u201cEm 36 anos de favela, passando por v\u00e1rias opera\u00e7\u00f5es e chacinas, eu nunca vi nada parecido com o que estou vendo hoje. \u00c9 algo novo. Brutal e violento num n\u00edvel desconhecido\u201d, disse.<\/p>\n\n\n\n<p>Moradores ouvidos no local disseram que o objetivo do traslado dos corpos at\u00e9 a pra\u00e7a foi facilitar o reconhecimento por parentes. Afirmaram ainda que os deixaram sem camisa para agilizar esse processo, a fim de deixar \u00e0 mostra tatuagens, cicatrizes e marcas de nascen\u00e7a.<\/p>\n\n\n\n<p class=\"has-black-color has-text-color has-link-color has-medium-font-size wp-elements-5f8e0c617ca5d20f3e6a7018d4187fa3\"><strong>Secret\u00e1rio v\u00ea fraude processual<\/strong><\/p>\n\n\n\n<p>A pol\u00edcia, no entanto, afirma que as roupas camufladas foram retiradas para que n\u00e3o ficasse exposta a liga\u00e7\u00e3o dos mortos com o crime organizado. O secret\u00e1rio de Pol\u00edcia Civil, Felipe Curi, afirmou que vai investigar fraude processual pela remo\u00e7\u00e3o dos corpos e a retirada das roupas.<\/p>\n\n\n\n<p>&#8220;Vale lembrar, para desmistificar certas narrativas, que parece ter ocorrido uma esp\u00e9cie de &#8216;milagre&#8217; com os corpos que est\u00e3o aparecendo hoje. Esses indiv\u00edduos estavam na mata, equipados com roupas camufladas, coletes e armamentos. Agora, muitos deles surgem apenas de cueca ou short, sem qualquer equipamento \u2014 como se tivessem atravessado um portal e trocado de roupa. Temos imagens que mostram pessoas retirando esses criminosos da mata e os colocando em vias p\u00fablicas, despindo-os. A 22\u00aa Delegacia de Pol\u00edcia instaurou um inqu\u00e9rito para investigar poss\u00edvel fraude processual.&#8221;<\/p>\n\n\n\n<p>Muitos dos mortos tinham feridas a bala \u2013 alguns estavam com o rosto desfigurado. Um tinha sido decapitado, mas n\u00e3o se sabia como.<\/p>\n\n\n\n<p>Depois, a Pol\u00edcia Civil informou que o atendimento \u00e0s fam\u00edlias para o reconhecimento oficial ocorre no pr\u00e9dio do Detran localizado ao lado do Instituto M\u00e9dico-Legal (IML) do Centro do Rio.<\/p>\n\n\n\n<p>Nesse per\u00edodo, o acesso ao IML est\u00e1 restrito \u00e0 Pol\u00edcia Civil e ao Minist\u00e9rio P\u00fablico, que realizam os exames necess\u00e1rios. As demais necropsias, sem rela\u00e7\u00e3o com a opera\u00e7\u00e3o, ser\u00e3o feitas no IML de Niter\u00f3i.<\/p>\n\n\n\n<p class=\"has-black-color has-text-color has-link-color has-medium-font-size wp-elements-2f555c92b49d67647d25109cf2e8327d\"><strong>Corpos levados a hospital<\/strong><\/p>\n\n\n\n<p>Mais cedo, moradores tamb\u00e9m transportaram seis corpos em uma Kombi para o Hospital Estadual Get\u00falio Vargas. O ve\u00edculo chegou em alta velocidade e saiu rapidamente do local.<\/p>\n","protected":false},"excerpt":{"rendered":"<p>No dia seguinte \u00e0 opera\u00e7\u00e3o, moradores afirmam ter encontrado mais de 70 corpos, que foram levados para uma pra\u00e7a na Penha. Secret\u00e1rio da Pol\u00edcia Civil fala em 63 corpos Por Betinho Casas Novas, Eduardo Pierre, Rafael Nascimento, g1 Rio O governo do RJ confirmou nesta quarta-feira (29) 121 mortos na megaopera\u00e7\u00e3o nos complexos do Alem\u00e3o [&hellip;]<\/p>\n","protected":false},"author":2,"featured_media":91198,"comment_status":"open","ping_status":"open","sticky":false,"template":"","format":"standard","meta":{"_acf_changed":false,"_monsterinsights_skip_tracking":false,"_monsterinsights_sitenote_active":false,"_monsterinsights_sitenote_note":"","_monsterinsights_sitenote_category":0,"_jetpack_memberships_contains_paid_content":false,"footnotes":"","jetpack_publicize_message":"","jetpack_publicize_feature_enabled":true,"jetpack_social_post_already_shared":true,"jetpack_social_options":{"image_generator_settings":{"template":"highway","default_image_id":0,"font":"","enabled":false},"version":2}},"categories":[15],"tags":[],"class_list":["post-91197","post","type-post","status-publish","format-standard","has-post-thumbnail","hentry","category-policia"],"acf":[],"jetpack_publicize_connections":[],"jetpack_featured_media_url":"https:\/\/i0.wp.com\/blogdoeloiltoncajuhy.com.br\/site\/wp-content\/uploads\/2025\/10\/RJ_Mega-Operacao_armas-apreendidas-%E2%80%94-Foto-Reproducao-g1.png?fit=814%2C333&ssl=1","jetpack_sharing_enabled":true,"publishpress_future_workflow_manual_trigger":{"enabledWorkflows":[]},"_links":{"self":[{"href":"https:\/\/blogdoeloiltoncajuhy.com.br\/site\/wp-json\/wp\/v2\/posts\/91197","targetHints":{"allow":["GET"]}}],"collection":[{"href":"https:\/\/blogdoeloiltoncajuhy.com.br\/site\/wp-json\/wp\/v2\/posts"}],"about":[{"href":"https:\/\/blogdoeloiltoncajuhy.com.br\/site\/wp-json\/wp\/v2\/types\/post"}],"author":[{"embeddable":true,"href":"https:\/\/blogdoeloiltoncajuhy.com.br\/site\/wp-json\/wp\/v2\/users\/2"}],"replies":[{"embeddable":true,"href":"https:\/\/blogdoeloiltoncajuhy.com.br\/site\/wp-json\/wp\/v2\/comments?post=91197"}],"version-history":[{"count":2,"href":"https:\/\/blogdoeloiltoncajuhy.com.br\/site\/wp-json\/wp\/v2\/posts\/91197\/revisions"}],"predecessor-version":[{"id":91200,"href":"https:\/\/blogdoeloiltoncajuhy.com.br\/site\/wp-json\/wp\/v2\/posts\/91197\/revisions\/91200"}],"wp:featuredmedia":[{"embeddable":true,"href":"https:\/\/blogdoeloiltoncajuhy.com.br\/site\/wp-json\/wp\/v2\/media\/91198"}],"wp:attachment":[{"href":"https:\/\/blogdoeloiltoncajuhy.com.br\/site\/wp-json\/wp\/v2\/media?parent=91197"}],"wp:term":[{"taxonomy":"category","embeddable":true,"href":"https:\/\/blogdoeloiltoncajuhy.com.br\/site\/wp-json\/wp\/v2\/categories?post=91197"},{"taxonomy":"post_tag","embeddable":true,"href":"https:\/\/blogdoeloiltoncajuhy.com.br\/site\/wp-json\/wp\/v2\/tags?post=91197"}],"curies":[{"name":"wp","href":"https:\/\/api.w.org\/{rel}","templated":true}]}}