{"id":91192,"date":"2025-10-29T09:03:44","date_gmt":"2025-10-29T12:03:44","guid":{"rendered":"https:\/\/blogdoeloiltoncajuhy.com.br\/site\/?p=91192"},"modified":"2025-10-29T09:03:46","modified_gmt":"2025-10-29T12:03:46","slug":"camara-aprova-projeto-que-preve-licenca-menstrual-de-ate-dois-dias","status":"publish","type":"post","link":"https:\/\/blogdoeloiltoncajuhy.com.br\/site\/camara-aprova-projeto-que-preve-licenca-menstrual-de-ate-dois-dias\/","title":{"rendered":"C\u00e2mara aprova projeto que prev\u00ea licen\u00e7a menstrual de at\u00e9 dois dias"},"content":{"rendered":"\n<p class=\"has-medium-font-size\"><strong>A trabalhadora precisar\u00e1 apresentar laudo m\u00e9dico para comprovar a necessidade de afastamento; o texto segue para o Senado<\/strong><\/p>\n\n\n\n<p><strong>Por Ag\u00eancia C\u00e2mara de Not\u00edcias<\/strong><\/p>\n\n\n\n<figure class=\"wp-block-image aligncenter size-full\"><a href=\"https:\/\/i0.wp.com\/blogdoeloiltoncajuhy.com.br\/site\/wp-content\/uploads\/2025\/10\/Licenca-menstrual-Foto-Reproducao.png?ssl=1\"><img data-recalc-dims=\"1\" fetchpriority=\"high\" decoding=\"async\" width=\"768\" height=\"512\" src=\"https:\/\/i0.wp.com\/blogdoeloiltoncajuhy.com.br\/site\/wp-content\/uploads\/2025\/10\/Licenca-menstrual-Foto-Reproducao.png?resize=768%2C512&#038;ssl=1\" alt=\"\" class=\"wp-image-91193\" srcset=\"https:\/\/i0.wp.com\/blogdoeloiltoncajuhy.com.br\/site\/wp-content\/uploads\/2025\/10\/Licenca-menstrual-Foto-Reproducao.png?w=768&amp;ssl=1 768w, https:\/\/i0.wp.com\/blogdoeloiltoncajuhy.com.br\/site\/wp-content\/uploads\/2025\/10\/Licenca-menstrual-Foto-Reproducao.png?resize=300%2C200&amp;ssl=1 300w\" sizes=\"(max-width: 768px) 100vw, 768px\" \/><\/a><figcaption class=\"wp-element-caption\"><sub>Foto: Reprodu\u00e7\u00e3o<\/sub><\/figcaption><\/figure>\n\n\n\n<p>A C\u00e2mara dos Deputados aprovou nesta ter\u00e7a-feira (28) o projeto de lei que prev\u00ea licen\u00e7a de at\u00e9 dois dias consecutivos por m\u00eas para mulheres que sofrem com sintomas graves associados ao fluxo menstrual. A proposta segue para an\u00e1lise do Senado.<\/p>\n\n\n\n<p>Para virar lei, a proposta precisa ser aprovada pela C\u00e2mara e pelo Senado.<\/p>\n\n\n\n<ul class=\"wp-block-list\">\n<li><strong><a href=\"https:\/\/www.camara.leg.br\/noticias\/573454-SAIBA-MAIS-SOBRE-A-TRAMITACAO-DE-PROJETOS-DE-LEI\"><mark style=\"background-color:rgba(0, 0, 0, 0)\" class=\"has-inline-color has-vivid-cyan-blue-color\">Saiba mais sobre a tramita\u00e7\u00e3o de projetos de lei<\/mark><\/a><\/strong><\/li>\n<\/ul>\n\n\n\n<p><\/p>\n\n\n\n<p class=\"has-black-color has-text-color has-link-color has-medium-font-size wp-elements-b4c37c6a261999ae41e3f2131ad454ed\"><strong>Laudo m\u00e9dico<\/strong><\/p>\n\n\n\n<p>Para ter direito ao afastamento remunerado, a trabalhadora precisar\u00e1 apresentar laudo m\u00e9dico que comprove as condi\u00e7\u00f5es debilitantes que a impe\u00e7am temporariamente de exercer as atividades.<\/p>\n\n\n\n<p>A medida valer\u00e1 para trabalhadoras com carteira assinada, estagi\u00e1rias e empregadas dom\u00e9sticas.<\/p>\n\n\n\n<p class=\"has-black-color has-text-color has-link-color has-medium-font-size wp-elements-28dab207468d18733943f427eb382994\"><strong>Mudan\u00e7as no texto original<\/strong><\/p>\n\n\n\n<p>O texto aprovado \u00e9 a vers\u00e3o da relatora, deputada Professora Marcivania (PCdoB-AP), para o <a href=\"https:\/\/www.camara.leg.br\/noticias\/878508-projeto-garante-licenca-de-tres-dias-por-mes-para-mulheres-com-sintomas-graves-no-periodo-menstrual\"><strong><mark style=\"background-color:rgba(0, 0, 0, 0)\" class=\"has-inline-color has-vivid-cyan-blue-color\">Projeto de Lei 1249\/22<\/mark><\/strong><\/a>, da deputada Jandira Feghali (PCdoB-RJ).<\/p>\n\n\n\n<p>A relatora unificou a proposta original com textos apensados e com sugest\u00f5es das comiss\u00f5es de Defesa dos Direitos da Mulher; e de Administra\u00e7\u00e3o e Servi\u00e7o P\u00fablico.<\/p>\n\n\n\n<p>\u201cO substitutivo traz relevante contribui\u00e7\u00e3o \u00e0 legisla\u00e7\u00e3o trabalhista brasileira, historicamente concebida sob uma l\u00f3gica masculina que pouco incorporou as especificidades das mulheres\u201d, afirmou Professora Marcivania.&nbsp;Segundo ela, a proposta \u00e9 um instrumento de equidade e de preven\u00e7\u00e3o em sa\u00fade ocupacional.<\/p>\n\n\n\n<p><strong><a href=\"https:\/\/whatsapp.com\/channel\/0029VaAT7tDLI8Yfj5y9Z50Z\"><mark style=\"background-color:rgba(0, 0, 0, 0)\" class=\"has-inline-color has-luminous-vivid-orange-color\">>> Clique aqui e entre no canal do BEC no WhatsApp<\/mark><\/a><\/strong><\/p>\n\n\n\n<p class=\"has-black-color has-text-color has-link-color has-medium-font-size wp-elements-766dd1860c8d9955b74a97372db01f3e\"><strong>Licen\u00e7a menor<\/strong><\/p>\n\n\n\n<p>No projeto de lei original, a deputada Jandira Feghali havia sugerido uma licen\u00e7a ainda maior para as trabalhadoras, de at\u00e9 tr\u00eas dias.<\/p>\n\n\n\n<p>\u201cCerca de 15% das mulheres enfrentam sintomas graves, com fortes dores na regi\u00e3o inferior do abd\u00f4men e c\u00f3licas intensas, que chegam, muitas vezes, a prejudicar a rotina\u201d, argumentou Jandira.<\/p>\n\n\n\n<p class=\"has-black-color has-text-color has-link-color has-medium-font-size wp-elements-502f3e2a0a553d8c3adf21e23996fb01\"><strong>Legisla\u00e7\u00e3o alterada<\/strong><\/p>\n\n\n\n<p>A proposta aprovada altera:<\/p>\n\n\n\n<ul class=\"wp-block-list\">\n<li>a Consolida\u00e7\u00e3o das Leis do Trabalho (CLT), na parte que trata das faltas justificadas;<\/li>\n\n\n\n<li>a Lei do Est\u00e1gio, para assegurar o direito de afastamento \u00e0s estagi\u00e1rias; e<\/li>\n\n\n\n<li>a Lei Complementar 150\/15, que rege o contrato de trabalho dom\u00e9stico, para incluir o direito \u00e0s empregadas dom\u00e9sticas.<\/li>\n<\/ul>\n\n\n\n<p><\/p>\n\n\n\n<p class=\"has-black-color has-text-color has-link-color has-medium-font-size wp-elements-afe96b65e7406142addf2c7030b399fb\"><strong>Prazo de validade do laudo<\/strong><\/p>\n\n\n\n<p>Conforme o substitutivo, caber\u00e1 ao Poder Executivo definir o prazo de validade do laudo m\u00e9dico, a forma de apresenta\u00e7\u00e3o e a periodicidade de sua renova\u00e7\u00e3o, considerando peculiaridades das atividades exercidas pela mulher.<\/p>\n","protected":false},"excerpt":{"rendered":"<p>A trabalhadora precisar\u00e1 apresentar laudo m\u00e9dico para comprovar a necessidade de afastamento; o texto segue para o Senado Por Ag\u00eancia C\u00e2mara de Not\u00edcias A C\u00e2mara dos Deputados aprovou nesta ter\u00e7a-feira (28) o projeto de lei que prev\u00ea licen\u00e7a de at\u00e9 dois dias consecutivos por m\u00eas para mulheres que sofrem com sintomas graves associados ao fluxo [&hellip;]<\/p>\n","protected":false},"author":2,"featured_media":91193,"comment_status":"open","ping_status":"open","sticky":false,"template":"","format":"standard","meta":{"_acf_changed":false,"_monsterinsights_skip_tracking":false,"_monsterinsights_sitenote_active":false,"_monsterinsights_sitenote_note":"","_monsterinsights_sitenote_category":0,"_jetpack_memberships_contains_paid_content":false,"footnotes":"","jetpack_publicize_message":"","jetpack_publicize_feature_enabled":true,"jetpack_social_post_already_shared":true,"jetpack_social_options":{"image_generator_settings":{"template":"highway","default_image_id":0,"font":"","enabled":false},"version":2}},"categories":[3],"tags":[],"class_list":["post-91192","post","type-post","status-publish","format-standard","has-post-thumbnail","hentry","category-politica"],"acf":[],"jetpack_publicize_connections":[],"jetpack_featured_media_url":"https:\/\/i0.wp.com\/blogdoeloiltoncajuhy.com.br\/site\/wp-content\/uploads\/2025\/10\/Licenca-menstrual-Foto-Reproducao.png?fit=768%2C512&ssl=1","jetpack_sharing_enabled":true,"publishpress_future_workflow_manual_trigger":{"enabledWorkflows":[]},"_links":{"self":[{"href":"https:\/\/blogdoeloiltoncajuhy.com.br\/site\/wp-json\/wp\/v2\/posts\/91192","targetHints":{"allow":["GET"]}}],"collection":[{"href":"https:\/\/blogdoeloiltoncajuhy.com.br\/site\/wp-json\/wp\/v2\/posts"}],"about":[{"href":"https:\/\/blogdoeloiltoncajuhy.com.br\/site\/wp-json\/wp\/v2\/types\/post"}],"author":[{"embeddable":true,"href":"https:\/\/blogdoeloiltoncajuhy.com.br\/site\/wp-json\/wp\/v2\/users\/2"}],"replies":[{"embeddable":true,"href":"https:\/\/blogdoeloiltoncajuhy.com.br\/site\/wp-json\/wp\/v2\/comments?post=91192"}],"version-history":[{"count":1,"href":"https:\/\/blogdoeloiltoncajuhy.com.br\/site\/wp-json\/wp\/v2\/posts\/91192\/revisions"}],"predecessor-version":[{"id":91194,"href":"https:\/\/blogdoeloiltoncajuhy.com.br\/site\/wp-json\/wp\/v2\/posts\/91192\/revisions\/91194"}],"wp:featuredmedia":[{"embeddable":true,"href":"https:\/\/blogdoeloiltoncajuhy.com.br\/site\/wp-json\/wp\/v2\/media\/91193"}],"wp:attachment":[{"href":"https:\/\/blogdoeloiltoncajuhy.com.br\/site\/wp-json\/wp\/v2\/media?parent=91192"}],"wp:term":[{"taxonomy":"category","embeddable":true,"href":"https:\/\/blogdoeloiltoncajuhy.com.br\/site\/wp-json\/wp\/v2\/categories?post=91192"},{"taxonomy":"post_tag","embeddable":true,"href":"https:\/\/blogdoeloiltoncajuhy.com.br\/site\/wp-json\/wp\/v2\/tags?post=91192"}],"curies":[{"name":"wp","href":"https:\/\/api.w.org\/{rel}","templated":true}]}}