{"id":91189,"date":"2025-10-29T08:47:08","date_gmt":"2025-10-29T11:47:08","guid":{"rendered":"https:\/\/blogdoeloiltoncajuhy.com.br\/site\/?p=91189"},"modified":"2025-10-29T08:47:10","modified_gmt":"2025-10-29T11:47:10","slug":"governador-da-bahia-anuncia-concursos-para-contratacao-de-890-novos-servidores-estaduais","status":"publish","type":"post","link":"https:\/\/blogdoeloiltoncajuhy.com.br\/site\/governador-da-bahia-anuncia-concursos-para-contratacao-de-890-novos-servidores-estaduais\/","title":{"rendered":"Governador da Bahia anuncia concursos para contrata\u00e7\u00e3o de 890 novos servidores estaduais"},"content":{"rendered":"\n<p class=\"has-medium-font-size\"><strong>An\u00fancio foi feito durante cerim\u00f4nia em celebra\u00e7\u00e3o ao Dia do Servidor P\u00fablico, em Salvador. Previs\u00e3o de contrata\u00e7\u00f5es \u00e9 a partir de janeiro de 2027<\/strong><\/p>\n\n\n\n<p><strong>Por g1 BA<\/strong><\/p>\n\n\n\n<figure class=\"wp-block-image aligncenter size-full\"><a href=\"https:\/\/i0.wp.com\/blogdoeloiltoncajuhy.com.br\/site\/wp-content\/uploads\/2025\/10\/Jeronimo-Rodrigues-291025-%E2%80%94-Foto-Secom-BA.jpg?ssl=1\"><img data-recalc-dims=\"1\" fetchpriority=\"high\" decoding=\"async\" width=\"800\" height=\"407\" src=\"https:\/\/i0.wp.com\/blogdoeloiltoncajuhy.com.br\/site\/wp-content\/uploads\/2025\/10\/Jeronimo-Rodrigues-291025-%E2%80%94-Foto-Secom-BA.jpg?resize=800%2C407&#038;ssl=1\" alt=\"\" class=\"wp-image-91190\" srcset=\"https:\/\/i0.wp.com\/blogdoeloiltoncajuhy.com.br\/site\/wp-content\/uploads\/2025\/10\/Jeronimo-Rodrigues-291025-%E2%80%94-Foto-Secom-BA.jpg?w=984&amp;ssl=1 984w, https:\/\/i0.wp.com\/blogdoeloiltoncajuhy.com.br\/site\/wp-content\/uploads\/2025\/10\/Jeronimo-Rodrigues-291025-%E2%80%94-Foto-Secom-BA.jpg?resize=300%2C153&amp;ssl=1 300w, https:\/\/i0.wp.com\/blogdoeloiltoncajuhy.com.br\/site\/wp-content\/uploads\/2025\/10\/Jeronimo-Rodrigues-291025-%E2%80%94-Foto-Secom-BA.jpg?resize=768%2C391&amp;ssl=1 768w\" sizes=\"(max-width: 800px) 100vw, 800px\" \/><\/a><figcaption class=\"wp-element-caption\"><sub>Governador da Bahia anuncia concursos para contrata\u00e7\u00e3o de 890 novos servidores estaduais \u2014 Foto: Secom\/BA<\/sub><\/figcaption><\/figure>\n\n\n\n<p>O governador da Bahia, Jer\u00f4nimo Rodrigues (PT), anunciou, na ter\u00e7a-feira (28), a autoriza\u00e7\u00e3o para a realiza\u00e7\u00e3o de oito novos concursos p\u00fablicos que ir\u00e3o viabilizar o provimento de 890 vagas em 16 diferentes carreiras da administra\u00e7\u00e3o p\u00fablica estadual. O an\u00fancio foi feito durante cerim\u00f4nia em celebra\u00e7\u00e3o ao Dia do Servidor P\u00fablico, em Salvador.<\/p>\n\n\n\n<p>Segundo o governo, a medida ir\u00e1 possibilitar a renova\u00e7\u00e3o de quadros efetivos essenciais para o funcionamento da m\u00e1quina p\u00fablica em \u00e1reas do Meio Ambiente e Recursos H\u00eddricos, Obras P\u00fablicas, Fisco, Regula\u00e7\u00e3o, Pol\u00edticas P\u00fablicas e Gest\u00e3o Governamental, Procuradoria e Produ\u00e7\u00e3o de Informa\u00e7\u00f5es Econ\u00f4micas, Sociais e Geoambientais.<\/p>\n\n\n\n<p>\u201cEu prometi que no dia do servidor p\u00fablico n\u00f3s anunciar\u00edamos um conjunto de concursos. N\u00f3s teremos concursos para \u00e1reas estrat\u00e9gicas da administra\u00e7\u00e3o p\u00fablica em setores jur\u00eddicos e t\u00e9cnicos, como para o Meio Ambiente, por exemplo, e semana que vem, no m\u00e1ximo, eu farei outro pacote de a\u00e7\u00f5es para seguran\u00e7a p\u00fablica, e \u00e9 poss\u00edvel que l\u00e1 tamb\u00e9m a gente possa anunciar concursos para a \u00e1rea\u201d, afirmou o governador.<\/p>\n\n\n\n<p><strong><a href=\"https:\/\/whatsapp.com\/channel\/0029VaAT7tDLI8Yfj5y9Z50Z\"><mark style=\"background-color:rgba(0, 0, 0, 0)\" class=\"has-inline-color has-luminous-vivid-orange-color\">>> Clique aqui e entre no canal do BEC no WhatsApp<\/mark><\/a><\/strong><\/p>\n\n\n\n<p>O governo informou que os novos concursos t\u00eam previs\u00e3o de contrata\u00e7\u00f5es a partir de janeiro de 2027.<\/p>\n\n\n\n<p>A gest\u00e3o estadual afirmou ainda que os certames visam, principalmente, a recomposi\u00e7\u00e3o de carreiras t\u00edpicas do Estado, como Auditor Fiscal e Procurador, cujas atribui\u00e7\u00f5es n\u00e3o podem ser exercidas por trabalhadores terceirizados ou servidores contratados via Regime Especial de Direito Administrativo (Reda).<\/p>\n\n\n\n<p>Al\u00e9m disso, a iniciativa atender\u00e1 a demandas espec\u00edficas de \u00f3rg\u00e3os que n\u00e3o passaram por renova\u00e7\u00e3o nos quadros de efetivos ao longo dos \u00faltimos anos.<\/p>\n\n\n\n<p class=\"has-black-color has-text-color has-link-color wp-elements-80ef52ecb1305edc2cbb3b40b6804661\"><strong>Veja abaixo o detalhamento das vagas:<\/strong><\/p>\n\n\n\n<ul class=\"wp-block-list\">\n<li>A Secretaria da Fazenda do Estado (Sefaz-BA) ter\u00e1 100 oportunidades para o cargo de Auditor Fiscal e outras 100 para o cargo de Agente de Tributos;<\/li>\n\n\n\n<li>Para a Procuradoria Geral do Estado (PGE), o planejamento \u00e9 de um concurso com 135 vagas, contemplando os cargos de procurador (20), assistente (50) e analista de procuradoria (65);<\/li>\n\n\n\n<li>Um total de 110 t\u00e9cnicos e especialistas em Meio Ambiente e Recursos H\u00eddricos ser\u00e3o selecionados por meio de certame para atua\u00e7\u00e3o na Secretaria do Meio Ambiente do Estado (Sema) e no Instituto do Meio Ambiente e Recursos H\u00eddricos (Inema);<\/li>\n\n\n\n<li>Outras 120 vagas para os cargos de Especialista e T\u00e9cnico em Obras P\u00fablicas est\u00e3o sendo criadas para atua\u00e7\u00e3o nas secretarias da Administra\u00e7\u00e3o, Infraestrutura e Desenvolvimento Urbano;<\/li>\n\n\n\n<li>A Ag\u00eancia Estadual de Defesa Agropecu\u00e1ria (Adab) conta com a oferta de 160 vagas para Fiscal Estadual Agropecu\u00e1rio e 40 para o cargo de T\u00e9cnico em Fiscaliza\u00e7\u00e3o Agropecu\u00e1ria;<\/li>\n\n\n\n<li>Em paralelo, ser\u00e3o abertos concursos para os cargos de Especialista e T\u00e9cnico em Regula\u00e7\u00e3o (40 vagas), Especialista em Pol\u00edticas P\u00fablicas e Gest\u00e3o Governamental (50) e Especialista em Produ\u00e7\u00e3o de Informa\u00e7\u00f5es Econ\u00f4micas, Sociais e Geoambientais (35). Os selecionados ser\u00e3o absorvidos pela Ag\u00eancia Reguladora de Saneamento B\u00e1sico do Estado da Bahia (Agersa) e pelas secretarias da Administra\u00e7\u00e3o (Saeb) e Planejamento (Seplan) e ir\u00e3o recompor os quadros de servidores efetivos da Superintend\u00eancia de Estudos Econ\u00f4micos e Sociais da Bahia (SEI).<\/li>\n<\/ul>\n","protected":false},"excerpt":{"rendered":"<p>An\u00fancio foi feito durante cerim\u00f4nia em celebra\u00e7\u00e3o ao Dia do Servidor P\u00fablico, em Salvador. Previs\u00e3o de contrata\u00e7\u00f5es \u00e9 a partir de janeiro de 2027 Por g1 BA O governador da Bahia, Jer\u00f4nimo Rodrigues (PT), anunciou, na ter\u00e7a-feira (28), a autoriza\u00e7\u00e3o para a realiza\u00e7\u00e3o de oito novos concursos p\u00fablicos que ir\u00e3o viabilizar o provimento de 890 [&hellip;]<\/p>\n","protected":false},"author":2,"featured_media":91190,"comment_status":"open","ping_status":"open","sticky":false,"template":"","format":"standard","meta":{"_acf_changed":false,"_monsterinsights_skip_tracking":false,"_monsterinsights_sitenote_active":false,"_monsterinsights_sitenote_note":"","_monsterinsights_sitenote_category":0,"_jetpack_memberships_contains_paid_content":false,"footnotes":"","jetpack_publicize_message":"","jetpack_publicize_feature_enabled":true,"jetpack_social_post_already_shared":true,"jetpack_social_options":{"image_generator_settings":{"template":"highway","default_image_id":0,"font":"","enabled":false},"version":2}},"categories":[32],"tags":[],"class_list":["post-91189","post","type-post","status-publish","format-standard","has-post-thumbnail","hentry","category-emprego"],"acf":[],"jetpack_publicize_connections":[],"jetpack_featured_media_url":"https:\/\/i0.wp.com\/blogdoeloiltoncajuhy.com.br\/site\/wp-content\/uploads\/2025\/10\/Jeronimo-Rodrigues-291025-%E2%80%94-Foto-Secom-BA.jpg?fit=984%2C501&ssl=1","jetpack_sharing_enabled":true,"publishpress_future_workflow_manual_trigger":{"enabledWorkflows":[]},"_links":{"self":[{"href":"https:\/\/blogdoeloiltoncajuhy.com.br\/site\/wp-json\/wp\/v2\/posts\/91189","targetHints":{"allow":["GET"]}}],"collection":[{"href":"https:\/\/blogdoeloiltoncajuhy.com.br\/site\/wp-json\/wp\/v2\/posts"}],"about":[{"href":"https:\/\/blogdoeloiltoncajuhy.com.br\/site\/wp-json\/wp\/v2\/types\/post"}],"author":[{"embeddable":true,"href":"https:\/\/blogdoeloiltoncajuhy.com.br\/site\/wp-json\/wp\/v2\/users\/2"}],"replies":[{"embeddable":true,"href":"https:\/\/blogdoeloiltoncajuhy.com.br\/site\/wp-json\/wp\/v2\/comments?post=91189"}],"version-history":[{"count":1,"href":"https:\/\/blogdoeloiltoncajuhy.com.br\/site\/wp-json\/wp\/v2\/posts\/91189\/revisions"}],"predecessor-version":[{"id":91191,"href":"https:\/\/blogdoeloiltoncajuhy.com.br\/site\/wp-json\/wp\/v2\/posts\/91189\/revisions\/91191"}],"wp:featuredmedia":[{"embeddable":true,"href":"https:\/\/blogdoeloiltoncajuhy.com.br\/site\/wp-json\/wp\/v2\/media\/91190"}],"wp:attachment":[{"href":"https:\/\/blogdoeloiltoncajuhy.com.br\/site\/wp-json\/wp\/v2\/media?parent=91189"}],"wp:term":[{"taxonomy":"category","embeddable":true,"href":"https:\/\/blogdoeloiltoncajuhy.com.br\/site\/wp-json\/wp\/v2\/categories?post=91189"},{"taxonomy":"post_tag","embeddable":true,"href":"https:\/\/blogdoeloiltoncajuhy.com.br\/site\/wp-json\/wp\/v2\/tags?post=91189"}],"curies":[{"name":"wp","href":"https:\/\/api.w.org\/{rel}","templated":true}]}}