{"id":91186,"date":"2025-10-29T00:10:00","date_gmt":"2025-10-29T03:10:00","guid":{"rendered":"https:\/\/blogdoeloiltoncajuhy.com.br\/site\/?p=91186"},"modified":"2025-10-28T21:05:39","modified_gmt":"2025-10-29T00:05:39","slug":"presidente-do-pt-estadual-rebate-criticas-e-destaca-avancos-dos-governos-petistas-na-bahia","status":"publish","type":"post","link":"https:\/\/blogdoeloiltoncajuhy.com.br\/site\/presidente-do-pt-estadual-rebate-criticas-e-destaca-avancos-dos-governos-petistas-na-bahia\/","title":{"rendered":"Presidente do PT estadual rebate cr\u00edticas e destaca avan\u00e7os dos governos petistas na Bahia"},"content":{"rendered":"\n<p><strong>Blog do Eloilton Cajuhy \u2013 BEC<\/strong><\/p>\n\n\n\n<figure class=\"wp-block-image aligncenter size-full\"><a href=\"https:\/\/i0.wp.com\/blogdoeloiltoncajuhy.com.br\/site\/wp-content\/uploads\/2025\/10\/Presidente-do-PT-Bahia-Foto-Mariana-Guimaraes-PT-Bahia.jpg?ssl=1\"><img data-recalc-dims=\"1\" fetchpriority=\"high\" decoding=\"async\" width=\"768\" height=\"512\" src=\"https:\/\/i0.wp.com\/blogdoeloiltoncajuhy.com.br\/site\/wp-content\/uploads\/2025\/10\/Presidente-do-PT-Bahia-Foto-Mariana-Guimaraes-PT-Bahia.jpg?resize=768%2C512&#038;ssl=1\" alt=\"\" class=\"wp-image-91187\" srcset=\"https:\/\/i0.wp.com\/blogdoeloiltoncajuhy.com.br\/site\/wp-content\/uploads\/2025\/10\/Presidente-do-PT-Bahia-Foto-Mariana-Guimaraes-PT-Bahia.jpg?w=768&amp;ssl=1 768w, https:\/\/i0.wp.com\/blogdoeloiltoncajuhy.com.br\/site\/wp-content\/uploads\/2025\/10\/Presidente-do-PT-Bahia-Foto-Mariana-Guimaraes-PT-Bahia.jpg?resize=300%2C200&amp;ssl=1 300w\" sizes=\"(max-width: 768px) 100vw, 768px\" \/><\/a><figcaption class=\"wp-element-caption\"><sub>Foto: Mariana Guimar\u00e3es\/PT Bahia<\/sub><\/figcaption><\/figure>\n\n\n\n<p>O presidente estadual do PT, T\u00e1ssio Brito, rebateu nesta ter\u00e7a-feira (28) as cr\u00edticas da oposi\u00e7\u00e3o ao governo de Jer\u00f4nimo Rodrigues, durante entrevista \u00e0 R\u00e1dio Metr\u00f3pole. Para o dirigente, os ataques revelam \u201csoberba e desconex\u00e3o com a realidade\u201d de quem n\u00e3o reconhece as transforma\u00e7\u00f5es promovidas pelos governos petistas ao longo das \u00faltimas duas d\u00e9cadas na Bahia.<\/p>\n\n\n\n<p>Segundo Brito, a oposi\u00e7\u00e3o insiste em repetir narrativas sem embasamento, ao afirmar que Jer\u00f4nimo \u00e9 o \u201cpior governador\u201d da hist\u00f3ria do estado. \u201cEles dizem isso da boca pra fora, sem dados. O povo baiano tem consci\u00eancia pol\u00edtica e sabe o quanto avan\u00e7ou\u201d, afirmou. Ele citou como exemplo o crescimento das escolas de tempo integral, que hoje oferecem infraestrutura compar\u00e1vel \u00e0 de institui\u00e7\u00f5es particulares.<\/p>\n\n\n\n<p><strong><a href=\"https:\/\/whatsapp.com\/channel\/0029VaAT7tDLI8Yfj5y9Z50Z\"><mark style=\"background-color:rgba(0, 0, 0, 0)\" class=\"has-inline-color has-luminous-vivid-orange-color\">>> Clique aqui e entre no canal do BEC no WhatsApp<\/mark><\/a><\/strong><\/p>\n\n\n\n<p>O presidente do PT tamb\u00e9m ressaltou a expans\u00e3o da rede de sa\u00fade no estado. \u201cAntes, quem precisava de atendimento especializado tinha que sair do interior e vir para Salvador. Hoje, temos o Hospital da Costa do Cacau, refer\u00eancia no sul da Bahia, e diversas policl\u00ednicas regionais que aproximaram o cuidado da popula\u00e7\u00e3o\u201d, destacou.<\/p>\n\n\n\n<p>Brito lembrou ainda que o governo estadual tem suprido lacunas deixadas pela gest\u00e3o municipal na \u00e1rea da educa\u00e7\u00e3o. \u201cMais de 60 mil estudantes do ensino fundamental em Salvador s\u00e3o mantidos pelo Estado, porque a prefeitura n\u00e3o oferece vagas suficientes. Imagine se o governo virasse as costas?\u201d, questionou.<\/p>\n\n\n\n<p>Para o dirigente, o discurso de \u201ccansa\u00e7o\u201d do PT na Bahia n\u00e3o se sustenta diante das entregas realizadas. \u201cQuem fala em desgaste ignora obras como o Hospital do Sub\u00farbio, o metr\u00f4, o VLT, a nova rodovi\u00e1ria, a Via Expressa. O governo Jer\u00f4nimo est\u00e1 cheio de vigor, conectado com o povo e com a continuidade de um projeto que transformou a Bahia\u201d, concluiu.<\/p>\n","protected":false},"excerpt":{"rendered":"<p>Blog do Eloilton Cajuhy \u2013 BEC O presidente estadual do PT, T\u00e1ssio Brito, rebateu nesta ter\u00e7a-feira (28) as cr\u00edticas da oposi\u00e7\u00e3o ao governo de Jer\u00f4nimo Rodrigues, durante entrevista \u00e0 R\u00e1dio Metr\u00f3pole. Para o dirigente, os ataques revelam \u201csoberba e desconex\u00e3o com a realidade\u201d de quem n\u00e3o reconhece as transforma\u00e7\u00f5es promovidas pelos governos petistas ao longo [&hellip;]<\/p>\n","protected":false},"author":2,"featured_media":91187,"comment_status":"open","ping_status":"open","sticky":false,"template":"","format":"standard","meta":{"_acf_changed":false,"_monsterinsights_skip_tracking":false,"_monsterinsights_sitenote_active":false,"_monsterinsights_sitenote_note":"","_monsterinsights_sitenote_category":0,"_jetpack_memberships_contains_paid_content":false,"footnotes":"","jetpack_publicize_message":"","jetpack_publicize_feature_enabled":true,"jetpack_social_post_already_shared":true,"jetpack_social_options":{"image_generator_settings":{"template":"highway","default_image_id":0,"font":"","enabled":false},"version":2}},"categories":[3],"tags":[],"class_list":["post-91186","post","type-post","status-publish","format-standard","has-post-thumbnail","hentry","category-politica"],"acf":[],"jetpack_publicize_connections":[],"jetpack_featured_media_url":"https:\/\/i0.wp.com\/blogdoeloiltoncajuhy.com.br\/site\/wp-content\/uploads\/2025\/10\/Presidente-do-PT-Bahia-Foto-Mariana-Guimaraes-PT-Bahia.jpg?fit=768%2C512&ssl=1","jetpack_sharing_enabled":true,"publishpress_future_workflow_manual_trigger":{"enabledWorkflows":[]},"_links":{"self":[{"href":"https:\/\/blogdoeloiltoncajuhy.com.br\/site\/wp-json\/wp\/v2\/posts\/91186","targetHints":{"allow":["GET"]}}],"collection":[{"href":"https:\/\/blogdoeloiltoncajuhy.com.br\/site\/wp-json\/wp\/v2\/posts"}],"about":[{"href":"https:\/\/blogdoeloiltoncajuhy.com.br\/site\/wp-json\/wp\/v2\/types\/post"}],"author":[{"embeddable":true,"href":"https:\/\/blogdoeloiltoncajuhy.com.br\/site\/wp-json\/wp\/v2\/users\/2"}],"replies":[{"embeddable":true,"href":"https:\/\/blogdoeloiltoncajuhy.com.br\/site\/wp-json\/wp\/v2\/comments?post=91186"}],"version-history":[{"count":1,"href":"https:\/\/blogdoeloiltoncajuhy.com.br\/site\/wp-json\/wp\/v2\/posts\/91186\/revisions"}],"predecessor-version":[{"id":91188,"href":"https:\/\/blogdoeloiltoncajuhy.com.br\/site\/wp-json\/wp\/v2\/posts\/91186\/revisions\/91188"}],"wp:featuredmedia":[{"embeddable":true,"href":"https:\/\/blogdoeloiltoncajuhy.com.br\/site\/wp-json\/wp\/v2\/media\/91187"}],"wp:attachment":[{"href":"https:\/\/blogdoeloiltoncajuhy.com.br\/site\/wp-json\/wp\/v2\/media?parent=91186"}],"wp:term":[{"taxonomy":"category","embeddable":true,"href":"https:\/\/blogdoeloiltoncajuhy.com.br\/site\/wp-json\/wp\/v2\/categories?post=91186"},{"taxonomy":"post_tag","embeddable":true,"href":"https:\/\/blogdoeloiltoncajuhy.com.br\/site\/wp-json\/wp\/v2\/tags?post=91186"}],"curies":[{"name":"wp","href":"https:\/\/api.w.org\/{rel}","templated":true}]}}