{"id":91181,"date":"2025-10-29T00:10:00","date_gmt":"2025-10-29T03:10:00","guid":{"rendered":"https:\/\/blogdoeloiltoncajuhy.com.br\/site\/?p=91181"},"modified":"2025-10-28T20:57:52","modified_gmt":"2025-10-28T23:57:52","slug":"governo-do-estado-anuncia-novo-edital-para-agricultores-e-agricultoras-familiares-de-50-municipios-baianos","status":"publish","type":"post","link":"https:\/\/blogdoeloiltoncajuhy.com.br\/site\/governo-do-estado-anuncia-novo-edital-para-agricultores-e-agricultoras-familiares-de-50-municipios-baianos\/","title":{"rendered":"Governo do Estado anuncia novo edital para agricultores e agricultoras familiares de 50 munic\u00edpios baianos"},"content":{"rendered":"\n<p><strong>Blog do Eloilton Cajuhy \u2013 BEC<\/strong><\/p>\n\n\n\n<figure class=\"wp-block-image aligncenter size-full\"><a href=\"https:\/\/i0.wp.com\/blogdoeloiltoncajuhy.com.br\/site\/wp-content\/uploads\/2025\/10\/Encontro-Estadual-da-Fetag_BA-01-Fotos-Marta-Medeiros.jpeg?ssl=1\"><img data-recalc-dims=\"1\" fetchpriority=\"high\" decoding=\"async\" width=\"768\" height=\"512\" src=\"https:\/\/i0.wp.com\/blogdoeloiltoncajuhy.com.br\/site\/wp-content\/uploads\/2025\/10\/Encontro-Estadual-da-Fetag_BA-01-Fotos-Marta-Medeiros.jpeg?resize=768%2C512&#038;ssl=1\" alt=\"\" class=\"wp-image-91182\" srcset=\"https:\/\/i0.wp.com\/blogdoeloiltoncajuhy.com.br\/site\/wp-content\/uploads\/2025\/10\/Encontro-Estadual-da-Fetag_BA-01-Fotos-Marta-Medeiros.jpeg?w=768&amp;ssl=1 768w, https:\/\/i0.wp.com\/blogdoeloiltoncajuhy.com.br\/site\/wp-content\/uploads\/2025\/10\/Encontro-Estadual-da-Fetag_BA-01-Fotos-Marta-Medeiros.jpeg?resize=300%2C200&amp;ssl=1 300w\" sizes=\"(max-width: 768px) 100vw, 768px\" \/><\/a><figcaption class=\"wp-element-caption\"><sub>Encontro Estadual da Fetag-BA &#8211; Foto: Marta Medeiros<\/sub><\/figcaption><\/figure>\n\n\n\n<p>O Governo do Estado autorizou, na segunda-feira (27), a elabora\u00e7\u00e3o e publica\u00e7\u00e3o de um edital voltado \u00e0 qualifica\u00e7\u00e3o profissional de agricultores e agricultoras familiares vinculados a sindicatos de trabalhadores rurais em 50 munic\u00edpios baianos. A iniciativa tem como objetivo fortalecer a gera\u00e7\u00e3o de renda e ser\u00e1 executada por meio de parceria entre a Companhia de Desenvolvimento e A\u00e7\u00e3o Regional (CAR), vinculada \u00e0 Secretaria de Desenvolvimento Rural (SDR), e a Secretaria do Trabalho, Emprego, Renda e Esporte (Setre).<\/p>\n\n\n\n<p>O an\u00fancio foi feito durante o Encontro Estadual da Federa\u00e7\u00e3o dos Trabalhadores e Trabalhadoras Rurais Agricultores e Agricultoras Familiares do Estado da Bahia (Fetag-BA), que segue at\u00e9 esta ter\u00e7a-feira (28\/10), no Centro de Conven\u00e7\u00f5es de Feira de Santana.<\/p>\n\n\n\n<p>Com o tema \u201cSindicalismo Forte, Campo Vivo e Brasil Soberano\u201d, o evento re\u00fane representantes de mais de 400 sindicatos de trabalhadores rurais filiados \u00e0 Fetag-BA, com o objetivo de fazer um balan\u00e7o das a\u00e7\u00f5es do setor e debater pautas estrat\u00e9gicas para o fortalecimento da agricultura familiar em todo o estado.<\/p>\n\n\n\n<p><strong><a href=\"https:\/\/whatsapp.com\/channel\/0029VaAT7tDLI8Yfj5y9Z50Z\"><mark style=\"background-color:rgba(0, 0, 0, 0)\" class=\"has-inline-color has-luminous-vivid-orange-color\">>> Clique aqui e entre no canal do BEC no WhatsApp<\/mark><\/a><\/strong><\/p>\n\n\n\n<figure class=\"wp-block-image aligncenter size-full\"><a href=\"https:\/\/i0.wp.com\/blogdoeloiltoncajuhy.com.br\/site\/wp-content\/uploads\/2025\/10\/Encontro-Estadual-da-Fetag_BA-02-Fotos-Marta-Medeiros.jpeg?ssl=1\"><img data-recalc-dims=\"1\" decoding=\"async\" width=\"768\" height=\"512\" src=\"https:\/\/i0.wp.com\/blogdoeloiltoncajuhy.com.br\/site\/wp-content\/uploads\/2025\/10\/Encontro-Estadual-da-Fetag_BA-02-Fotos-Marta-Medeiros.jpeg?resize=768%2C512&#038;ssl=1\" alt=\"\" class=\"wp-image-91183\" srcset=\"https:\/\/i0.wp.com\/blogdoeloiltoncajuhy.com.br\/site\/wp-content\/uploads\/2025\/10\/Encontro-Estadual-da-Fetag_BA-02-Fotos-Marta-Medeiros.jpeg?w=768&amp;ssl=1 768w, https:\/\/i0.wp.com\/blogdoeloiltoncajuhy.com.br\/site\/wp-content\/uploads\/2025\/10\/Encontro-Estadual-da-Fetag_BA-02-Fotos-Marta-Medeiros.jpeg?resize=300%2C200&amp;ssl=1 300w\" sizes=\"(max-width: 768px) 100vw, 768px\" \/><\/a><figcaption class=\"wp-element-caption\"><sub>Encontro Estadual da Fetag-BA &#8211; Foto: Marta Medeiros<\/sub><\/figcaption><\/figure>\n\n\n\n<p>Jeandro Ribeiro, diretor-presidente da CAR, apresentou as a\u00e7\u00f5es da empresa durante o painel Cooperativismo e Agroind\u00fastrias da Agricultura Familiar e destacou que o \u00f3rg\u00e3o vem executando pol\u00edticas p\u00fablicas estrat\u00e9gicas voltadas ao fortalecimento do desenvolvimento rural na Bahia. Ele ressaltou que as iniciativas s\u00e3o desenvolvidas em parceria com diferentes inst\u00e2ncias do governo e abrangem \u00e1reas como regulariza\u00e7\u00e3o fundi\u00e1ria, assist\u00eancia t\u00e9cnica e extens\u00e3o rural (Ater), agrega\u00e7\u00e3o de valor \u00e0 produ\u00e7\u00e3o, agroindustrializa\u00e7\u00e3o e comercializa\u00e7\u00e3o de produtos.<\/p>\n\n\n\n<p>De acordo com Jeandro, as a\u00e7\u00f5es t\u00eam como objetivo garantir sustentabilidade e melhores condi\u00e7\u00f5es de vida para quem vive no campo. \u201cO Governo do Estado tem o compromisso de seguir promovendo o desenvolvimento e gerando oportunidades, a exemplo do novo edital anunciado durante o Encontro Estadual, que beneficiar\u00e1 agricultores e agricultoras familiares vinculados a sindicatos rurais\u201d, afirmou.<\/p>\n\n\n\n<p>O presidente da Fetag-BA, Jos\u00e9 Luiz Oliveira, destacou que o encontro representa um importante espa\u00e7o de debate e constru\u00e7\u00e3o conjunta entre a Federa\u00e7\u00e3o e o Governo do Estado, por meio da CAR. Segundo ele, o evento re\u00fane dirigentes sindicais de toda a Bahia, que apresentam uma amostra de seus produtos e discutem propostas elaboradas em parceria com a Companhia. Jos\u00e9 Luiz ressaltou ainda que a CAR tem sido uma aliada essencial no fortalecimento da agricultura familiar e do sindicalismo rural no estado.<\/p>\n\n\n\n<figure class=\"wp-block-image aligncenter size-full\"><a href=\"https:\/\/i0.wp.com\/blogdoeloiltoncajuhy.com.br\/site\/wp-content\/uploads\/2025\/10\/Encontro-Estadual-da-Fetag_BA-03-Foto-Marta-Medeiros.jpeg?ssl=1\"><img data-recalc-dims=\"1\" decoding=\"async\" width=\"768\" height=\"512\" src=\"https:\/\/i0.wp.com\/blogdoeloiltoncajuhy.com.br\/site\/wp-content\/uploads\/2025\/10\/Encontro-Estadual-da-Fetag_BA-03-Foto-Marta-Medeiros.jpeg?resize=768%2C512&#038;ssl=1\" alt=\"\" class=\"wp-image-91184\" srcset=\"https:\/\/i0.wp.com\/blogdoeloiltoncajuhy.com.br\/site\/wp-content\/uploads\/2025\/10\/Encontro-Estadual-da-Fetag_BA-03-Foto-Marta-Medeiros.jpeg?w=768&amp;ssl=1 768w, https:\/\/i0.wp.com\/blogdoeloiltoncajuhy.com.br\/site\/wp-content\/uploads\/2025\/10\/Encontro-Estadual-da-Fetag_BA-03-Foto-Marta-Medeiros.jpeg?resize=300%2C200&amp;ssl=1 300w\" sizes=\"(max-width: 768px) 100vw, 768px\" \/><\/a><figcaption class=\"wp-element-caption\"><sub>Encontro Estadual da Fetag-BA &#8211; Foto: Marta Medeiros<\/sub><\/figcaption><\/figure>\n\n\n\n<p>As pol\u00edticas p\u00fablicas voltadas \u00e0 agricultura familiar tamb\u00e9m t\u00eam um olhar especial para mulheres e jovens, como destacou Renilda Santos, agricultora familiar, vereadora do munic\u00edpio de \u00c1gua Fria e secret\u00e1ria de Mulheres da Fetag-BA.<\/p>\n\n\n\n<p>Para ela, os investimentos destinados \u00e0 agricultura familiar, especialmente para as mulheres, s\u00e3o fundamentais. \u201cTemos muitas mulheres chefes de fam\u00edlia que tamb\u00e9m ocupam cargos em sindicatos, associa\u00e7\u00f5es e parlamentos. Quando h\u00e1 pol\u00edticas voltadas para as mulheres, garante-se sua perman\u00eancia no campo e sua sobreviv\u00eancia. Essas a\u00e7\u00f5es fortalecem a produ\u00e7\u00e3o de alimentos limpos e de qualidade, essenciais para o sustento da popula\u00e7\u00e3o brasileira\u201d, afirmou.<\/p>\n\n\n\n<p>Durante o encontro, tamb\u00e9m est\u00e3o sendo debatidos temas como os desafios da sucess\u00e3o rural, o papel da juventude, das mulheres e das pessoas idosas no movimento sindical, al\u00e9m da sustentabilidade pol\u00edtico-financeira e da elabora\u00e7\u00e3o de propostas para fortalecer o Movimento Sindical dos Trabalhadores e Trabalhadoras Rurais (MSTTR).<\/p>\n","protected":false},"excerpt":{"rendered":"<p>Blog do Eloilton Cajuhy \u2013 BEC O Governo do Estado autorizou, na segunda-feira (27), a elabora\u00e7\u00e3o e publica\u00e7\u00e3o de um edital voltado \u00e0 qualifica\u00e7\u00e3o profissional de agricultores e agricultoras familiares vinculados a sindicatos de trabalhadores rurais em 50 munic\u00edpios baianos. A iniciativa tem como objetivo fortalecer a gera\u00e7\u00e3o de renda e ser\u00e1 executada por meio [&hellip;]<\/p>\n","protected":false},"author":2,"featured_media":91182,"comment_status":"open","ping_status":"open","sticky":false,"template":"","format":"standard","meta":{"_acf_changed":false,"_monsterinsights_skip_tracking":false,"_monsterinsights_sitenote_active":false,"_monsterinsights_sitenote_note":"","_monsterinsights_sitenote_category":0,"_jetpack_memberships_contains_paid_content":false,"footnotes":"","jetpack_publicize_message":"","jetpack_publicize_feature_enabled":true,"jetpack_social_post_already_shared":true,"jetpack_social_options":{"image_generator_settings":{"template":"highway","default_image_id":0,"font":"","enabled":false},"version":2}},"categories":[3],"tags":[],"class_list":["post-91181","post","type-post","status-publish","format-standard","has-post-thumbnail","hentry","category-politica"],"acf":[],"jetpack_publicize_connections":[],"jetpack_featured_media_url":"https:\/\/i0.wp.com\/blogdoeloiltoncajuhy.com.br\/site\/wp-content\/uploads\/2025\/10\/Encontro-Estadual-da-Fetag_BA-01-Fotos-Marta-Medeiros.jpeg?fit=768%2C512&ssl=1","jetpack_sharing_enabled":true,"publishpress_future_workflow_manual_trigger":{"enabledWorkflows":[]},"_links":{"self":[{"href":"https:\/\/blogdoeloiltoncajuhy.com.br\/site\/wp-json\/wp\/v2\/posts\/91181","targetHints":{"allow":["GET"]}}],"collection":[{"href":"https:\/\/blogdoeloiltoncajuhy.com.br\/site\/wp-json\/wp\/v2\/posts"}],"about":[{"href":"https:\/\/blogdoeloiltoncajuhy.com.br\/site\/wp-json\/wp\/v2\/types\/post"}],"author":[{"embeddable":true,"href":"https:\/\/blogdoeloiltoncajuhy.com.br\/site\/wp-json\/wp\/v2\/users\/2"}],"replies":[{"embeddable":true,"href":"https:\/\/blogdoeloiltoncajuhy.com.br\/site\/wp-json\/wp\/v2\/comments?post=91181"}],"version-history":[{"count":1,"href":"https:\/\/blogdoeloiltoncajuhy.com.br\/site\/wp-json\/wp\/v2\/posts\/91181\/revisions"}],"predecessor-version":[{"id":91185,"href":"https:\/\/blogdoeloiltoncajuhy.com.br\/site\/wp-json\/wp\/v2\/posts\/91181\/revisions\/91185"}],"wp:featuredmedia":[{"embeddable":true,"href":"https:\/\/blogdoeloiltoncajuhy.com.br\/site\/wp-json\/wp\/v2\/media\/91182"}],"wp:attachment":[{"href":"https:\/\/blogdoeloiltoncajuhy.com.br\/site\/wp-json\/wp\/v2\/media?parent=91181"}],"wp:term":[{"taxonomy":"category","embeddable":true,"href":"https:\/\/blogdoeloiltoncajuhy.com.br\/site\/wp-json\/wp\/v2\/categories?post=91181"},{"taxonomy":"post_tag","embeddable":true,"href":"https:\/\/blogdoeloiltoncajuhy.com.br\/site\/wp-json\/wp\/v2\/tags?post=91181"}],"curies":[{"name":"wp","href":"https:\/\/api.w.org\/{rel}","templated":true}]}}