{"id":91107,"date":"2025-10-25T21:02:04","date_gmt":"2025-10-26T00:02:04","guid":{"rendered":"https:\/\/blogdoeloiltoncajuhy.com.br\/site\/?p=91107"},"modified":"2025-10-25T21:02:06","modified_gmt":"2025-10-26T00:02:06","slug":"tres-suspeitos-de-atuar-em-faccao-da-bahia-morrem-em-confronto-com-a-policia-em-sergipe","status":"publish","type":"post","link":"https:\/\/blogdoeloiltoncajuhy.com.br\/site\/tres-suspeitos-de-atuar-em-faccao-da-bahia-morrem-em-confronto-com-a-policia-em-sergipe\/","title":{"rendered":"Tr\u00eas suspeitos de atuar em fac\u00e7\u00e3o da Bahia morrem em confronto com a pol\u00edcia em Sergipe"},"content":{"rendered":"\n<p class=\"has-medium-font-size\"><strong>De acordo com a Pol\u00edcia Civil, os homens foram abordados quando fariam uma entrega de drogas em Tobias Barreto<\/strong><\/p>\n\n\n\n<p><strong>Por g1 SE<\/strong><\/p>\n\n\n\n<figure class=\"wp-block-image aligncenter size-full\"><a href=\"https:\/\/i0.wp.com\/blogdoeloiltoncajuhy.com.br\/site\/wp-content\/uploads\/2025\/10\/Material-aprrendido-com-os-suspeitos-de-trafico-de-drogas-em-Tobias-Barreto-%E2%80%94-Foto-SSP.jpg?ssl=1\"><img data-recalc-dims=\"1\" fetchpriority=\"high\" decoding=\"async\" width=\"800\" height=\"450\" src=\"https:\/\/i0.wp.com\/blogdoeloiltoncajuhy.com.br\/site\/wp-content\/uploads\/2025\/10\/Material-aprrendido-com-os-suspeitos-de-trafico-de-drogas-em-Tobias-Barreto-%E2%80%94-Foto-SSP.jpg?resize=800%2C450&#038;ssl=1\" alt=\"\" class=\"wp-image-91108\" srcset=\"https:\/\/i0.wp.com\/blogdoeloiltoncajuhy.com.br\/site\/wp-content\/uploads\/2025\/10\/Material-aprrendido-com-os-suspeitos-de-trafico-de-drogas-em-Tobias-Barreto-%E2%80%94-Foto-SSP.jpg?w=984&amp;ssl=1 984w, https:\/\/i0.wp.com\/blogdoeloiltoncajuhy.com.br\/site\/wp-content\/uploads\/2025\/10\/Material-aprrendido-com-os-suspeitos-de-trafico-de-drogas-em-Tobias-Barreto-%E2%80%94-Foto-SSP.jpg?resize=300%2C169&amp;ssl=1 300w, https:\/\/i0.wp.com\/blogdoeloiltoncajuhy.com.br\/site\/wp-content\/uploads\/2025\/10\/Material-aprrendido-com-os-suspeitos-de-trafico-de-drogas-em-Tobias-Barreto-%E2%80%94-Foto-SSP.jpg?resize=768%2C432&amp;ssl=1 768w\" sizes=\"(max-width: 800px) 100vw, 800px\" \/><\/a><figcaption class=\"wp-element-caption\"><sub>Material apreendido com os suspeitos de tr\u00e1fico de drogas em Tobias Barreto \u2014 Foto: SSP<\/sub><\/figcaption><\/figure>\n\n\n\n<p>Tr\u00eas suspeitos de integrar uma fac\u00e7\u00e3o criminosa de tr\u00e1fico de drogas da Bahia morreram em confronto com policiais, na madrugada deste s\u00e1bado (25), no munic\u00edpio de Tobias Barreto . A informa\u00e7\u00e3o foi divulgada pela Pol\u00edcia Civil de Sergipe.<\/p>\n\n\n\n<p>De acordo com a pol\u00edcia, os homens foram abordados quando fariam uma entrega de drogas no munic\u00edpio de Tobias Barreto. Eles teriam reagido, foram baleados e n\u00e3o resistiram aos ferimentos.<\/p>\n\n\n\n<p><strong><a href=\"https:\/\/whatsapp.com\/channel\/0029VaAT7tDLI8Yfj5y9Z50Z\"><mark style=\"background-color:rgba(0, 0, 0, 0)\" class=\"has-inline-color has-vivid-red-color\">>> Clique aqui e entre no canal do BEC no WhatsApp<\/mark><\/a><\/strong><\/p>\n\n\n\n<p>Ainda de acordo com a pol\u00edcia, com os suspeitos foram encontrados dois rev\u00f3lveres e uma pistola.<\/p>\n","protected":false},"excerpt":{"rendered":"<p>De acordo com a Pol\u00edcia Civil, os homens foram abordados quando fariam uma entrega de drogas em Tobias Barreto Por g1 SE Tr\u00eas suspeitos de integrar uma fac\u00e7\u00e3o criminosa de tr\u00e1fico de drogas da Bahia morreram em confronto com policiais, na madrugada deste s\u00e1bado (25), no munic\u00edpio de Tobias Barreto . A informa\u00e7\u00e3o foi divulgada [&hellip;]<\/p>\n","protected":false},"author":2,"featured_media":91108,"comment_status":"open","ping_status":"open","sticky":false,"template":"","format":"standard","meta":{"_acf_changed":false,"_monsterinsights_skip_tracking":false,"_monsterinsights_sitenote_active":false,"_monsterinsights_sitenote_note":"","_monsterinsights_sitenote_category":0,"_jetpack_memberships_contains_paid_content":false,"footnotes":"","jetpack_publicize_message":"","jetpack_publicize_feature_enabled":true,"jetpack_social_post_already_shared":true,"jetpack_social_options":{"image_generator_settings":{"template":"highway","default_image_id":0,"font":"","enabled":false},"version":2}},"categories":[15],"tags":[],"class_list":["post-91107","post","type-post","status-publish","format-standard","has-post-thumbnail","hentry","category-policia"],"acf":[],"jetpack_publicize_connections":[],"jetpack_featured_media_url":"https:\/\/i0.wp.com\/blogdoeloiltoncajuhy.com.br\/site\/wp-content\/uploads\/2025\/10\/Material-aprrendido-com-os-suspeitos-de-trafico-de-drogas-em-Tobias-Barreto-%E2%80%94-Foto-SSP.jpg?fit=984%2C554&ssl=1","jetpack_sharing_enabled":true,"publishpress_future_workflow_manual_trigger":{"enabledWorkflows":[]},"_links":{"self":[{"href":"https:\/\/blogdoeloiltoncajuhy.com.br\/site\/wp-json\/wp\/v2\/posts\/91107","targetHints":{"allow":["GET"]}}],"collection":[{"href":"https:\/\/blogdoeloiltoncajuhy.com.br\/site\/wp-json\/wp\/v2\/posts"}],"about":[{"href":"https:\/\/blogdoeloiltoncajuhy.com.br\/site\/wp-json\/wp\/v2\/types\/post"}],"author":[{"embeddable":true,"href":"https:\/\/blogdoeloiltoncajuhy.com.br\/site\/wp-json\/wp\/v2\/users\/2"}],"replies":[{"embeddable":true,"href":"https:\/\/blogdoeloiltoncajuhy.com.br\/site\/wp-json\/wp\/v2\/comments?post=91107"}],"version-history":[{"count":1,"href":"https:\/\/blogdoeloiltoncajuhy.com.br\/site\/wp-json\/wp\/v2\/posts\/91107\/revisions"}],"predecessor-version":[{"id":91109,"href":"https:\/\/blogdoeloiltoncajuhy.com.br\/site\/wp-json\/wp\/v2\/posts\/91107\/revisions\/91109"}],"wp:featuredmedia":[{"embeddable":true,"href":"https:\/\/blogdoeloiltoncajuhy.com.br\/site\/wp-json\/wp\/v2\/media\/91108"}],"wp:attachment":[{"href":"https:\/\/blogdoeloiltoncajuhy.com.br\/site\/wp-json\/wp\/v2\/media?parent=91107"}],"wp:term":[{"taxonomy":"category","embeddable":true,"href":"https:\/\/blogdoeloiltoncajuhy.com.br\/site\/wp-json\/wp\/v2\/categories?post=91107"},{"taxonomy":"post_tag","embeddable":true,"href":"https:\/\/blogdoeloiltoncajuhy.com.br\/site\/wp-json\/wp\/v2\/tags?post=91107"}],"curies":[{"name":"wp","href":"https:\/\/api.w.org\/{rel}","templated":true}]}}