{"id":91104,"date":"2025-10-25T20:53:56","date_gmt":"2025-10-25T23:53:56","guid":{"rendered":"https:\/\/blogdoeloiltoncajuhy.com.br\/site\/?p=91104"},"modified":"2025-10-25T20:53:58","modified_gmt":"2025-10-25T23:53:58","slug":"mulher-morre-apos-beber-refrigerante-e-passar-mal-no-trabalho","status":"publish","type":"post","link":"https:\/\/blogdoeloiltoncajuhy.com.br\/site\/mulher-morre-apos-beber-refrigerante-e-passar-mal-no-trabalho\/","title":{"rendered":"Mulher morre ap\u00f3s beber refrigerante e passar mal no trabalho"},"content":{"rendered":"\n<p class=\"has-medium-font-size\"><strong>V\u00edtima foi identificada como Ivonete Souza Cruz Gon\u00e7alves, de 40 anos<\/strong><\/p>\n\n\n\n<p><strong>Por g1 Feira de Santana e regi\u00e3o<\/strong><\/p>\n\n\n\n<figure class=\"wp-block-image aligncenter size-full\"><a href=\"https:\/\/i0.wp.com\/blogdoeloiltoncajuhy.com.br\/site\/wp-content\/uploads\/2025\/10\/Mulher-morreu-apos-passar-mal-depois-de-tomar-refrigerante-em-Feira-de-Santana-%E2%80%94-Foto-Redes-Sociais.jpg?ssl=1\"><img data-recalc-dims=\"1\" fetchpriority=\"high\" decoding=\"async\" width=\"800\" height=\"501\" src=\"https:\/\/i0.wp.com\/blogdoeloiltoncajuhy.com.br\/site\/wp-content\/uploads\/2025\/10\/Mulher-morreu-apos-passar-mal-depois-de-tomar-refrigerante-em-Feira-de-Santana-%E2%80%94-Foto-Redes-Sociais.jpg?resize=800%2C501&#038;ssl=1\" alt=\"\" class=\"wp-image-91105\" srcset=\"https:\/\/i0.wp.com\/blogdoeloiltoncajuhy.com.br\/site\/wp-content\/uploads\/2025\/10\/Mulher-morreu-apos-passar-mal-depois-de-tomar-refrigerante-em-Feira-de-Santana-%E2%80%94-Foto-Redes-Sociais.jpg?w=984&amp;ssl=1 984w, https:\/\/i0.wp.com\/blogdoeloiltoncajuhy.com.br\/site\/wp-content\/uploads\/2025\/10\/Mulher-morreu-apos-passar-mal-depois-de-tomar-refrigerante-em-Feira-de-Santana-%E2%80%94-Foto-Redes-Sociais.jpg?resize=300%2C188&amp;ssl=1 300w, https:\/\/i0.wp.com\/blogdoeloiltoncajuhy.com.br\/site\/wp-content\/uploads\/2025\/10\/Mulher-morreu-apos-passar-mal-depois-de-tomar-refrigerante-em-Feira-de-Santana-%E2%80%94-Foto-Redes-Sociais.jpg?resize=768%2C481&amp;ssl=1 768w\" sizes=\"(max-width: 800px) 100vw, 800px\" \/><\/a><figcaption class=\"wp-element-caption\"><sub>Mulher morreu ap\u00f3s passar mal depois de tomar refrigerante em Feira de Santana \u2014 Foto: Redes Sociais<\/sub><\/figcaption><\/figure>\n\n\n\n<p>Uma mulher de 40 anos morreu ap\u00f3s passar mal na noite de sexta-feira (24), em Feira de Santana, segunda maior cidade da Bahia. Ela foi identificada como <strong>Ivonete Souza Cruz Gon\u00e7alves<\/strong>.<\/p>\n\n\n\n<p>Conforme apura\u00e7\u00e3o da <strong>TV Suba\u00e9<\/strong>, testemunhas relataram que a v\u00edtima estava no trabalho, no bairro Rua Nova, quando tomou um refrigerante. Momentos depois, a mulher come\u00e7ou a passar mal e apresentou espuma na boca e no nariz.<\/p>\n\n\n\n<p>Ivonete foi socorrida e encaminhada para a Policl\u00ednica da Rua Nova, mas chegou ao local sem vida. O corpo foi encaminhado para o Departamento de Pol\u00edcia T\u00e9cnica (DPT). Ainda n\u00e3o h\u00e1 informa\u00e7\u00f5es sobre vel\u00f3rio e sepultamento do corpo da v\u00edtima.<\/p>\n\n\n\n<p><strong><a href=\"https:\/\/whatsapp.com\/channel\/0029VaAT7tDLI8Yfj5y9Z50Z\"><mark style=\"background-color:rgba(0, 0, 0, 0)\" class=\"has-inline-color has-vivid-red-color\">>> Clique aqui e entre no canal do BEC no WhatsApp<\/mark><\/a><\/strong><\/p>\n\n\n\n<p>A pol\u00edcia informou que somente os exames necrosc\u00f3picos realizados podem definir a causa da morte, e, com isso, saber se h\u00e1 rela\u00e7\u00e3o com o refrigerante que a v\u00edtima bebeu. O caso \u00e9 investigado pela 2\u00aa\u202fDelegacia\u202fTerritorial (DT) de Feira de Santana.<\/p>\n","protected":false},"excerpt":{"rendered":"<p>V\u00edtima foi identificada como Ivonete Souza Cruz Gon\u00e7alves, de 40 anos Por g1 Feira de Santana e regi\u00e3o Uma mulher de 40 anos morreu ap\u00f3s passar mal na noite de sexta-feira (24), em Feira de Santana, segunda maior cidade da Bahia. Ela foi identificada como Ivonete Souza Cruz Gon\u00e7alves. Conforme apura\u00e7\u00e3o da TV Suba\u00e9, testemunhas [&hellip;]<\/p>\n","protected":false},"author":2,"featured_media":91105,"comment_status":"open","ping_status":"open","sticky":false,"template":"","format":"standard","meta":{"_acf_changed":false,"_monsterinsights_skip_tracking":false,"_monsterinsights_sitenote_active":false,"_monsterinsights_sitenote_note":"","_monsterinsights_sitenote_category":0,"_jetpack_memberships_contains_paid_content":false,"footnotes":"","jetpack_publicize_message":"","jetpack_publicize_feature_enabled":true,"jetpack_social_post_already_shared":true,"jetpack_social_options":{"image_generator_settings":{"template":"highway","default_image_id":0,"font":"","enabled":false},"version":2}},"categories":[15],"tags":[],"class_list":["post-91104","post","type-post","status-publish","format-standard","has-post-thumbnail","hentry","category-policia"],"acf":[],"jetpack_publicize_connections":[],"jetpack_featured_media_url":"https:\/\/i0.wp.com\/blogdoeloiltoncajuhy.com.br\/site\/wp-content\/uploads\/2025\/10\/Mulher-morreu-apos-passar-mal-depois-de-tomar-refrigerante-em-Feira-de-Santana-%E2%80%94-Foto-Redes-Sociais.jpg?fit=984%2C616&ssl=1","jetpack_sharing_enabled":true,"publishpress_future_workflow_manual_trigger":{"enabledWorkflows":[]},"_links":{"self":[{"href":"https:\/\/blogdoeloiltoncajuhy.com.br\/site\/wp-json\/wp\/v2\/posts\/91104","targetHints":{"allow":["GET"]}}],"collection":[{"href":"https:\/\/blogdoeloiltoncajuhy.com.br\/site\/wp-json\/wp\/v2\/posts"}],"about":[{"href":"https:\/\/blogdoeloiltoncajuhy.com.br\/site\/wp-json\/wp\/v2\/types\/post"}],"author":[{"embeddable":true,"href":"https:\/\/blogdoeloiltoncajuhy.com.br\/site\/wp-json\/wp\/v2\/users\/2"}],"replies":[{"embeddable":true,"href":"https:\/\/blogdoeloiltoncajuhy.com.br\/site\/wp-json\/wp\/v2\/comments?post=91104"}],"version-history":[{"count":1,"href":"https:\/\/blogdoeloiltoncajuhy.com.br\/site\/wp-json\/wp\/v2\/posts\/91104\/revisions"}],"predecessor-version":[{"id":91106,"href":"https:\/\/blogdoeloiltoncajuhy.com.br\/site\/wp-json\/wp\/v2\/posts\/91104\/revisions\/91106"}],"wp:featuredmedia":[{"embeddable":true,"href":"https:\/\/blogdoeloiltoncajuhy.com.br\/site\/wp-json\/wp\/v2\/media\/91105"}],"wp:attachment":[{"href":"https:\/\/blogdoeloiltoncajuhy.com.br\/site\/wp-json\/wp\/v2\/media?parent=91104"}],"wp:term":[{"taxonomy":"category","embeddable":true,"href":"https:\/\/blogdoeloiltoncajuhy.com.br\/site\/wp-json\/wp\/v2\/categories?post=91104"},{"taxonomy":"post_tag","embeddable":true,"href":"https:\/\/blogdoeloiltoncajuhy.com.br\/site\/wp-json\/wp\/v2\/tags?post=91104"}],"curies":[{"name":"wp","href":"https:\/\/api.w.org\/{rel}","templated":true}]}}