{"id":91094,"date":"2025-10-25T15:46:44","date_gmt":"2025-10-25T18:46:44","guid":{"rendered":"https:\/\/blogdoeloiltoncajuhy.com.br\/site\/?p=91094"},"modified":"2025-10-25T15:46:46","modified_gmt":"2025-10-25T18:46:46","slug":"centro-de-referencia-participa-de-anuncio-de-novo-medicamento-no-sus-para-criancas-com-hemofilia","status":"publish","type":"post","link":"https:\/\/blogdoeloiltoncajuhy.com.br\/site\/centro-de-referencia-participa-de-anuncio-de-novo-medicamento-no-sus-para-criancas-com-hemofilia\/","title":{"rendered":"Centro de Refer\u00eancia participa de an\u00fancio de novo medicamento no SUS para crian\u00e7as com hemofilia"},"content":{"rendered":"\n<p><strong>Blog do Eloilton Cajuhy &#8211; BEC<\/strong><\/p>\n\n\n\n<figure class=\"wp-block-image aligncenter size-full\"><a href=\"https:\/\/i0.wp.com\/blogdoeloiltoncajuhy.com.br\/site\/wp-content\/uploads\/2025\/10\/Hemoba-Ministerio-da-Saude-Ascom-Hemoba-24.jpeg?ssl=1\"><img data-recalc-dims=\"1\" fetchpriority=\"high\" decoding=\"async\" width=\"768\" height=\"576\" src=\"https:\/\/i0.wp.com\/blogdoeloiltoncajuhy.com.br\/site\/wp-content\/uploads\/2025\/10\/Hemoba-Ministerio-da-Saude-Ascom-Hemoba-24.jpeg?resize=768%2C576&#038;ssl=1\" alt=\"\" class=\"wp-image-91095\" srcset=\"https:\/\/i0.wp.com\/blogdoeloiltoncajuhy.com.br\/site\/wp-content\/uploads\/2025\/10\/Hemoba-Ministerio-da-Saude-Ascom-Hemoba-24.jpeg?w=768&amp;ssl=1 768w, https:\/\/i0.wp.com\/blogdoeloiltoncajuhy.com.br\/site\/wp-content\/uploads\/2025\/10\/Hemoba-Ministerio-da-Saude-Ascom-Hemoba-24.jpeg?resize=300%2C225&amp;ssl=1 300w\" sizes=\"(max-width: 768px) 100vw, 768px\" \/><\/a><figcaption class=\"wp-element-caption\"><sub>Foto: Ascom Hemoba<\/sub><\/figcaption><\/figure>\n\n\n\n<p>O Centro Estadual de Refer\u00eancia \u00e0s Pessoas com Doen\u00e7a Falciforme (CERPDF\/Hemoba) participou, nesta sexta-feira (24), da cerim\u00f4nia virtual promovida pelo Minist\u00e9rio da Sa\u00fade, ao lado de representantes de outros cinco hemocentros do pa\u00eds (Bras\u00edlia, Pernambuco, Cear\u00e1, Paran\u00e1 e Par\u00e1), para o an\u00fancio do parecer favor\u00e1vel ao uso do medicamento Emicizumabe no Sistema \u00danico de Sa\u00fade (SUS) para pacientes com hemofilia A de 0 a 6 anos de idade.<\/p>\n\n\n\n<p>\u201cHoje \u00e9 um dia muito feliz para n\u00f3s, do Minist\u00e9rio da Sa\u00fade, e, sobretudo, para toda a popula\u00e7\u00e3o brasileira. A incorpora\u00e7\u00e3o do medicamento Emicizumabe para crian\u00e7as com hemofilia A, de 0 a 6 anos, representa uma oportunidade de oferecer mais dignidade e qualidade de vida. Esse tratamento trar\u00e1 mais conforto e menos efeitos adversos para as crian\u00e7as. \u00c9, portanto, mais um direito conquistado, um passo importante no fortalecimento do Sistema \u00danico de Sa\u00fade e no cuidado com a popula\u00e7\u00e3o brasileira\u201d, declarou Aline Costa, diretora do Departamento de Coopera\u00e7\u00e3o T\u00e9cnica e Desenvolvimento em Sa\u00fade do Minist\u00e9rio da Sa\u00fade.<\/p>\n\n\n\n<p><strong><a href=\"https:\/\/whatsapp.com\/channel\/0029VaAT7tDLI8Yfj5y9Z50Z\"><mark style=\"background-color:rgba(0, 0, 0, 0)\" class=\"has-inline-color has-vivid-red-color\">>> Clique aqui e entre no canal do BEC no WhatsApp<\/mark><\/a><\/strong><\/p>\n\n\n\n<p>Embora o medicamento j\u00e1 estivesse dispon\u00edvel no SUS desde 2021, sua recomenda\u00e7\u00e3o agora se estende tamb\u00e9m \u00e0s crian\u00e7as dessa faixa et\u00e1ria. No Centro de Refer\u00eancia da Hemoba, dos 842 pacientes com hemofilia A e B acompanhados neste ano, 56 s\u00e3o crian\u00e7as de 0 a 6 anos com hemofilia A. Segundo o Minist\u00e9rio da Sa\u00fade, cerca de 13 mil pessoas vivem com essa enfermidade no Brasil, o que representa a quarta maior popula\u00e7\u00e3o mundial de pacientes com a doen\u00e7a.<\/p>\n\n\n\n<p>\u201cCom esta amplia\u00e7\u00e3o do uso do Emicizumabe, vamos quase quadruplicar o n\u00famero de pacientes que utilizam a medica\u00e7\u00e3o no estado. \u00c9 um avan\u00e7o muito grande para as crian\u00e7as que hoje sofrem com pun\u00e7\u00f5es venosas repetidas, pois poder\u00e3o fazer uso de uma medica\u00e7\u00e3o subcut\u00e2nea, com muito mais facilidade e ades\u00e3o ao tratamento. Isso aumenta a inclus\u00e3o social, proporciona prote\u00e7\u00e3o prolongada e amplia a possibilidade de as crian\u00e7as brincarem e viverem melhor. S\u00f3 temos a agradecer ao Minist\u00e9rio da Sa\u00fade por essa conquista em favor dessa popula\u00e7\u00e3o\u201d, destacou Anelisa Streva, diretora do Centro de Refer\u00eancia.<\/p>\n\n\n\n<figure class=\"wp-block-image aligncenter size-full\"><a href=\"https:\/\/i0.wp.com\/blogdoeloiltoncajuhy.com.br\/site\/wp-content\/uploads\/2025\/10\/Hemoba-Ministerio-da-Saude-Ascom-Hemoba-41-jornal.jpeg?ssl=1\"><img data-recalc-dims=\"1\" decoding=\"async\" width=\"768\" height=\"476\" src=\"https:\/\/i0.wp.com\/blogdoeloiltoncajuhy.com.br\/site\/wp-content\/uploads\/2025\/10\/Hemoba-Ministerio-da-Saude-Ascom-Hemoba-41-jornal.jpeg?resize=768%2C476&#038;ssl=1\" alt=\"\" class=\"wp-image-91096\" srcset=\"https:\/\/i0.wp.com\/blogdoeloiltoncajuhy.com.br\/site\/wp-content\/uploads\/2025\/10\/Hemoba-Ministerio-da-Saude-Ascom-Hemoba-41-jornal.jpeg?w=768&amp;ssl=1 768w, https:\/\/i0.wp.com\/blogdoeloiltoncajuhy.com.br\/site\/wp-content\/uploads\/2025\/10\/Hemoba-Ministerio-da-Saude-Ascom-Hemoba-41-jornal.jpeg?resize=300%2C186&amp;ssl=1 300w\" sizes=\"(max-width: 768px) 100vw, 768px\" \/><\/a><figcaption class=\"wp-element-caption\"><sub>Foto: Ascom Hemoba<\/sub><\/figcaption><\/figure>\n\n\n\n<p>A hemofilia A \u00e9 um dist\u00farbio gen\u00e9tico que afeta a coagula\u00e7\u00e3o do sangue, caracterizado pela defici\u00eancia ou anormalidade do fator VIII, resultando em epis\u00f3dios de sangramento, especialmente nas articula\u00e7\u00f5es. O Emicizumabe \u00e9 um medicamento de aplica\u00e7\u00e3o subcut\u00e2nea que imita a fun\u00e7\u00e3o do fator VIII, prevenindo sangramentos e reduzindo a frequ\u00eancia de hemorragias. Essa terapia proporciona melhor qualidade de vida a pacientes adultos e pedi\u00e1tricos, pois requer apenas uma aplica\u00e7\u00e3o semanal.<\/p>\n\n\n\n<p>A cerim\u00f4nia contou com a presen\u00e7a do ministro da Sa\u00fade, Alexandre Padilha, e dos representantes dos hemocentros de Bras\u00edlia, Pernambuco, Cear\u00e1, Paran\u00e1 e Par\u00e1. Em Salvador, participaram do evento o diretor-geral da Hemoba, Luiz Catto; a diretora do Centro de Refer\u00eancia, Anelisa Streva; a diretora do Departamento de Coopera\u00e7\u00e3o T\u00e9cnica e Desenvolvimento em Sa\u00fade do Minist\u00e9rio da Sa\u00fade, Aline Costa; a representante do Gabinete da Secretaria de Aten\u00e7\u00e3o Especializada \u00e0 Sa\u00fade do Minist\u00e9rio da Sa\u00fade, Suzana Ribeiro; a coordenadora executiva de Fortalecimento do SUS da Bahia, Roberta Sampaio; a superintendente do Minist\u00e9rio da Sa\u00fade na Bahia, Joana Paroli; o presidente da Associa\u00e7\u00e3o Baiana de Hemof\u00edlicos, Almir Bastos; e a representante do Conselho Estadual dos Secret\u00e1rios Municipais de Sa\u00fade da Bahia, Elba Brito.<\/p>\n","protected":false},"excerpt":{"rendered":"<p>Blog do Eloilton Cajuhy &#8211; BEC O Centro Estadual de Refer\u00eancia \u00e0s Pessoas com Doen\u00e7a Falciforme (CERPDF\/Hemoba) participou, nesta sexta-feira (24), da cerim\u00f4nia virtual promovida pelo Minist\u00e9rio da Sa\u00fade, ao lado de representantes de outros cinco hemocentros do pa\u00eds (Bras\u00edlia, Pernambuco, Cear\u00e1, Paran\u00e1 e Par\u00e1), para o an\u00fancio do parecer favor\u00e1vel ao uso do medicamento [&hellip;]<\/p>\n","protected":false},"author":2,"featured_media":91095,"comment_status":"open","ping_status":"open","sticky":false,"template":"","format":"standard","meta":{"_acf_changed":false,"_monsterinsights_skip_tracking":false,"_monsterinsights_sitenote_active":false,"_monsterinsights_sitenote_note":"","_monsterinsights_sitenote_category":0,"_jetpack_memberships_contains_paid_content":false,"footnotes":"","jetpack_publicize_message":"","jetpack_publicize_feature_enabled":true,"jetpack_social_post_already_shared":false,"jetpack_social_options":{"image_generator_settings":{"template":"highway","default_image_id":0,"font":"","enabled":false},"version":2}},"categories":[7],"tags":[],"class_list":["post-91094","post","type-post","status-publish","format-standard","has-post-thumbnail","hentry","category-saude"],"acf":[],"jetpack_publicize_connections":[],"jetpack_featured_media_url":"https:\/\/i0.wp.com\/blogdoeloiltoncajuhy.com.br\/site\/wp-content\/uploads\/2025\/10\/Hemoba-Ministerio-da-Saude-Ascom-Hemoba-24.jpeg?fit=768%2C576&ssl=1","jetpack_sharing_enabled":true,"publishpress_future_workflow_manual_trigger":{"enabledWorkflows":[]},"_links":{"self":[{"href":"https:\/\/blogdoeloiltoncajuhy.com.br\/site\/wp-json\/wp\/v2\/posts\/91094","targetHints":{"allow":["GET"]}}],"collection":[{"href":"https:\/\/blogdoeloiltoncajuhy.com.br\/site\/wp-json\/wp\/v2\/posts"}],"about":[{"href":"https:\/\/blogdoeloiltoncajuhy.com.br\/site\/wp-json\/wp\/v2\/types\/post"}],"author":[{"embeddable":true,"href":"https:\/\/blogdoeloiltoncajuhy.com.br\/site\/wp-json\/wp\/v2\/users\/2"}],"replies":[{"embeddable":true,"href":"https:\/\/blogdoeloiltoncajuhy.com.br\/site\/wp-json\/wp\/v2\/comments?post=91094"}],"version-history":[{"count":1,"href":"https:\/\/blogdoeloiltoncajuhy.com.br\/site\/wp-json\/wp\/v2\/posts\/91094\/revisions"}],"predecessor-version":[{"id":91097,"href":"https:\/\/blogdoeloiltoncajuhy.com.br\/site\/wp-json\/wp\/v2\/posts\/91094\/revisions\/91097"}],"wp:featuredmedia":[{"embeddable":true,"href":"https:\/\/blogdoeloiltoncajuhy.com.br\/site\/wp-json\/wp\/v2\/media\/91095"}],"wp:attachment":[{"href":"https:\/\/blogdoeloiltoncajuhy.com.br\/site\/wp-json\/wp\/v2\/media?parent=91094"}],"wp:term":[{"taxonomy":"category","embeddable":true,"href":"https:\/\/blogdoeloiltoncajuhy.com.br\/site\/wp-json\/wp\/v2\/categories?post=91094"},{"taxonomy":"post_tag","embeddable":true,"href":"https:\/\/blogdoeloiltoncajuhy.com.br\/site\/wp-json\/wp\/v2\/tags?post=91094"}],"curies":[{"name":"wp","href":"https:\/\/api.w.org\/{rel}","templated":true}]}}