{"id":91071,"date":"2025-10-23T17:04:26","date_gmt":"2025-10-23T20:04:26","guid":{"rendered":"https:\/\/blogdoeloiltoncajuhy.com.br\/site\/?p=91071"},"modified":"2025-10-23T17:05:57","modified_gmt":"2025-10-23T20:05:57","slug":"ibge-abrira-concurso-com-9-580-vagas-edital-sai-em-novembro-e-provas-serao-em-2026","status":"publish","type":"post","link":"https:\/\/blogdoeloiltoncajuhy.com.br\/site\/ibge-abrira-concurso-com-9-580-vagas-edital-sai-em-novembro-e-provas-serao-em-2026\/","title":{"rendered":"IBGE abrir\u00e1 concurso com 9.580 vagas; edital sai em novembro e provas ser\u00e3o em 2026"},"content":{"rendered":"\n<p class=\"has-medium-font-size\"><strong>As contrata\u00e7\u00f5es tempor\u00e1rias de agentes e supervisores ser\u00e3o realizadas por meio de processo seletivo simplificado. O resultado final ser\u00e1 divulgado em mar\u00e7o<\/strong><\/p>\n\n\n\n<p><strong>Por Reda\u00e7\u00e3o g1<\/strong> \u2014 S\u00e3o Paulo<\/p>\n\n\n\n<figure class=\"wp-block-image aligncenter size-full\"><a href=\"https:\/\/i0.wp.com\/blogdoeloiltoncajuhy.com.br\/site\/wp-content\/uploads\/2025\/10\/Governo-autoriza-IBGE-a-contratar-95-mil-profissionais-para-pesquisas-estatisticas-%E2%80%94-Foto-Tania-Rego-Agencia-Brasil.png?ssl=1\"><img data-recalc-dims=\"1\" fetchpriority=\"high\" decoding=\"async\" width=\"800\" height=\"482\" src=\"https:\/\/i0.wp.com\/blogdoeloiltoncajuhy.com.br\/site\/wp-content\/uploads\/2025\/10\/Governo-autoriza-IBGE-a-contratar-95-mil-profissionais-para-pesquisas-estatisticas-%E2%80%94-Foto-Tania-Rego-Agencia-Brasil.png?resize=800%2C482&#038;ssl=1\" alt=\"\" class=\"wp-image-91072\" srcset=\"https:\/\/i0.wp.com\/blogdoeloiltoncajuhy.com.br\/site\/wp-content\/uploads\/2025\/10\/Governo-autoriza-IBGE-a-contratar-95-mil-profissionais-para-pesquisas-estatisticas-%E2%80%94-Foto-Tania-Rego-Agencia-Brasil.png?w=813&amp;ssl=1 813w, https:\/\/i0.wp.com\/blogdoeloiltoncajuhy.com.br\/site\/wp-content\/uploads\/2025\/10\/Governo-autoriza-IBGE-a-contratar-95-mil-profissionais-para-pesquisas-estatisticas-%E2%80%94-Foto-Tania-Rego-Agencia-Brasil.png?resize=300%2C181&amp;ssl=1 300w, https:\/\/i0.wp.com\/blogdoeloiltoncajuhy.com.br\/site\/wp-content\/uploads\/2025\/10\/Governo-autoriza-IBGE-a-contratar-95-mil-profissionais-para-pesquisas-estatisticas-%E2%80%94-Foto-Tania-Rego-Agencia-Brasil.png?resize=768%2C463&amp;ssl=1 768w\" sizes=\"(max-width: 800px) 100vw, 800px\" \/><\/a><figcaption class=\"wp-element-caption\"><sub>Governo autoriza IBGE a contratar 9,5 mil profissionais para pesquisas estat\u00edsticas \u2014 Foto: T\u00e2nia R\u00eago\/Ag\u00eancia Brasil<\/sub><\/figcaption><\/figure>\n\n\n\n<p>O Instituto Brasileiro de Geografia e Estat\u00edstica (IBGE) vai abrir um novo concurso p\u00fablico para preencher 9.580 vagas tempor\u00e1rias de n\u00edvel m\u00e9dio.<\/p>\n\n\n\n<p>O processo seletivo foi anunciado em agosto, ap\u00f3s a publica\u00e7\u00e3o no Di\u00e1rio Oficial da Uni\u00e3o (DOU). Agora, novos detalhes foram divulgados.<\/p>\n\n\n\n<p><strong><a href=\"https:\/\/whatsapp.com\/channel\/0029VaAT7tDLI8Yfj5y9Z50Z\"><mark style=\"background-color:rgba(0, 0, 0, 0)\" class=\"has-inline-color has-vivid-red-color\">&gt;&gt; Clique aqui e entre no canal do BEC no WhatsApp<\/mark><\/a><\/strong><\/p>\n\n\n\n<p>Segundo o IBGE, a Funda\u00e7\u00e3o Getulio Vargas (FGV) foi oficialmente contratada para organizar o concurso p\u00fablico.<\/p>\n\n\n\n<p>A publica\u00e7\u00e3o dos editais est\u00e1 prevista para novembro deste ano. As provas devem ocorrer em janeiro de 2026, e o resultado final ser\u00e1 divulgado em mar\u00e7o do mesmo ano.<\/p>\n\n\n\n<figure class=\"wp-block-pullquote\"><blockquote><p><strong><mark style=\"background-color:rgba(0, 0, 0, 0)\" class=\"has-inline-color has-black-color\"><em>\u201cO concurso de tempor\u00e1rios \u00e9 essencial para o funcionamento das pesquisas estat\u00edsticas e geogr\u00e1ficas do pa\u00eds. Ele possibilita a contrata\u00e7\u00e3o de profissionais que garantem a coleta de dados atualizados e de alcance nacional&#8221;, afirmou o presidente do IBGE, Marcio Pochmann.<\/em><\/mark><\/strong><\/p><\/blockquote><\/figure>\n\n\n\n<p>Os aprovados ser\u00e3o contratados para a &#8220;realiza\u00e7\u00e3o de pesquisas de natureza estat\u00edstica efetuadas pelo IBGE em todo o territ\u00f3rio nacional&#8221;.<\/p>\n\n\n\n<p>O instituo ainda destaca que o processo seletivo de tempor\u00e1rios \u00e9 o &#8220;maior&#8221; da hist\u00f3ria. <strong>As oportunidades est\u00e3o divididas da seguinte forma:<\/strong><\/p>\n\n\n\n<p class=\"has-black-color has-text-color has-link-color has-medium-font-size wp-elements-6c7fa8cf8157cbd98c5d944da3b0e2be\"><strong>Agente de Pesquisas e Mapeamento<\/strong><\/p>\n\n\n\n<ul class=\"wp-block-list\">\n<li>Fun\u00e7\u00e3o: Coleta de informa\u00e7\u00f5es;<\/li>\n\n\n\n<li>Total de Vagas: 8.480.<\/li>\n<\/ul>\n\n\n\n<p><\/p>\n\n\n\n<p class=\"has-black-color has-text-color has-link-color has-medium-font-size wp-elements-368ed2cfc561a0f5923b19e9900fa26e\"><strong>Supervisor de Coleta e Qualidade<\/strong><\/p>\n\n\n\n<p>Fun\u00e7\u00e3o: Supervis\u00e3o de Coleta e Qualidade;<br>Total de Vagas: 1.100.<\/p>\n\n\n\n<p><\/p>\n\n\n\n<p>O prazo de dura\u00e7\u00e3o dos contratos ser\u00e1 de um ano, prorrog\u00e1vel para at\u00e9 no m\u00e1ximo tr\u00eas anos. O IBGE ainda definir\u00e1 a remunera\u00e7\u00e3o para cada cargo, observando os limites previstos em lei.<\/p>\n\n\n\n<p>O recrutamento vai acontecer por meio de um Processo Seletivo Simplificado (PSS), que ser\u00e1 amplamente divulgado.<\/p>\n\n\n\n<p>As informa\u00e7\u00f5es do concurso, como o lan\u00e7amento do edital, calend\u00e1rio e inscri\u00e7\u00f5es, ser\u00e3o divulgadas exclusivamente nos canais oficiais do IBGE e da FGV.<\/p>\n\n\n\n<p>O \u00faltimo concurso do IBGE foi em 2023, quando o governo federal autorizou o instituto a realizar concurso para contratar 8.141 funcion\u00e1rios tempor\u00e1rios para a elabora\u00e7\u00e3o de pesquisas.<\/p>\n\n\n\n<p>Al\u00e9m disso, no ano passado o IBGE tamb\u00e9m ofertou 895 oportunidades no Concurso P\u00fablico Nacional Unificado (CPNU).<\/p>\n","protected":false},"excerpt":{"rendered":"<p>As contrata\u00e7\u00f5es tempor\u00e1rias de agentes e supervisores ser\u00e3o realizadas por meio de processo seletivo simplificado. O resultado final ser\u00e1 divulgado em mar\u00e7o Por Reda\u00e7\u00e3o g1 \u2014 S\u00e3o Paulo O Instituto Brasileiro de Geografia e Estat\u00edstica (IBGE) vai abrir um novo concurso p\u00fablico para preencher 9.580 vagas tempor\u00e1rias de n\u00edvel m\u00e9dio. O processo seletivo foi anunciado [&hellip;]<\/p>\n","protected":false},"author":2,"featured_media":91072,"comment_status":"open","ping_status":"open","sticky":false,"template":"","format":"standard","meta":{"_acf_changed":false,"_monsterinsights_skip_tracking":false,"_monsterinsights_sitenote_active":false,"_monsterinsights_sitenote_note":"","_monsterinsights_sitenote_category":0,"_jetpack_memberships_contains_paid_content":false,"footnotes":"","jetpack_publicize_message":"","jetpack_publicize_feature_enabled":true,"jetpack_social_post_already_shared":true,"jetpack_social_options":{"image_generator_settings":{"template":"highway","default_image_id":0,"font":"","enabled":false},"version":2}},"categories":[32],"tags":[],"class_list":["post-91071","post","type-post","status-publish","format-standard","has-post-thumbnail","hentry","category-emprego"],"acf":[],"jetpack_publicize_connections":[],"jetpack_featured_media_url":"https:\/\/i0.wp.com\/blogdoeloiltoncajuhy.com.br\/site\/wp-content\/uploads\/2025\/10\/Governo-autoriza-IBGE-a-contratar-95-mil-profissionais-para-pesquisas-estatisticas-%E2%80%94-Foto-Tania-Rego-Agencia-Brasil.png?fit=813%2C490&ssl=1","jetpack_sharing_enabled":true,"publishpress_future_workflow_manual_trigger":{"enabledWorkflows":[]},"_links":{"self":[{"href":"https:\/\/blogdoeloiltoncajuhy.com.br\/site\/wp-json\/wp\/v2\/posts\/91071","targetHints":{"allow":["GET"]}}],"collection":[{"href":"https:\/\/blogdoeloiltoncajuhy.com.br\/site\/wp-json\/wp\/v2\/posts"}],"about":[{"href":"https:\/\/blogdoeloiltoncajuhy.com.br\/site\/wp-json\/wp\/v2\/types\/post"}],"author":[{"embeddable":true,"href":"https:\/\/blogdoeloiltoncajuhy.com.br\/site\/wp-json\/wp\/v2\/users\/2"}],"replies":[{"embeddable":true,"href":"https:\/\/blogdoeloiltoncajuhy.com.br\/site\/wp-json\/wp\/v2\/comments?post=91071"}],"version-history":[{"count":3,"href":"https:\/\/blogdoeloiltoncajuhy.com.br\/site\/wp-json\/wp\/v2\/posts\/91071\/revisions"}],"predecessor-version":[{"id":91075,"href":"https:\/\/blogdoeloiltoncajuhy.com.br\/site\/wp-json\/wp\/v2\/posts\/91071\/revisions\/91075"}],"wp:featuredmedia":[{"embeddable":true,"href":"https:\/\/blogdoeloiltoncajuhy.com.br\/site\/wp-json\/wp\/v2\/media\/91072"}],"wp:attachment":[{"href":"https:\/\/blogdoeloiltoncajuhy.com.br\/site\/wp-json\/wp\/v2\/media?parent=91071"}],"wp:term":[{"taxonomy":"category","embeddable":true,"href":"https:\/\/blogdoeloiltoncajuhy.com.br\/site\/wp-json\/wp\/v2\/categories?post=91071"},{"taxonomy":"post_tag","embeddable":true,"href":"https:\/\/blogdoeloiltoncajuhy.com.br\/site\/wp-json\/wp\/v2\/tags?post=91071"}],"curies":[{"name":"wp","href":"https:\/\/api.w.org\/{rel}","templated":true}]}}