{"id":91068,"date":"2025-10-23T16:45:31","date_gmt":"2025-10-23T19:45:31","guid":{"rendered":"https:\/\/blogdoeloiltoncajuhy.com.br\/site\/?p=91068"},"modified":"2025-10-23T16:45:32","modified_gmt":"2025-10-23T19:45:32","slug":"enem-2025-candidatos-ja-podem-conferir-locais-data-e-hora-de-aplicacao-das-provas","status":"publish","type":"post","link":"https:\/\/blogdoeloiltoncajuhy.com.br\/site\/enem-2025-candidatos-ja-podem-conferir-locais-data-e-hora-de-aplicacao-das-provas\/","title":{"rendered":"Enem 2025: Candidatos j\u00e1 podem conferir locais, data e hora de aplica\u00e7\u00e3o das provas"},"content":{"rendered":"\n<p class=\"has-medium-font-size\"><strong>Cart\u00e3o de Confirma\u00e7\u00e3o est\u00e1 dispon\u00edvel no site do Inep, na P\u00e1gina do Participante. O exame ser\u00e1 realizado nas 27 unidades da Federa\u00e7\u00e3o, nos dias 9 e 16 de novembro<\/strong><\/p>\n\n\n\n<p><strong>Blog do Eloilton Cajuhy \u2013 BEC<\/strong><\/p>\n\n\n\n<figure class=\"wp-block-image aligncenter size-full\"><a href=\"https:\/\/i0.wp.com\/blogdoeloiltoncajuhy.com.br\/site\/wp-content\/uploads\/2025\/10\/Enem-2025-Foto-Divulgacao-MEC.png?ssl=1\"><img data-recalc-dims=\"1\" fetchpriority=\"high\" decoding=\"async\" width=\"768\" height=\"512\" src=\"https:\/\/i0.wp.com\/blogdoeloiltoncajuhy.com.br\/site\/wp-content\/uploads\/2025\/10\/Enem-2025-Foto-Divulgacao-MEC.png?resize=768%2C512&#038;ssl=1\" alt=\"\" class=\"wp-image-91069\" srcset=\"https:\/\/i0.wp.com\/blogdoeloiltoncajuhy.com.br\/site\/wp-content\/uploads\/2025\/10\/Enem-2025-Foto-Divulgacao-MEC.png?w=768&amp;ssl=1 768w, https:\/\/i0.wp.com\/blogdoeloiltoncajuhy.com.br\/site\/wp-content\/uploads\/2025\/10\/Enem-2025-Foto-Divulgacao-MEC.png?resize=300%2C200&amp;ssl=1 300w\" sizes=\"(max-width: 768px) 100vw, 768px\" \/><\/a><figcaption class=\"wp-element-caption\"><sub>O Enem tornou-se a principal porta de entrada para a educa\u00e7\u00e3o superior no Brasil &#8211; Foto: Divulga\u00e7\u00e3o\/MEC<\/sub><\/figcaption><\/figure>\n\n\n\n<p>O Instituto Nacional de Estudos e Pesquisas Educacionais An\u00edsio Teixeira (Inep) disponibilizou nesta quinta-feira (23) o Cart\u00e3o de Confirma\u00e7\u00e3o de Inscri\u00e7\u00e3o do Exame Nacional do Ensino M\u00e9dio (Enem) 2025. O documento est\u00e1 dispon\u00edvel na <a href=\"https:\/\/enem.inep.gov.br\/participante\/#!\/\" data-type=\"link\" data-id=\"https:\/\/enem.inep.gov.br\/participante\/#!\/\"><strong><mark style=\"background-color:rgba(0, 0, 0, 0)\" class=\"has-inline-color has-vivid-cyan-blue-color\">P\u00e1gina do Participante<\/mark><\/strong><\/a> e traz, entre outras informa\u00e7\u00f5es, n\u00famero de inscri\u00e7\u00e3o, data, hora e local de prova, al\u00e9m de indicar, quando for o caso, o direito do participante a atendimento especializado ou ao uso do nome social.<\/p>\n\n\n\n<p>O Minist\u00e9rio da Educa\u00e7\u00e3o (MEC), por meio do Inep, aplicar\u00e1 as provas em 9 e 16 de novembro nas 27 unidades da Federa\u00e7\u00e3o.<\/p>\n\n\n\n<p><strong><a href=\"https:\/\/whatsapp.com\/channel\/0029VaAT7tDLI8Yfj5y9Z50Z\"><mark style=\"background-color:rgba(0, 0, 0, 0)\" class=\"has-inline-color has-vivid-red-color\">>> Clique aqui e entre no canal do BEC no WhatsApp<\/mark><\/a><\/strong><\/p>\n\n\n\n<p class=\"has-black-color has-text-color has-link-color has-medium-font-size wp-elements-4936f201478ae2be8a9c9283c116ab3b\"><strong>Aplica\u00e7\u00e3o<\/strong><\/p>\n\n\n\n<p>No primeiro dia\u202fda prova, al\u00e9m da reda\u00e7\u00e3o, ser\u00e3o aplicadas as\u202fprovas\u202fde\u202flinguagens, c\u00f3digos e suas tecnologias, e ci\u00eancias humanas e suas tecnologias. J\u00e1 no segundo dia, os participantes far\u00e3o as\u202fprovas\u202fde\u202fci\u00eancias da natureza e suas tecnologias, assim como\u202fde\u202fmatem\u00e1tica e suas tecnologias. S\u00e3o 45 quest\u00f5es para cada \u00e1rea do conhecimento.\u202f<\/p>\n\n\n\n<p class=\"has-black-color has-text-color has-link-color has-medium-font-size wp-elements-087f9e54ce0fb8b4469ef18d647821ea\"><strong>Prepare-se com aplicativo<\/strong><\/p>\n\n\n\n<p>Na reta final da prepara\u00e7\u00e3o para o exame, os estudantes poder\u00e3o contar com o apoio do aplicativo\u202fMEC Enem \u2013 o Simulad\u00e3o do Enem, lan\u00e7ado pelo MEC. A ferramenta disponibiliza simulados de quest\u00f5es alternativas por campo do conhecimento, corre\u00e7\u00e3o automatizada de reda\u00e7\u00e3o, materiais de refor\u00e7o (v\u00eddeos e apostilas) e assistente virtual.\u202f<\/p>\n\n\n\n<p class=\"has-black-color has-text-color has-link-color has-medium-font-size wp-elements-5cfe4f258bb2153f52fa1a0319573b59\"><strong>Videoaulas<\/strong><\/p>\n\n\n\n<p>Al\u00e9m disso, o MEC tamb\u00e9m iniciou uma parceria com o YouTube para lan\u00e7ar uma s\u00e9rie de videoaulas sobre reda\u00e7\u00e3o voltadas ao Enem. O conte\u00fado publicado aborda desde a interpreta\u00e7\u00e3o de textos at\u00e9 a constru\u00e7\u00e3o da reda\u00e7\u00e3o em si, enfatizando o dom\u00ednio das compet\u00eancias avaliadas no Enem. A s\u00e9rie foi publicada na ter\u00e7a-feira, 21 de outubro, no canal do MEC e do YouTube Edu.<\/p>\n\n\n\n<p class=\"has-black-color has-text-color has-link-color has-medium-font-size wp-elements-c59828241beab059178c9e6c2985807d\"><strong>Cartilha<\/strong><\/p>\n\n\n\n<p>Para os participantes que desejam aprimorar a escrita e compreender os crit\u00e9rios de avalia\u00e7\u00e3o adotados na corre\u00e7\u00e3o da prova, est\u00e1 dispon\u00edvel a nova edi\u00e7\u00e3o da cartilha\u202fA Reda\u00e7\u00e3o do Enem 2025 \u2013 Cartilha do(a) Participante. O material re\u00fane informa\u00e7\u00f5es sobre a Matriz de Refer\u00eancia da reda\u00e7\u00e3o, al\u00e9m de apresentar amostras comentadas de textos que obtiveram nota alta no Enem 2024.\u202f<\/p>\n\n\n\n<p><a href=\"https:\/\/www.in.gov.br\/en\/web\/dou\/-\/edital-n-52-de-23-de-maio-de-2025-631610576\" data-type=\"link\" data-id=\"https:\/\/www.in.gov.br\/en\/web\/dou\/-\/edital-n-52-de-23-de-maio-de-2025-631610576\"><strong><mark style=\"background-color:rgba(0, 0, 0, 0)\" class=\"has-inline-color has-vivid-cyan-blue-color\">Edital do Enem 2025<\/mark><\/strong><\/a><\/p>\n\n\n\n<p><a href=\"https:\/\/www.gov.br\/inep\/pt-br\/areas-de-atuacao\/avaliacao-e-exames-educacionais\/enem\/orientacoes\" data-type=\"link\" data-id=\"https:\/\/www.gov.br\/inep\/pt-br\/areas-de-atuacao\/avaliacao-e-exames-educacionais\/enem\/orientacoes\"><strong><mark style=\"background-color:rgba(0, 0, 0, 0)\" class=\"has-inline-color has-vivid-cyan-blue-color\">P\u00e1gina de orienta\u00e7\u00f5es do Enem<\/mark><\/strong><\/a><\/p>\n","protected":false},"excerpt":{"rendered":"<p>Cart\u00e3o de Confirma\u00e7\u00e3o est\u00e1 dispon\u00edvel no site do Inep, na P\u00e1gina do Participante. O exame ser\u00e1 realizado nas 27 unidades da Federa\u00e7\u00e3o, nos dias 9 e 16 de novembro Blog do Eloilton Cajuhy \u2013 BEC O Instituto Nacional de Estudos e Pesquisas Educacionais An\u00edsio Teixeira (Inep) disponibilizou nesta quinta-feira (23) o Cart\u00e3o de Confirma\u00e7\u00e3o de [&hellip;]<\/p>\n","protected":false},"author":2,"featured_media":91069,"comment_status":"open","ping_status":"open","sticky":false,"template":"","format":"standard","meta":{"_acf_changed":false,"_monsterinsights_skip_tracking":false,"_monsterinsights_sitenote_active":false,"_monsterinsights_sitenote_note":"","_monsterinsights_sitenote_category":0,"_jetpack_memberships_contains_paid_content":false,"footnotes":"","jetpack_publicize_message":"","jetpack_publicize_feature_enabled":true,"jetpack_social_post_already_shared":false,"jetpack_social_options":{"image_generator_settings":{"template":"highway","default_image_id":0,"font":"","enabled":false},"version":2}},"categories":[14],"tags":[],"class_list":["post-91068","post","type-post","status-publish","format-standard","has-post-thumbnail","hentry","category-educacao"],"acf":[],"jetpack_publicize_connections":[],"jetpack_featured_media_url":"https:\/\/i0.wp.com\/blogdoeloiltoncajuhy.com.br\/site\/wp-content\/uploads\/2025\/10\/Enem-2025-Foto-Divulgacao-MEC.png?fit=768%2C512&ssl=1","jetpack_sharing_enabled":true,"publishpress_future_workflow_manual_trigger":{"enabledWorkflows":[]},"_links":{"self":[{"href":"https:\/\/blogdoeloiltoncajuhy.com.br\/site\/wp-json\/wp\/v2\/posts\/91068","targetHints":{"allow":["GET"]}}],"collection":[{"href":"https:\/\/blogdoeloiltoncajuhy.com.br\/site\/wp-json\/wp\/v2\/posts"}],"about":[{"href":"https:\/\/blogdoeloiltoncajuhy.com.br\/site\/wp-json\/wp\/v2\/types\/post"}],"author":[{"embeddable":true,"href":"https:\/\/blogdoeloiltoncajuhy.com.br\/site\/wp-json\/wp\/v2\/users\/2"}],"replies":[{"embeddable":true,"href":"https:\/\/blogdoeloiltoncajuhy.com.br\/site\/wp-json\/wp\/v2\/comments?post=91068"}],"version-history":[{"count":1,"href":"https:\/\/blogdoeloiltoncajuhy.com.br\/site\/wp-json\/wp\/v2\/posts\/91068\/revisions"}],"predecessor-version":[{"id":91070,"href":"https:\/\/blogdoeloiltoncajuhy.com.br\/site\/wp-json\/wp\/v2\/posts\/91068\/revisions\/91070"}],"wp:featuredmedia":[{"embeddable":true,"href":"https:\/\/blogdoeloiltoncajuhy.com.br\/site\/wp-json\/wp\/v2\/media\/91069"}],"wp:attachment":[{"href":"https:\/\/blogdoeloiltoncajuhy.com.br\/site\/wp-json\/wp\/v2\/media?parent=91068"}],"wp:term":[{"taxonomy":"category","embeddable":true,"href":"https:\/\/blogdoeloiltoncajuhy.com.br\/site\/wp-json\/wp\/v2\/categories?post=91068"},{"taxonomy":"post_tag","embeddable":true,"href":"https:\/\/blogdoeloiltoncajuhy.com.br\/site\/wp-json\/wp\/v2\/tags?post=91068"}],"curies":[{"name":"wp","href":"https:\/\/api.w.org\/{rel}","templated":true}]}}