{"id":91062,"date":"2025-10-23T08:58:23","date_gmt":"2025-10-23T11:58:23","guid":{"rendered":"https:\/\/blogdoeloiltoncajuhy.com.br\/site\/?p=91062"},"modified":"2025-10-23T08:58:24","modified_gmt":"2025-10-23T11:58:24","slug":"governo-publica-plano-de-acao-para-reduzir-mortes-em-intervencoes-policiais-meta-e-diminuir-em-pelo-menos-10-por-semestre","status":"publish","type":"post","link":"https:\/\/blogdoeloiltoncajuhy.com.br\/site\/governo-publica-plano-de-acao-para-reduzir-mortes-em-intervencoes-policiais-meta-e-diminuir-em-pelo-menos-10-por-semestre\/","title":{"rendered":"Governo publica plano de a\u00e7\u00e3o para reduzir mortes em interven\u00e7\u00f5es policiais; meta \u00e9 diminuir em pelo menos 10% por semestre"},"content":{"rendered":"\n<p class=\"has-medium-font-size\"><strong>Segundo o F\u00f3rum Brasileiro de Seguran\u00e7a P\u00fablica, a Bahia \u00e9 o estado com o maior n\u00famero de casos de letalidade policial no pa\u00eds<\/strong><\/p>\n\n\n\n<p><strong>Por g1 BA e TV Bahia<\/strong><\/p>\n\n\n\n<figure class=\"wp-block-image aligncenter size-full\"><a href=\"https:\/\/i0.wp.com\/blogdoeloiltoncajuhy.com.br\/site\/wp-content\/uploads\/2025\/10\/Bahia-pela-paz-231025.png?ssl=1\"><img data-recalc-dims=\"1\" fetchpriority=\"high\" decoding=\"async\" width=\"800\" height=\"366\" src=\"https:\/\/i0.wp.com\/blogdoeloiltoncajuhy.com.br\/site\/wp-content\/uploads\/2025\/10\/Bahia-pela-paz-231025.png?resize=800%2C366&#038;ssl=1\" alt=\"\" class=\"wp-image-91063\" srcset=\"https:\/\/i0.wp.com\/blogdoeloiltoncajuhy.com.br\/site\/wp-content\/uploads\/2025\/10\/Bahia-pela-paz-231025.png?w=806&amp;ssl=1 806w, https:\/\/i0.wp.com\/blogdoeloiltoncajuhy.com.br\/site\/wp-content\/uploads\/2025\/10\/Bahia-pela-paz-231025.png?resize=300%2C137&amp;ssl=1 300w, https:\/\/i0.wp.com\/blogdoeloiltoncajuhy.com.br\/site\/wp-content\/uploads\/2025\/10\/Bahia-pela-paz-231025.png?resize=768%2C352&amp;ssl=1 768w\" sizes=\"(max-width: 800px) 100vw, 800px\" \/><\/a><figcaption class=\"wp-element-caption\"><sub>Governo do estado divulga plano para reduzir letalidade policial &#8211; Foto: Reprodu\u00e7\u00e3o<\/sub><\/figcaption><\/figure>\n\n\n\n<p>O Governo da Bahia publicou na quarta-feira (22), no Di\u00e1rio Oficial, um plano de a\u00e7\u00e3o para reduzir as mortes decorrentes de interven\u00e7\u00f5es policiais no estado. A meta \u00e9 diminuir em pelo menos 10%, por semestre, esse tipo de ocorr\u00eancia.<\/p>\n\n\n\n<p>Segundo o F\u00f3rum Brasileiro de Seguran\u00e7a P\u00fablica, a Bahia \u00e9 o estado com o maior n\u00famero de casos de letalidade policial no pa\u00eds.<\/p>\n\n\n\n<p>O chamado &#8220;Plano de Atua\u00e7\u00e3o Qualificada&#8221; estabelece metas e a\u00e7\u00f5es para reduzir o n\u00famero de mortes em a\u00e7\u00f5es policiais. O texto foi elaborado pela Secretaria de Seguran\u00e7a P\u00fablica (SSP-BA) em parceria com outras pastas estaduais e institui\u00e7\u00f5es que integraram o programa &#8220;Bahia pela Paz&#8221;.<\/p>\n\n\n\n<p><strong><a href=\"https:\/\/whatsapp.com\/channel\/0029VaAT7tDLI8Yfj5y9Z50Z\"><mark style=\"background-color:rgba(0, 0, 0, 0)\" class=\"has-inline-color has-vivid-red-color\">>> Clique aqui e entre no canal do BEC no WhatsApp<\/mark><\/a><\/strong><\/p>\n\n\n\n<p>De acordo com o secret\u00e1rio da Seguran\u00e7a P\u00fablica, Marcelo Werner, as novas medidas tamb\u00e9m ter\u00e3o foco na atua\u00e7\u00e3o dos pr\u00f3prios policiais.<\/p>\n\n\n\n<p>No ano passado, segundo o F\u00f3rum Brasileiro de Seguran\u00e7a P\u00fablica, 1556 pessoas morreram em a\u00e7\u00f5es policiais na Bahia. O n\u00famero caiu 8,5% em rela\u00e7\u00e3o a 2023, mas continuou sendo o mais alto do pa\u00eds, superando as somas dos casos de S\u00e3o Paulo (813) e Rio de Janeiro (703).<\/p>\n\n\n\n<p>O objetivo das novas medidas \u00e9 reduzir as letalidades decorrentes de a\u00e7\u00f5es policiais em 10% por semestre, com base nos dados do primeiro semestre desse ano. Para isso, o governo pretende:<\/p>\n\n\n\n<ul class=\"wp-block-list\">\n<li>Capacitar 30% dos profissionais de seguran\u00e7a sobre a preven\u00e7\u00e3o desse tipo de situa\u00e7\u00e3o;<\/li>\n\n\n\n<li>Ampliar em 30% os registros de \u00e1udio e v\u00eddeo feitos pelas c\u00e2meras corporais;<\/li>\n\n\n\n<li>Garantir atendimento psicol\u00f3gico integral a policiais envolvidos repetidamente em confrontos com morte;<\/li>\n\n\n\n<li>Aumentar para 50% at\u00e9 2026 as conclus\u00f5es dos inqu\u00e9ritos policiais que investigam esses casos, e para 70% em 2027.<\/li>\n<\/ul>\n\n\n\n<p><\/p>\n\n\n\n<p>No ano passado, s\u00f3 foram conclu\u00eddos menos de 24%. Entre as secretarias que assinaram o documento est\u00e1 a de Justi\u00e7a e Direitos Humanos.<\/p>\n\n\n\n<p>As medidas est\u00e3o alinhadas \u00e0s diretrizes do &#8220;Projeto Nacional de Qualifica\u00e7\u00e3o do Uso da For\u00e7a&#8221;, do Minist\u00e9rio da Justi\u00e7a e Seguran\u00e7a P\u00fablica, ao qual o Governo da Bahia aderiu recentemente. O Plano Nacional, um decreto publicado no final do ano passado, disciplina o uso da for\u00e7a e de instrumentos de menor potencial ofensivo pelos profissionais de seguran\u00e7a p\u00fablica.<\/p>\n\n\n\n<p>Durante um evento no Centro Administrativo da Bahia (CAB), o governado Jer\u00f4nimo Rodrigues (PT) falou sobre as novas medidas.<\/p>\n","protected":false},"excerpt":{"rendered":"<p>Segundo o F\u00f3rum Brasileiro de Seguran\u00e7a P\u00fablica, a Bahia \u00e9 o estado com o maior n\u00famero de casos de letalidade policial no pa\u00eds Por g1 BA e TV Bahia O Governo da Bahia publicou na quarta-feira (22), no Di\u00e1rio Oficial, um plano de a\u00e7\u00e3o para reduzir as mortes decorrentes de interven\u00e7\u00f5es policiais no estado. A [&hellip;]<\/p>\n","protected":false},"author":2,"featured_media":91063,"comment_status":"open","ping_status":"open","sticky":false,"template":"","format":"standard","meta":{"_acf_changed":false,"_monsterinsights_skip_tracking":false,"_monsterinsights_sitenote_active":false,"_monsterinsights_sitenote_note":"","_monsterinsights_sitenote_category":0,"_jetpack_memberships_contains_paid_content":false,"footnotes":"","jetpack_publicize_message":"","jetpack_publicize_feature_enabled":true,"jetpack_social_post_already_shared":true,"jetpack_social_options":{"image_generator_settings":{"template":"highway","default_image_id":0,"font":"","enabled":false},"version":2}},"categories":[3],"tags":[],"class_list":["post-91062","post","type-post","status-publish","format-standard","has-post-thumbnail","hentry","category-politica"],"acf":[],"jetpack_publicize_connections":[],"jetpack_featured_media_url":"https:\/\/i0.wp.com\/blogdoeloiltoncajuhy.com.br\/site\/wp-content\/uploads\/2025\/10\/Bahia-pela-paz-231025.png?fit=806%2C369&ssl=1","jetpack_sharing_enabled":true,"publishpress_future_workflow_manual_trigger":{"enabledWorkflows":[]},"_links":{"self":[{"href":"https:\/\/blogdoeloiltoncajuhy.com.br\/site\/wp-json\/wp\/v2\/posts\/91062","targetHints":{"allow":["GET"]}}],"collection":[{"href":"https:\/\/blogdoeloiltoncajuhy.com.br\/site\/wp-json\/wp\/v2\/posts"}],"about":[{"href":"https:\/\/blogdoeloiltoncajuhy.com.br\/site\/wp-json\/wp\/v2\/types\/post"}],"author":[{"embeddable":true,"href":"https:\/\/blogdoeloiltoncajuhy.com.br\/site\/wp-json\/wp\/v2\/users\/2"}],"replies":[{"embeddable":true,"href":"https:\/\/blogdoeloiltoncajuhy.com.br\/site\/wp-json\/wp\/v2\/comments?post=91062"}],"version-history":[{"count":1,"href":"https:\/\/blogdoeloiltoncajuhy.com.br\/site\/wp-json\/wp\/v2\/posts\/91062\/revisions"}],"predecessor-version":[{"id":91064,"href":"https:\/\/blogdoeloiltoncajuhy.com.br\/site\/wp-json\/wp\/v2\/posts\/91062\/revisions\/91064"}],"wp:featuredmedia":[{"embeddable":true,"href":"https:\/\/blogdoeloiltoncajuhy.com.br\/site\/wp-json\/wp\/v2\/media\/91063"}],"wp:attachment":[{"href":"https:\/\/blogdoeloiltoncajuhy.com.br\/site\/wp-json\/wp\/v2\/media?parent=91062"}],"wp:term":[{"taxonomy":"category","embeddable":true,"href":"https:\/\/blogdoeloiltoncajuhy.com.br\/site\/wp-json\/wp\/v2\/categories?post=91062"},{"taxonomy":"post_tag","embeddable":true,"href":"https:\/\/blogdoeloiltoncajuhy.com.br\/site\/wp-json\/wp\/v2\/tags?post=91062"}],"curies":[{"name":"wp","href":"https:\/\/api.w.org\/{rel}","templated":true}]}}