{"id":91059,"date":"2025-10-23T08:36:11","date_gmt":"2025-10-23T11:36:11","guid":{"rendered":"https:\/\/blogdoeloiltoncajuhy.com.br\/site\/?p=91059"},"modified":"2025-10-23T08:36:13","modified_gmt":"2025-10-23T11:36:13","slug":"programa-qualifica-bahia-inicia-segunda-etapa-de-capacitacao-profissional-em-senhor-do-bonfim","status":"publish","type":"post","link":"https:\/\/blogdoeloiltoncajuhy.com.br\/site\/programa-qualifica-bahia-inicia-segunda-etapa-de-capacitacao-profissional-em-senhor-do-bonfim\/","title":{"rendered":"Programa Qualifica Bahia inicia segunda etapa de capacita\u00e7\u00e3o profissional em Senhor do Bonfim"},"content":{"rendered":"\n<p><strong>Blog do Eloilton Cajuhy \u2013 BEC<\/strong><\/p>\n\n\n\n<figure class=\"wp-block-image aligncenter size-full\"><a href=\"https:\/\/i0.wp.com\/blogdoeloiltoncajuhy.com.br\/site\/wp-content\/uploads\/2025\/10\/Bobo-qualifica-2025-10-23.jpeg?ssl=1\"><img data-recalc-dims=\"1\" fetchpriority=\"high\" decoding=\"async\" width=\"768\" height=\"346\" src=\"https:\/\/i0.wp.com\/blogdoeloiltoncajuhy.com.br\/site\/wp-content\/uploads\/2025\/10\/Bobo-qualifica-2025-10-23.jpeg?resize=768%2C346&#038;ssl=1\" alt=\"\" class=\"wp-image-91060\" srcset=\"https:\/\/i0.wp.com\/blogdoeloiltoncajuhy.com.br\/site\/wp-content\/uploads\/2025\/10\/Bobo-qualifica-2025-10-23.jpeg?w=768&amp;ssl=1 768w, https:\/\/i0.wp.com\/blogdoeloiltoncajuhy.com.br\/site\/wp-content\/uploads\/2025\/10\/Bobo-qualifica-2025-10-23.jpeg?resize=300%2C135&amp;ssl=1 300w\" sizes=\"(max-width: 768px) 100vw, 768px\" \/><\/a><figcaption class=\"wp-element-caption\"><sub>Foto: Ascom deputado Bob\u00f4<\/sub><\/figcaption><\/figure>\n\n\n\n<p>Iniciou nesta quarta-feira (22), em Senhor do Bonfim a segunda etapa dos cursos de qualifica\u00e7\u00e3o profissional do Programa Qualifica Bahia, realizado pelo Governo do Estado, por meio da Secretaria do Trabalho, Emprego, Renda e Esporte da Bahia (SETRE), com apoio da Associa\u00e7\u00e3o Tareco e Mariola. A primeira turma desta nova etapa inicia suas atividades, no distrito de Quic\u00e9, com 20 alunos que ir\u00e3o se capacitar na \u00e1rea de beneficiamento do leite.<\/p>\n\n\n\n<p>Com carga hor\u00e1ria de 120 horas, o curso vai abordar temas fundamentais para o fortalecimento da cadeia produtiva do leite na regi\u00e3o. Os participantes aprender\u00e3o sobre manejo e alimenta\u00e7\u00e3o do rebanho, controle sanit\u00e1rio, organiza\u00e7\u00e3o da reprodu\u00e7\u00e3o dos animais, beneficiamento e comercializa\u00e7\u00e3o de produtos derivados, al\u00e9m de conte\u00fados voltados \u00e0 administra\u00e7\u00e3o rural.<\/p>\n\n\n\n<p><strong><a href=\"https:\/\/whatsapp.com\/channel\/0029VaAT7tDLI8Yfj5y9Z50Z\"><mark style=\"background-color:rgba(0, 0, 0, 0)\" class=\"has-inline-color has-vivid-red-color\">>> Clique aqui e entre no canal do BEC no WhatsApp<\/mark><\/a><\/strong><\/p>\n\n\n\n<p>Os alunos tamb\u00e9m ter\u00e3o forma\u00e7\u00e3o pr\u00e1tica sobre o preparo de alimentos derivados do leite, respeitando as normas de seguran\u00e7a, higiene e sa\u00fade no trabalho, bem como o dom\u00ednio das vari\u00e1veis do processo de pasteuriza\u00e7\u00e3o, desnatura\u00e7\u00e3o e esteriliza\u00e7\u00e3o.<\/p>\n\n\n\n<p>A chegada de mais uma etapa do Qualifica Bahia em Senhor do Bonfim atende a uma solicita\u00e7\u00e3o do deputado estadual Bob\u00f4, que tem se destacado por apoiar iniciativas voltadas \u00e0 gera\u00e7\u00e3o de emprego e renda no munic\u00edpio.<\/p>\n\n\n\n<p>\u201cO Qualifica Bahia \u00e9 um programa transformador. Quando o Governo do Estado investe em capacita\u00e7\u00e3o, ele est\u00e1 investindo no futuro das pessoas. Cada curso representa uma nova oportunidade de renda, de crescimento e de dignidade para as fam\u00edlias. Aqui em Bonfim, esse projeto tem um impacto direto na economia local, fortalecendo a produ\u00e7\u00e3o, o com\u00e9rcio e gerando esperan\u00e7a para quem quer melhorar de vida atrav\u00e9s do trabalho\u201d, destacou o deputado Bob\u00f4.<\/p>\n\n\n\n<p>Novas turmas do programa devem ser iniciadas ainda este ano, ampliando o alcance do Qualifica Bahia e garantindo que cada vez mais bonfinenses tenham acesso \u00e0 qualifica\u00e7\u00e3o profissional e possam ingressar no mercado de trabalho.<\/p>\n","protected":false},"excerpt":{"rendered":"<p>Blog do Eloilton Cajuhy \u2013 BEC Iniciou nesta quarta-feira (22), em Senhor do Bonfim a segunda etapa dos cursos de qualifica\u00e7\u00e3o profissional do Programa Qualifica Bahia, realizado pelo Governo do Estado, por meio da Secretaria do Trabalho, Emprego, Renda e Esporte da Bahia (SETRE), com apoio da Associa\u00e7\u00e3o Tareco e Mariola. A primeira turma desta [&hellip;]<\/p>\n","protected":false},"author":2,"featured_media":91060,"comment_status":"open","ping_status":"open","sticky":false,"template":"","format":"standard","meta":{"_acf_changed":false,"_monsterinsights_skip_tracking":false,"_monsterinsights_sitenote_active":false,"_monsterinsights_sitenote_note":"","_monsterinsights_sitenote_category":0,"_jetpack_memberships_contains_paid_content":false,"footnotes":"","jetpack_publicize_message":"","jetpack_publicize_feature_enabled":true,"jetpack_social_post_already_shared":false,"jetpack_social_options":{"image_generator_settings":{"template":"highway","default_image_id":0,"font":"","enabled":false},"version":2}},"categories":[4],"tags":[],"class_list":["post-91059","post","type-post","status-publish","format-standard","has-post-thumbnail","hentry","category-local"],"acf":[],"jetpack_publicize_connections":[],"jetpack_featured_media_url":"https:\/\/i0.wp.com\/blogdoeloiltoncajuhy.com.br\/site\/wp-content\/uploads\/2025\/10\/Bobo-qualifica-2025-10-23.jpeg?fit=768%2C346&ssl=1","jetpack_sharing_enabled":true,"publishpress_future_workflow_manual_trigger":{"enabledWorkflows":[]},"_links":{"self":[{"href":"https:\/\/blogdoeloiltoncajuhy.com.br\/site\/wp-json\/wp\/v2\/posts\/91059","targetHints":{"allow":["GET"]}}],"collection":[{"href":"https:\/\/blogdoeloiltoncajuhy.com.br\/site\/wp-json\/wp\/v2\/posts"}],"about":[{"href":"https:\/\/blogdoeloiltoncajuhy.com.br\/site\/wp-json\/wp\/v2\/types\/post"}],"author":[{"embeddable":true,"href":"https:\/\/blogdoeloiltoncajuhy.com.br\/site\/wp-json\/wp\/v2\/users\/2"}],"replies":[{"embeddable":true,"href":"https:\/\/blogdoeloiltoncajuhy.com.br\/site\/wp-json\/wp\/v2\/comments?post=91059"}],"version-history":[{"count":1,"href":"https:\/\/blogdoeloiltoncajuhy.com.br\/site\/wp-json\/wp\/v2\/posts\/91059\/revisions"}],"predecessor-version":[{"id":91061,"href":"https:\/\/blogdoeloiltoncajuhy.com.br\/site\/wp-json\/wp\/v2\/posts\/91059\/revisions\/91061"}],"wp:featuredmedia":[{"embeddable":true,"href":"https:\/\/blogdoeloiltoncajuhy.com.br\/site\/wp-json\/wp\/v2\/media\/91060"}],"wp:attachment":[{"href":"https:\/\/blogdoeloiltoncajuhy.com.br\/site\/wp-json\/wp\/v2\/media?parent=91059"}],"wp:term":[{"taxonomy":"category","embeddable":true,"href":"https:\/\/blogdoeloiltoncajuhy.com.br\/site\/wp-json\/wp\/v2\/categories?post=91059"},{"taxonomy":"post_tag","embeddable":true,"href":"https:\/\/blogdoeloiltoncajuhy.com.br\/site\/wp-json\/wp\/v2\/tags?post=91059"}],"curies":[{"name":"wp","href":"https:\/\/api.w.org\/{rel}","templated":true}]}}