{"id":91050,"date":"2025-10-22T17:18:50","date_gmt":"2025-10-22T20:18:50","guid":{"rendered":"https:\/\/blogdoeloiltoncajuhy.com.br\/site\/?p=91050"},"modified":"2025-10-22T17:18:51","modified_gmt":"2025-10-22T20:18:51","slug":"defensoria-da-uniao-pede-a-moraes-que-notifique-eduardo-bolsonaro-sobre-processo-de-coacao-por-carta","status":"publish","type":"post","link":"https:\/\/blogdoeloiltoncajuhy.com.br\/site\/defensoria-da-uniao-pede-a-moraes-que-notifique-eduardo-bolsonaro-sobre-processo-de-coacao-por-carta\/","title":{"rendered":"Defensoria da Uni\u00e3o pede a Moraes que notifique Eduardo Bolsonaro sobre processo de coa\u00e7\u00e3o por carta"},"content":{"rendered":"\n<p class=\"has-medium-font-size\"><strong>Notifica\u00e7\u00e3o por carta rogat\u00f3ria depende de coopera\u00e7\u00e3o internacional. Posi\u00e7\u00e3o da defensoria, se acolhida pelo STF, pode deixar a an\u00e1lise da acusa\u00e7\u00e3o contra Eduardo mais demorada<\/strong><\/p>\n\n\n\n<p><strong>Por M\u00e1rcio Falc\u00e3o, TV Globo<\/strong> \u2014 Bras\u00edlia<\/p>\n\n\n\n<figure class=\"wp-block-image aligncenter size-full\"><a href=\"https:\/\/i0.wp.com\/blogdoeloiltoncajuhy.com.br\/site\/wp-content\/uploads\/2025\/10\/Deputado-federal-Eduardo-Bolsonaro-%E2%80%94-Foto-Vinicius-Loures-Camara-dos-Deputados.png\"><img data-recalc-dims=\"1\" fetchpriority=\"high\" decoding=\"async\" width=\"800\" height=\"500\" src=\"https:\/\/i0.wp.com\/blogdoeloiltoncajuhy.com.br\/site\/wp-content\/uploads\/2025\/10\/Deputado-federal-Eduardo-Bolsonaro-%E2%80%94-Foto-Vinicius-Loures-Camara-dos-Deputados.png?resize=800%2C500\" alt=\"\" class=\"wp-image-91051\" srcset=\"https:\/\/i0.wp.com\/blogdoeloiltoncajuhy.com.br\/site\/wp-content\/uploads\/2025\/10\/Deputado-federal-Eduardo-Bolsonaro-%E2%80%94-Foto-Vinicius-Loures-Camara-dos-Deputados.png?w=815&amp;ssl=1 815w, https:\/\/i0.wp.com\/blogdoeloiltoncajuhy.com.br\/site\/wp-content\/uploads\/2025\/10\/Deputado-federal-Eduardo-Bolsonaro-%E2%80%94-Foto-Vinicius-Loures-Camara-dos-Deputados.png?resize=300%2C187&amp;ssl=1 300w, https:\/\/i0.wp.com\/blogdoeloiltoncajuhy.com.br\/site\/wp-content\/uploads\/2025\/10\/Deputado-federal-Eduardo-Bolsonaro-%E2%80%94-Foto-Vinicius-Loures-Camara-dos-Deputados.png?resize=768%2C480&amp;ssl=1 768w\" sizes=\"(max-width: 800px) 100vw, 800px\" \/><\/a><figcaption class=\"wp-element-caption\"><sub>Deputado federal Eduardo Bolsonaro na Comiss\u00e3o de Fiscaliza\u00e7\u00e3o Financeira e Controle em 28 de novembro de 2023 \u2014 Foto: Vinicius Loures \/ C\u00e2mara dos Deputados<\/sub><\/figcaption><\/figure>\n\n\n\n<p>A Defensoria P\u00fablica da Uni\u00e3o (DPU) pediu nesta quarta-feira (22) que o Supremo Tribunal Federal notifique o deputado Eduardo Bolsonaro (PL-SP) por carta rogat\u00f3ria acerca da den\u00fancia da Procuradoria-Geral da Rep\u00fablica sobre coa\u00e7\u00e3o no caso do julgamento da trama golpista.<\/p>\n\n\n\n<p>A posi\u00e7\u00e3o da defensoria, se acolhida pelo Supremo, pode deixar a an\u00e1lise da acusa\u00e7\u00e3o contra o deputado mais demorada.<\/p>\n\n\n\n<p><strong><a href=\"https:\/\/whatsapp.com\/channel\/0029VaAT7tDLI8Yfj5y9Z50Z\"><mark style=\"background-color:rgba(0, 0, 0, 0)\" class=\"has-inline-color has-vivid-red-color\">>> Clique aqui e entre no canal do BEC no WhatsApp<\/mark><\/a><\/strong><\/p>\n\n\n\n<p>A Procuradoria-Geral da Rep\u00fablica (PGR) apresentou den\u00fancia contra Eduardo e o youtuber Paulo Figueiredo por coa\u00e7\u00e3o em processo judicial.<\/p>\n\n\n\n<p><strong><em>O caso \u00e9 sobre a atua\u00e7\u00e3o de Eduardo para atrapalhar o processo sobre golpe de Estado, em que o pai dele, o ex-presidente Jair Bolsonaro, foi condenado pelo STF a 27 anos e 3 meses de pris\u00e3o.<\/em><\/strong><\/p>\n\n\n\n<p>Para a PGR, Eduardo buscou junto ao governo Donald Trump, dos Estados Unidos, levantar san\u00e7\u00f5es e tarifas ao Brasil e a autoridades do Judici\u00e1rio como repres\u00e1lia ao julgamento.<\/p>\n\n\n\n<p>Como filho de Jair Bolsonaro est\u00e1 nos Estados Unidos, Moraes determinou a notifica\u00e7\u00e3o de Eduardo por edital, para que ele apresentasse resposta \u00e0 den\u00fancia apresentada pela PGR. Na ocasi\u00e3o, o ministro afirmou que o parlamentar est\u00e1 fora do pa\u00eds para escapar da lei penal brasileira.<\/p>\n\n\n\n<p>Apesar da notifica\u00e7\u00e3o via edital, Eduardo Bolsonaro n\u00e3o apresentou defesa pr\u00e9via. Por isso, conforme a lei, Moraes intimou a DPU para apresentar a defesa em nome do parlamentar.<\/p>\n\n\n\n<p>Na resposta enviada nesta quarta ao Supremo, a DPU afirmou que n\u00e3o poderia apresentar resposta \u00e0 acusa\u00e7\u00e3o contra Eduardo Bolsonaro porque n\u00e3o teria meios para manter contatos com o deputado e elaborar a defesa t\u00e9cnica.<\/p>\n\n\n\n<blockquote class=\"wp-block-quote is-layout-flow wp-block-quote-is-layout-flow\">\n<p><strong><mark style=\"background-color:rgba(0, 0, 0, 0)\" class=\"has-inline-color has-black-color\">&#8220;Na pr\u00e1tica, est\u00e1-se a atribuir \u00e0 DPU a elabora\u00e7\u00e3o de defesa meramente formal, que n\u00e3o surge do contato com o denunciado e, portanto, n\u00e3o constitui verdadeira defesa. Ademais, a apresenta\u00e7\u00e3o de resposta pela DPU, nas circunst\u00e2ncias expostas, representaria chancelar a viola\u00e7\u00e3o ao devido processo legal, vulnerando-se o direito de defesa do r\u00e9u, papel que, a toda evid\u00eancia, n\u00e3o pode ser assumido pela Institui\u00e7\u00e3o&#8221;, escreveu a DPU&#8221;, diz o texto.<\/mark><\/strong><\/p>\n<\/blockquote>\n\n\n\n<p>A manifesta\u00e7\u00e3o ser\u00e1 analisada pelo relator do caso, o ministro Alexandre de Moraes.<\/p>\n\n\n\n<p class=\"has-black-color has-text-color has-link-color has-medium-font-size wp-elements-2223d521030b6212a274abcbc112f3a6\"><strong>Paulo Figueiredo<\/strong><\/p>\n\n\n\n<p>A DPU tamb\u00e9m pediu ao ministro Alexandre de Moraes que determine notifica\u00e7\u00e3o de Paulo Figueiredo na den\u00fancia na trama golpista por carta rogat\u00f3ria, assim como fez no caso da coa\u00e7\u00e3o.<\/p>\n\n\n\n<p>Figueiredo \u00e9 r\u00e9u no n\u00facleo 5 da trama golpista. A den\u00fancia ainda n\u00e3o foi julgada porque n\u00e3o houve intima\u00e7\u00e3o e apresenta\u00e7\u00e3o de Paulo Figueiredo.<\/p>\n","protected":false},"excerpt":{"rendered":"<p>Notifica\u00e7\u00e3o por carta rogat\u00f3ria depende de coopera\u00e7\u00e3o internacional. Posi\u00e7\u00e3o da defensoria, se acolhida pelo STF, pode deixar a an\u00e1lise da acusa\u00e7\u00e3o contra Eduardo mais demorada Por M\u00e1rcio Falc\u00e3o, TV Globo \u2014 Bras\u00edlia A Defensoria P\u00fablica da Uni\u00e3o (DPU) pediu nesta quarta-feira (22) que o Supremo Tribunal Federal notifique o deputado Eduardo Bolsonaro (PL-SP) por carta [&hellip;]<\/p>\n","protected":false},"author":2,"featured_media":91051,"comment_status":"open","ping_status":"open","sticky":false,"template":"","format":"standard","meta":{"_acf_changed":false,"_monsterinsights_skip_tracking":false,"_monsterinsights_sitenote_active":false,"_monsterinsights_sitenote_note":"","_monsterinsights_sitenote_category":0,"_jetpack_memberships_contains_paid_content":false,"footnotes":"","jetpack_publicize_message":"","jetpack_publicize_feature_enabled":true,"jetpack_social_post_already_shared":true,"jetpack_social_options":{"image_generator_settings":{"template":"highway","default_image_id":0,"font":"","enabled":false},"version":2}},"categories":[3],"tags":[],"class_list":["post-91050","post","type-post","status-publish","format-standard","has-post-thumbnail","hentry","category-politica"],"acf":[],"jetpack_publicize_connections":[],"jetpack_featured_media_url":"https:\/\/i0.wp.com\/blogdoeloiltoncajuhy.com.br\/site\/wp-content\/uploads\/2025\/10\/Deputado-federal-Eduardo-Bolsonaro-%E2%80%94-Foto-Vinicius-Loures-Camara-dos-Deputados.png?fit=815%2C509&ssl=1","jetpack_sharing_enabled":true,"publishpress_future_workflow_manual_trigger":{"enabledWorkflows":[]},"_links":{"self":[{"href":"https:\/\/blogdoeloiltoncajuhy.com.br\/site\/wp-json\/wp\/v2\/posts\/91050","targetHints":{"allow":["GET"]}}],"collection":[{"href":"https:\/\/blogdoeloiltoncajuhy.com.br\/site\/wp-json\/wp\/v2\/posts"}],"about":[{"href":"https:\/\/blogdoeloiltoncajuhy.com.br\/site\/wp-json\/wp\/v2\/types\/post"}],"author":[{"embeddable":true,"href":"https:\/\/blogdoeloiltoncajuhy.com.br\/site\/wp-json\/wp\/v2\/users\/2"}],"replies":[{"embeddable":true,"href":"https:\/\/blogdoeloiltoncajuhy.com.br\/site\/wp-json\/wp\/v2\/comments?post=91050"}],"version-history":[{"count":1,"href":"https:\/\/blogdoeloiltoncajuhy.com.br\/site\/wp-json\/wp\/v2\/posts\/91050\/revisions"}],"predecessor-version":[{"id":91052,"href":"https:\/\/blogdoeloiltoncajuhy.com.br\/site\/wp-json\/wp\/v2\/posts\/91050\/revisions\/91052"}],"wp:featuredmedia":[{"embeddable":true,"href":"https:\/\/blogdoeloiltoncajuhy.com.br\/site\/wp-json\/wp\/v2\/media\/91051"}],"wp:attachment":[{"href":"https:\/\/blogdoeloiltoncajuhy.com.br\/site\/wp-json\/wp\/v2\/media?parent=91050"}],"wp:term":[{"taxonomy":"category","embeddable":true,"href":"https:\/\/blogdoeloiltoncajuhy.com.br\/site\/wp-json\/wp\/v2\/categories?post=91050"},{"taxonomy":"post_tag","embeddable":true,"href":"https:\/\/blogdoeloiltoncajuhy.com.br\/site\/wp-json\/wp\/v2\/tags?post=91050"}],"curies":[{"name":"wp","href":"https:\/\/api.w.org\/{rel}","templated":true}]}}