{"id":91047,"date":"2025-10-22T17:00:47","date_gmt":"2025-10-22T20:00:47","guid":{"rendered":"https:\/\/blogdoeloiltoncajuhy.com.br\/site\/?p=91047"},"modified":"2025-10-22T17:00:49","modified_gmt":"2025-10-22T20:00:49","slug":"ministerio-publico-italiano-da-parecer-a-favor-da-extradicao-de-carla-zambelli-diz-agu","status":"publish","type":"post","link":"https:\/\/blogdoeloiltoncajuhy.com.br\/site\/ministerio-publico-italiano-da-parecer-a-favor-da-extradicao-de-carla-zambelli-diz-agu\/","title":{"rendered":"Minist\u00e9rio P\u00fablico italiano d\u00e1 parecer a favor da extradi\u00e7\u00e3o de Carla Zambelli, diz AGU"},"content":{"rendered":"\n<p class=\"has-medium-font-size\"><strong>Carla Zambelli foi condenada \u00e0 pris\u00e3o pelo STF, mas fugiu do pa\u00eds. Ela est\u00e1 presa cautelarmente em Roma desde julho. Brasil pediu a extradi\u00e7\u00e3o da parlamentar do PL<\/strong><\/p>\n\n\n\n<p><strong>Por M\u00e1rcio Falc\u00e3o, TV Globo<\/strong><\/p>\n\n\n\n<figure class=\"wp-block-image aligncenter size-full\"><a href=\"https:\/\/i0.wp.com\/blogdoeloiltoncajuhy.com.br\/site\/wp-content\/uploads\/2025\/10\/Deputada-licenciada-Carla-Zambelli-%E2%80%94-Foto-Reproducao-TV-Camara-e.png?ssl=1\"><img data-recalc-dims=\"1\" fetchpriority=\"high\" decoding=\"async\" width=\"800\" height=\"451\" src=\"https:\/\/i0.wp.com\/blogdoeloiltoncajuhy.com.br\/site\/wp-content\/uploads\/2025\/10\/Deputada-licenciada-Carla-Zambelli-%E2%80%94-Foto-Reproducao-TV-Camara-e.png?resize=800%2C451&#038;ssl=1\" alt=\"\" class=\"wp-image-91048\" srcset=\"https:\/\/i0.wp.com\/blogdoeloiltoncajuhy.com.br\/site\/wp-content\/uploads\/2025\/10\/Deputada-licenciada-Carla-Zambelli-%E2%80%94-Foto-Reproducao-TV-Camara-e.png?w=817&amp;ssl=1 817w, https:\/\/i0.wp.com\/blogdoeloiltoncajuhy.com.br\/site\/wp-content\/uploads\/2025\/10\/Deputada-licenciada-Carla-Zambelli-%E2%80%94-Foto-Reproducao-TV-Camara-e.png?resize=300%2C169&amp;ssl=1 300w, https:\/\/i0.wp.com\/blogdoeloiltoncajuhy.com.br\/site\/wp-content\/uploads\/2025\/10\/Deputada-licenciada-Carla-Zambelli-%E2%80%94-Foto-Reproducao-TV-Camara-e.png?resize=768%2C433&amp;ssl=1 768w\" sizes=\"(max-width: 800px) 100vw, 800px\" \/><\/a><figcaption class=\"wp-element-caption\"><sub>Deputada licenciada Carla Zambelli participa remotamente de audi\u00eancia na C\u00e2mara \u2014 Foto: Reprodu\u00e7\u00e3o\/TV C\u00e2mara<\/sub><\/figcaption><\/figure>\n\n\n\n<p><strong><a href=\"https:\/\/whatsapp.com\/channel\/0029VaAT7tDLI8Yfj5y9Z50Z\"><mark style=\"background-color:rgba(0, 0, 0, 0)\" class=\"has-inline-color has-vivid-red-color\">>> Clique aqui e entre no canal do BEC no WhatsApp<\/mark><\/a><\/strong><\/p>\n\n\n\n<p>O Minist\u00e9rio P\u00fablico da It\u00e1lia deu parecer favor\u00e1vel \u00e0 extradi\u00e7\u00e3o da deputada federal Carla Zambelli (PL-SP) para o Brasil. A informa\u00e7\u00e3o \u00e9 da Advocacia-Geral da Uni\u00e3o (AGU).<\/p>\n\n\n\n<p>A parlamentar est\u00e1 presa cautelarmente no pa\u00eds europeu desde 29 de julho, por decis\u00e3o da Justi\u00e7a italiana, que considerou haver grave risco de fuga.<\/p>\n\n\n\n<p>Carla Zambelli foi condenada \u00e0 pris\u00e3o, pelo STF, por uma invas\u00e3o aos sistemas do Conselho Nacional de Justi\u00e7a (CNJ).<\/p>\n\n\n\n<p>Antes de a condena\u00e7\u00e3o do Supremo se tornar definitiva, Carla Zambelli fugiu para a It\u00e1lia, o que levou a parlamentar a ser inclu\u00edda na difus\u00e3o vermelha da Interpol.<\/p>\n\n\n\n<p>Em julho, a deputada foi presa nos arredores de Roma. Alvo de um processo de extradi\u00e7\u00e3o, Carla Zambelli aguarda decis\u00e3o do caso detida na penitenci\u00e1ria feminina de Rebibbia.<\/p>\n","protected":false},"excerpt":{"rendered":"<p>Carla Zambelli foi condenada \u00e0 pris\u00e3o pelo STF, mas fugiu do pa\u00eds. Ela est\u00e1 presa cautelarmente em Roma desde julho. Brasil pediu a extradi\u00e7\u00e3o da parlamentar do PL Por M\u00e1rcio Falc\u00e3o, TV Globo >> Clique aqui e entre no canal do BEC no WhatsApp O Minist\u00e9rio P\u00fablico da It\u00e1lia deu parecer favor\u00e1vel \u00e0 extradi\u00e7\u00e3o da [&hellip;]<\/p>\n","protected":false},"author":2,"featured_media":91048,"comment_status":"open","ping_status":"open","sticky":false,"template":"","format":"standard","meta":{"_acf_changed":false,"_monsterinsights_skip_tracking":false,"_monsterinsights_sitenote_active":false,"_monsterinsights_sitenote_note":"","_monsterinsights_sitenote_category":0,"_jetpack_memberships_contains_paid_content":false,"footnotes":"","jetpack_publicize_message":"","jetpack_publicize_feature_enabled":true,"jetpack_social_post_already_shared":true,"jetpack_social_options":{"image_generator_settings":{"template":"highway","default_image_id":0,"font":"","enabled":false},"version":2}},"categories":[3],"tags":[],"class_list":["post-91047","post","type-post","status-publish","format-standard","has-post-thumbnail","hentry","category-politica"],"acf":[],"jetpack_publicize_connections":[],"jetpack_featured_media_url":"https:\/\/i0.wp.com\/blogdoeloiltoncajuhy.com.br\/site\/wp-content\/uploads\/2025\/10\/Deputada-licenciada-Carla-Zambelli-%E2%80%94-Foto-Reproducao-TV-Camara-e.png?fit=817%2C461&ssl=1","jetpack_sharing_enabled":true,"publishpress_future_workflow_manual_trigger":{"enabledWorkflows":[]},"_links":{"self":[{"href":"https:\/\/blogdoeloiltoncajuhy.com.br\/site\/wp-json\/wp\/v2\/posts\/91047","targetHints":{"allow":["GET"]}}],"collection":[{"href":"https:\/\/blogdoeloiltoncajuhy.com.br\/site\/wp-json\/wp\/v2\/posts"}],"about":[{"href":"https:\/\/blogdoeloiltoncajuhy.com.br\/site\/wp-json\/wp\/v2\/types\/post"}],"author":[{"embeddable":true,"href":"https:\/\/blogdoeloiltoncajuhy.com.br\/site\/wp-json\/wp\/v2\/users\/2"}],"replies":[{"embeddable":true,"href":"https:\/\/blogdoeloiltoncajuhy.com.br\/site\/wp-json\/wp\/v2\/comments?post=91047"}],"version-history":[{"count":1,"href":"https:\/\/blogdoeloiltoncajuhy.com.br\/site\/wp-json\/wp\/v2\/posts\/91047\/revisions"}],"predecessor-version":[{"id":91049,"href":"https:\/\/blogdoeloiltoncajuhy.com.br\/site\/wp-json\/wp\/v2\/posts\/91047\/revisions\/91049"}],"wp:featuredmedia":[{"embeddable":true,"href":"https:\/\/blogdoeloiltoncajuhy.com.br\/site\/wp-json\/wp\/v2\/media\/91048"}],"wp:attachment":[{"href":"https:\/\/blogdoeloiltoncajuhy.com.br\/site\/wp-json\/wp\/v2\/media?parent=91047"}],"wp:term":[{"taxonomy":"category","embeddable":true,"href":"https:\/\/blogdoeloiltoncajuhy.com.br\/site\/wp-json\/wp\/v2\/categories?post=91047"},{"taxonomy":"post_tag","embeddable":true,"href":"https:\/\/blogdoeloiltoncajuhy.com.br\/site\/wp-json\/wp\/v2\/tags?post=91047"}],"curies":[{"name":"wp","href":"https:\/\/api.w.org\/{rel}","templated":true}]}}