{"id":91045,"date":"2025-10-22T09:13:15","date_gmt":"2025-10-22T12:13:15","guid":{"rendered":"https:\/\/blogdoeloiltoncajuhy.com.br\/site\/?p=91045"},"modified":"2025-10-22T09:13:17","modified_gmt":"2025-10-22T12:13:17","slug":"senai-oferece-60-bolsas-integrais-de-estudo-para-candidatos-de-baixa-renda-veja-lista-de-cursos-e-como-ter-acesso","status":"publish","type":"post","link":"https:\/\/blogdoeloiltoncajuhy.com.br\/site\/senai-oferece-60-bolsas-integrais-de-estudo-para-candidatos-de-baixa-renda-veja-lista-de-cursos-e-como-ter-acesso\/","title":{"rendered":"Senai oferece 60 bolsas integrais de estudo para candidatos de baixa renda; veja lista de cursos e como ter acesso"},"content":{"rendered":"\n<p class=\"has-medium-font-size\"><strong>Processo seletivo contempla sete cursos de Engenharia, al\u00e9m de Arquitetura e Urbanismo e Ci\u00eancias de Dados e Intelig\u00eancia Artificial<\/strong><\/p>\n\n\n\n<p><strong>Por g1 BA<\/strong><\/p>\n\n\n\n<figure class=\"wp-block-image aligncenter size-full\"><a href=\"https:\/\/i0.wp.com\/blogdoeloiltoncajuhy.com.br\/site\/wp-content\/uploads\/2025\/05\/Senai-BA-%E2%80%94-Foto-Ascom-SDE_080525.jpeg\"><img data-recalc-dims=\"1\" fetchpriority=\"high\" decoding=\"async\" width=\"800\" height=\"533\" src=\"https:\/\/i0.wp.com\/blogdoeloiltoncajuhy.com.br\/site\/wp-content\/uploads\/2025\/05\/Senai-BA-%E2%80%94-Foto-Ascom-SDE_080525.jpeg?resize=800%2C533\" alt=\"\" class=\"wp-image-87567\" srcset=\"https:\/\/i0.wp.com\/blogdoeloiltoncajuhy.com.br\/site\/wp-content\/uploads\/2025\/05\/Senai-BA-%E2%80%94-Foto-Ascom-SDE_080525.jpeg?w=984&amp;ssl=1 984w, https:\/\/i0.wp.com\/blogdoeloiltoncajuhy.com.br\/site\/wp-content\/uploads\/2025\/05\/Senai-BA-%E2%80%94-Foto-Ascom-SDE_080525.jpeg?resize=300%2C200&amp;ssl=1 300w, https:\/\/i0.wp.com\/blogdoeloiltoncajuhy.com.br\/site\/wp-content\/uploads\/2025\/05\/Senai-BA-%E2%80%94-Foto-Ascom-SDE_080525.jpeg?resize=768%2C512&amp;ssl=1 768w\" sizes=\"(max-width: 800px) 100vw, 800px\" \/><\/a><figcaption class=\"wp-element-caption\"><sub>Foto: SDE<\/sub><\/figcaption><\/figure>\n\n\n\n<p>A Universidade Senai Cimatec est\u00e1 com inscri\u00e7\u00f5es abertas para o Vestibular Social 2026.1, iniciativa que concede bolsas de estudo integrais para candidatos de baixa renda.<\/p>\n\n\n\n<p>Reconhecida como uma das principais institui\u00e7\u00f5es de ensino superior do pa\u00eds voltadas \u00e0 inova\u00e7\u00e3o e tecnologia, a universidade oferece 60 vagas para sete habilita\u00e7\u00f5es da engenharia, al\u00e9m de arquitetura e urbanismo e do bacharelado EAD em Ci\u00eancia de Dados e Intelig\u00eancia Artificial.<\/p>\n\n\n\n<p><strong><a href=\"https:\/\/whatsapp.com\/channel\/0029VaAT7tDLI8Yfj5y9Z50Z\"><mark style=\"background-color:rgba(0, 0, 0, 0)\" class=\"has-inline-color has-vivid-red-color\">>> Clique aqui e entre no canal do BEC no WhatsApp<\/mark><\/a><\/strong><\/p>\n\n\n\n<p>As inscri\u00e7\u00f5es para o vestibular podem ser feitas no <a href=\"http:\/\/www.universidadesenaicmatec.edu.br\/\" data-type=\"link\" data-id=\"http:\/\/www.universidadesenaicmatec.edu.br\/\" target=\"_blank\" rel=\"noreferrer noopener\"><mark style=\"background-color:rgba(0, 0, 0, 0)\" class=\"has-inline-color has-vivid-cyan-blue-color\"><strong>site da universidade<\/strong><\/mark><\/a> at\u00e9 11 de novembro. A prova ser\u00e1 aplicada, presencialmente, no dia 23 de novembro.<\/p>\n\n\n\n<p>O aluno bolsista pode ser contemplado ainda no Programa Parceiro Social, onde empresas parceiras da universidade oferecem um notebook e uma bolsa aux\u00edlio no valor de R$ 500 para ajuda de custo.<\/p>\n\n\n\n<p><strong>Entre os cursos de engenharia est\u00e3o:<\/strong><\/p>\n\n\n\n<ul class=\"wp-block-list\">\n<li>Engenharia da Computa\u00e7\u00e3o;<\/li>\n\n\n\n<li>Engenharia Mec\u00e2nica;<\/li>\n\n\n\n<li>Engenharia Civil;<\/li>\n\n\n\n<li>Engenharia de Controle e Automa\u00e7\u00e3o;<\/li>\n\n\n\n<li>Engenharia El\u00e9trica;<\/li>\n\n\n\n<li>Engenharia Qu\u00edmica;<\/li>\n\n\n\n<li>Engenharia de Produ\u00e7\u00e3o.<\/li>\n<\/ul>\n\n\n\n<p class=\"has-black-color has-text-color has-link-color has-medium-font-size wp-elements-6207ca33331d07556955994f7c488cf2\"><strong>SERVI\u00c7O<\/strong><\/p>\n\n\n\n<p><strong><mark style=\"background-color:rgba(0, 0, 0, 0)\" class=\"has-inline-color has-black-color\">Vestibular Social da Universidade SENAI CIMATEC<\/mark><br><mark style=\"background-color:rgba(0, 0, 0, 0)\" class=\"has-inline-color has-black-color\">Inscri\u00e7\u00f5es:<\/mark>\u00a0<\/strong>at\u00e9 11 de novembro<br><strong><mark style=\"background-color:rgba(0, 0, 0, 0)\" class=\"has-inline-color has-black-color\">Data da prova:<\/mark><\/strong>\u00a023 de novembro (presencial)<br><strong><mark style=\"background-color:rgba(0, 0, 0, 0)\" class=\"has-inline-color has-black-color\">Mais informa\u00e7\u00f5es e inscri\u00e7\u00f5es:<\/mark><\/strong>\u00a0<a class=\"\" href=\"https:\/\/universidadesenaicimatec.edu.br\/\" target=\"_blank\" rel=\"noreferrer noopener\"><strong><mark style=\"background-color:rgba(0, 0, 0, 0)\" class=\"has-inline-color has-vivid-cyan-blue-color\">Site da universidade<\/mark><\/strong><\/a><\/p>\n","protected":false},"excerpt":{"rendered":"<p>Processo seletivo contempla sete cursos de Engenharia, al\u00e9m de Arquitetura e Urbanismo e Ci\u00eancias de Dados e Intelig\u00eancia Artificial Por g1 BA A Universidade Senai Cimatec est\u00e1 com inscri\u00e7\u00f5es abertas para o Vestibular Social 2026.1, iniciativa que concede bolsas de estudo integrais para candidatos de baixa renda. Reconhecida como uma das principais institui\u00e7\u00f5es de ensino [&hellip;]<\/p>\n","protected":false},"author":2,"featured_media":87567,"comment_status":"open","ping_status":"open","sticky":false,"template":"","format":"standard","meta":{"_acf_changed":false,"_monsterinsights_skip_tracking":false,"_monsterinsights_sitenote_active":false,"_monsterinsights_sitenote_note":"","_monsterinsights_sitenote_category":0,"_jetpack_memberships_contains_paid_content":false,"footnotes":"","jetpack_publicize_message":"","jetpack_publicize_feature_enabled":true,"jetpack_social_post_already_shared":true,"jetpack_social_options":{"image_generator_settings":{"template":"highway","default_image_id":0,"font":"","enabled":false},"version":2}},"categories":[32],"tags":[],"class_list":["post-91045","post","type-post","status-publish","format-standard","has-post-thumbnail","hentry","category-emprego"],"acf":[],"jetpack_publicize_connections":[],"jetpack_featured_media_url":"https:\/\/i0.wp.com\/blogdoeloiltoncajuhy.com.br\/site\/wp-content\/uploads\/2025\/05\/Senai-BA-%E2%80%94-Foto-Ascom-SDE_080525.jpeg?fit=984%2C656&ssl=1","jetpack_sharing_enabled":true,"publishpress_future_workflow_manual_trigger":{"enabledWorkflows":[]},"_links":{"self":[{"href":"https:\/\/blogdoeloiltoncajuhy.com.br\/site\/wp-json\/wp\/v2\/posts\/91045","targetHints":{"allow":["GET"]}}],"collection":[{"href":"https:\/\/blogdoeloiltoncajuhy.com.br\/site\/wp-json\/wp\/v2\/posts"}],"about":[{"href":"https:\/\/blogdoeloiltoncajuhy.com.br\/site\/wp-json\/wp\/v2\/types\/post"}],"author":[{"embeddable":true,"href":"https:\/\/blogdoeloiltoncajuhy.com.br\/site\/wp-json\/wp\/v2\/users\/2"}],"replies":[{"embeddable":true,"href":"https:\/\/blogdoeloiltoncajuhy.com.br\/site\/wp-json\/wp\/v2\/comments?post=91045"}],"version-history":[{"count":1,"href":"https:\/\/blogdoeloiltoncajuhy.com.br\/site\/wp-json\/wp\/v2\/posts\/91045\/revisions"}],"predecessor-version":[{"id":91046,"href":"https:\/\/blogdoeloiltoncajuhy.com.br\/site\/wp-json\/wp\/v2\/posts\/91045\/revisions\/91046"}],"wp:featuredmedia":[{"embeddable":true,"href":"https:\/\/blogdoeloiltoncajuhy.com.br\/site\/wp-json\/wp\/v2\/media\/87567"}],"wp:attachment":[{"href":"https:\/\/blogdoeloiltoncajuhy.com.br\/site\/wp-json\/wp\/v2\/media?parent=91045"}],"wp:term":[{"taxonomy":"category","embeddable":true,"href":"https:\/\/blogdoeloiltoncajuhy.com.br\/site\/wp-json\/wp\/v2\/categories?post=91045"},{"taxonomy":"post_tag","embeddable":true,"href":"https:\/\/blogdoeloiltoncajuhy.com.br\/site\/wp-json\/wp\/v2\/tags?post=91045"}],"curies":[{"name":"wp","href":"https:\/\/api.w.org\/{rel}","templated":true}]}}