{"id":91041,"date":"2025-10-22T09:02:55","date_gmt":"2025-10-22T12:02:55","guid":{"rendered":"https:\/\/blogdoeloiltoncajuhy.com.br\/site\/?p=91041"},"modified":"2025-10-22T09:03:36","modified_gmt":"2025-10-22T12:03:36","slug":"uso-indevido-de-remedios-para-dormir-pode-piorar-a-insonia-alerta-psiquiatra","status":"publish","type":"post","link":"https:\/\/blogdoeloiltoncajuhy.com.br\/site\/uso-indevido-de-remedios-para-dormir-pode-piorar-a-insonia-alerta-psiquiatra\/","title":{"rendered":"Uso indevido de rem\u00e9dios para dormir pode piorar a ins\u00f4nia, alerta psiquiatra"},"content":{"rendered":"\n<p class=\"has-medium-font-size\"><strong>Dra. Maria Fernanda Caliani orienta sobre quando realmente \u00e9 necess\u00e1rio usar medica\u00e7\u00e3o e destaca que o tratamento mais eficaz para ins\u00f4nia ainda \u00e9 n\u00e3o-medicamentoso<\/strong><\/p>\n\n\n\n<p><strong>Blog do Eloilton Cajuhy \u2013 BEC<\/strong><\/p>\n\n\n\n<figure class=\"wp-block-image aligncenter size-full\"><a href=\"https:\/\/i0.wp.com\/blogdoeloiltoncajuhy.com.br\/site\/wp-content\/uploads\/2025\/10\/Insonia-Foto-Getty-Images.webp?ssl=1\"><img data-recalc-dims=\"1\" fetchpriority=\"high\" decoding=\"async\" width=\"800\" height=\"450\" src=\"https:\/\/i0.wp.com\/blogdoeloiltoncajuhy.com.br\/site\/wp-content\/uploads\/2025\/10\/Insonia-Foto-Getty-Images.webp?resize=800%2C450&#038;ssl=1\" alt=\"\" class=\"wp-image-91042\" srcset=\"https:\/\/i0.wp.com\/blogdoeloiltoncajuhy.com.br\/site\/wp-content\/uploads\/2025\/10\/Insonia-Foto-Getty-Images.webp?w=800&amp;ssl=1 800w, https:\/\/i0.wp.com\/blogdoeloiltoncajuhy.com.br\/site\/wp-content\/uploads\/2025\/10\/Insonia-Foto-Getty-Images.webp?resize=300%2C169&amp;ssl=1 300w, https:\/\/i0.wp.com\/blogdoeloiltoncajuhy.com.br\/site\/wp-content\/uploads\/2025\/10\/Insonia-Foto-Getty-Images.webp?resize=768%2C432&amp;ssl=1 768w\" sizes=\"(max-width: 800px) 100vw, 800px\" \/><\/a><figcaption class=\"wp-element-caption\"><sub>Foto: Getty Images<\/sub><\/figcaption><\/figure>\n\n\n\n<p>Dormir mal se tornou uma queixa recorrente entre os brasileiros. Acordar mais cansado do que foi dormir, ter dificuldade para \u201cdesligar\u201d a mente \u00e0 noite e recorrer com frequ\u00eancia a rem\u00e9dios para induzir o sono s\u00e3o sinais de que algo n\u00e3o vai bem. Mas o que poucos sabem \u00e9 que o uso inadequado dessas medica\u00e7\u00f5es pode, em vez de ajudar, agravar ainda mais o problema.<\/p>\n\n\n\n<p>A psiquiatra Dra. Maria Fernanda Caliani, especialista em sa\u00fade mental e com experi\u00eancia no atendimento de dist\u00farbios do sono, alerta para os riscos do uso indiscriminado de medicamentos para dormir. \u201cMuitos pacientes chegam ao consult\u00f3rio j\u00e1 em uso de rem\u00e9dios, sem acompanhamento, achando que \u00e9 a \u00fanica sa\u00edda. O problema \u00e9 que isso pode atrapalhar o ciclo natural do sono e levar \u00e0 depend\u00eancia\u201d, afirma a m\u00e9dica.<\/p>\n\n\n\n<p class=\"has-black-color has-text-color has-link-color has-medium-font-size wp-elements-75bdafef53d77fcf42f6295d5d550b51\"><strong>Benzodiazep\u00ednicos: vil\u00f5es silenciosos do sono<\/strong><\/p>\n\n\n\n<p>Medicamentos como Rivotril e Diazepam, da classe dos benzodiazep\u00ednicos, ainda s\u00e3o muito prescritos no Brasil. Mas, segundo a psiquiatra, eles devem ser usados com extrema cautela.<\/p>\n\n\n\n<p>\u201cEsses rem\u00e9dios t\u00eam alto potencial de depend\u00eancia f\u00edsica e psicol\u00f3gica. Com o tempo, o corpo se acostuma, exigindo doses maiores. Al\u00e9m disso, eles podem alterar o sono profundo e o sono REM, justamente os est\u00e1gios mais restauradores do sono\u201d, explica.<\/p>\n\n\n\n<p><strong><a href=\"https:\/\/whatsapp.com\/channel\/0029VaAT7tDLI8Yfj5y9Z50Z\"><mark style=\"background-color:rgba(0, 0, 0, 0)\" class=\"has-inline-color has-vivid-red-color\">>> Clique aqui e entre no canal do BEC no WhatsApp<\/mark><\/a><\/strong><\/p>\n\n\n\n<p>Mesmo os hipn\u00f3ticos mais modernos, como o Zolpidem, considerados mais seguros, tamb\u00e9m t\u00eam apresentado, na pr\u00e1tica cl\u00ednica, casos de depend\u00eancia. \u201cN\u00e3o s\u00e3o isentos de riscos, principalmente quando usados de forma prolongada e sem orienta\u00e7\u00e3o adequada\u201d, alerta.<\/p>\n\n\n\n<p class=\"has-black-color has-text-color has-link-color has-medium-font-size wp-elements-dfa7a5113d1ba2d1ab271372aea95fcd\"><strong>E a melatonina? N\u00e3o \u00e9 t\u00e3o simples assim<\/strong><\/p>\n\n\n\n<p>Outro equ\u00edvoco comum \u00e9 pensar que melatonina \u00e9 a solu\u00e7\u00e3o para qualquer tipo de ins\u00f4nia. \u201cApesar de ser um horm\u00f4nio naturalmente produzido pelo corpo, sua indica\u00e7\u00e3o cl\u00ednica \u00e9 bem espec\u00edfica, como em casos de jet lag, trabalhadores noturnos ou dist\u00farbios do ritmo circadiano. N\u00e3o \u00e9 um rem\u00e9dio para todo tipo de dificuldade para dormir\u201d, ressalta a m\u00e9dica.<\/p>\n\n\n\n<p>O verdadeiro tratamento de primeira linha: Terapia Cognitivo-Comportamental para Ins\u00f4nia (TCCI)<\/p>\n\n\n\n<p>Ao contr\u00e1rio do que muitos imaginam, os principais guias m\u00e9dicos internacionais n\u00e3o colocam a medica\u00e7\u00e3o como primeira escolha para tratar a ins\u00f4nia cr\u00f4nica. A recomenda\u00e7\u00e3o mais eficaz \u00e9 a Terapia Cognitivo-Comportamental para Ins\u00f4nia (TCCI), um conjunto de t\u00e9cnicas comportamentais e cognitivas com foco em restaurar o sono de forma natural.<\/p>\n\n\n\n<p class=\"has-black-color has-text-color has-link-color wp-elements-147d47f1637fc7a8f9dee867e401159d\"><strong>Entre as estrat\u00e9gias da TCCI est\u00e3o:<\/strong><\/p>\n\n\n\n<ul class=\"wp-block-list\">\n<li>Higiene do sono: manter hor\u00e1rios regulares para dormir e acordar, evitar telas e luz artificial antes de dormir, e reduzir cafe\u00edna e \u00e1lcool \u00e0 noite;<\/li>\n\n\n\n<li>T\u00e9cnicas de relaxamento e controle de est\u00edmulos: como sair da cama se n\u00e3o conseguir dormir em 20 minutos e s\u00f3 retornar quando estiver com sono;<\/li>\n\n\n\n<li>Restri\u00e7\u00e3o do sono: uma t\u00e9cnica tempor\u00e1ria que visa aumentar a press\u00e3o do sono;<\/li>\n\n\n\n<li>Trabalhar pensamentos disfuncionais sobre o sono, que acabam alimentando o ciclo da ins\u00f4nia.<\/li>\n<\/ul>\n\n\n\n<p><\/p>\n\n\n\n<p>\u201cO que as pessoas precisam entender \u00e9 que ins\u00f4nia n\u00e3o \u00e9 s\u00f3 falta de sono \u00e9 uma desregula\u00e7\u00e3o do sistema cerebral do sono. E como qualquer outro transtorno cr\u00f4nico, como hipertens\u00e3o ou diabetes, precisa de um tratamento individualizado e cont\u00ednuo, que pode ou n\u00e3o incluir medica\u00e7\u00e3o\u201d, explica a psiquiatra.<\/p>\n\n\n\n<p class=\"has-black-color has-text-color has-link-color has-medium-font-size wp-elements-63ae9e7e1b5c7c532fd84cb197f0fd31\"><strong>Quando os rem\u00e9dios para dormir s\u00e3o necess\u00e1rios?<\/strong><\/p>\n\n\n\n<p class=\"has-black-color has-text-color has-link-color wp-elements-b3c0460e3d2ecb41b57461a0b9ccc04a\"><strong>Existem, sim, situa\u00e7\u00f5es em que os medicamentos para dormir s\u00e3o indicados:<\/strong><\/p>\n\n\n\n<ul class=\"wp-block-list\">\n<li>Ins\u00f4nia aguda causada por eventos estressantes, como luto ou traumas;<\/li>\n\n\n\n<li>Dist\u00farbios psiqui\u00e1tricos agudos, como epis\u00f3dios depressivos graves ou transtornos de ansiedade;<\/li>\n\n\n\n<li>Ins\u00f4nia cr\u00f4nica diagnosticada, quando n\u00e3o h\u00e1 resposta adequada \u00e0s abordagens n\u00e3o medicamentosas;<\/li>\n\n\n\n<li>Situa\u00e7\u00f5es espec\u00edficas, como jet lag, turnos noturnos ou preparo para procedimentos m\u00e9dicos.<\/li>\n<\/ul>\n\n\n\n<p><\/p>\n\n\n\n<p>Al\u00e9m dos benzodiazep\u00ednicos e hipn\u00f3ticos, a psiquiatra explica que alguns antidepressivos e antipsic\u00f3ticos tamb\u00e9m podem ser utilizados para tratar a ins\u00f4nia associada a outras condi\u00e7\u00f5es.<\/p>\n\n\n\n<p>Medicamentos como mirtazapina, trazodona ou quetiapina s\u00e3o exemplos, mas exigem aten\u00e7\u00e3o especial \u00e0s intera\u00e7\u00f5es medicamentosas e devem ser sempre prescritos por especialistas.<\/p>\n\n\n\n<p class=\"has-black-color has-text-color has-link-color has-medium-font-size wp-elements-de682a7c1a81633ad37d94f1dc5f4ef6\"><strong>Consequ\u00eancias do uso inadequado<\/strong><\/p>\n\n\n\n<p class=\"has-black-color has-text-color has-link-color wp-elements-93e3c8e91a077ee9599cfd9486cd9398\"><strong>Al\u00e9m do risco de depend\u00eancia, o uso prolongado ou errado de medica\u00e7\u00f5es para dormir pode provocar:<\/strong><\/p>\n\n\n\n<ul class=\"wp-block-list\">\n<li>Altera\u00e7\u00e3o do ritmo circadiano;<\/li>\n\n\n\n<li>Maior risco de quedas e fraturas, especialmente em idosos;<\/li>\n\n\n\n<li>Comprometimento cognitivo e lapsos de mem\u00f3ria;<\/li>\n\n\n\n<li>Risco aumentado de pneumonia e outros efeitos adversos em popula\u00e7\u00f5es vulner\u00e1veis.<\/li>\n<\/ul>\n\n\n\n<p><\/p>\n\n\n\n<p class=\"has-black-color has-text-color has-link-color has-medium-font-size wp-elements-0bbb68164f4d18fda2c3b9a964f10c6e\"><strong>Dormir bem \u00e9 uma constru\u00e7\u00e3o di\u00e1ria<\/strong><\/p>\n\n\n\n<p class=\"has-black-color has-text-color has-link-color wp-elements-c74289de1176d1edc5d1df7db18ecdd5\"><strong>A psiquiatra finaliza com orienta\u00e7\u00f5es pr\u00e1ticas para quem quer melhorar o sono sem recorrer de imediato aos rem\u00e9dios:<\/strong><\/p>\n\n\n\n<ul class=\"wp-block-list\">\n<li>Exposi\u00e7\u00e3o \u00e0 luz natural pela manh\u00e3;<\/li>\n\n\n\n<li>Pr\u00e1tica regular de exerc\u00edcios f\u00edsicos (n\u00e3o muito pr\u00f3ximos da hora de dormir);<\/li>\n\n\n\n<li>Evitar cochilos longos durante o dia;<\/li>\n\n\n\n<li>Criar uma rotina relaxante \u00e0 noite, sem telas ou est\u00edmulos intensos;<\/li>\n\n\n\n<li>Evitar levar preocupa\u00e7\u00f5es para a cama.<\/li>\n<\/ul>\n\n\n\n<p><\/p>\n\n\n\n<p>\u201cTer uma noite ruim de vez em quando \u00e9 normal. Mas se os sintomas se repetem e comprometem sua qualidade de vida, procure um profissional. Automedica\u00e7\u00e3o nunca \u00e9 o caminho seguro\u201d, refor\u00e7a Dra. Maria Fernanda.<\/p>\n","protected":false},"excerpt":{"rendered":"<p>Dra. Maria Fernanda Caliani orienta sobre quando realmente \u00e9 necess\u00e1rio usar medica\u00e7\u00e3o e destaca que o tratamento mais eficaz para ins\u00f4nia ainda \u00e9 n\u00e3o-medicamentoso Blog do Eloilton Cajuhy \u2013 BEC Dormir mal se tornou uma queixa recorrente entre os brasileiros. Acordar mais cansado do que foi dormir, ter dificuldade para \u201cdesligar\u201d a mente \u00e0 noite [&hellip;]<\/p>\n","protected":false},"author":2,"featured_media":91042,"comment_status":"open","ping_status":"open","sticky":false,"template":"","format":"standard","meta":{"_acf_changed":false,"_monsterinsights_skip_tracking":false,"_monsterinsights_sitenote_active":false,"_monsterinsights_sitenote_note":"","_monsterinsights_sitenote_category":0,"_jetpack_memberships_contains_paid_content":false,"footnotes":"","jetpack_publicize_message":"","jetpack_publicize_feature_enabled":true,"jetpack_social_post_already_shared":false,"jetpack_social_options":{"image_generator_settings":{"template":"highway","default_image_id":0,"font":"","enabled":false},"version":2}},"categories":[7],"tags":[],"class_list":["post-91041","post","type-post","status-publish","format-standard","has-post-thumbnail","hentry","category-saude"],"acf":[],"jetpack_publicize_connections":[],"jetpack_featured_media_url":"https:\/\/i0.wp.com\/blogdoeloiltoncajuhy.com.br\/site\/wp-content\/uploads\/2025\/10\/Insonia-Foto-Getty-Images.webp?fit=800%2C450&ssl=1","jetpack_sharing_enabled":true,"publishpress_future_workflow_manual_trigger":{"enabledWorkflows":[]},"_links":{"self":[{"href":"https:\/\/blogdoeloiltoncajuhy.com.br\/site\/wp-json\/wp\/v2\/posts\/91041","targetHints":{"allow":["GET"]}}],"collection":[{"href":"https:\/\/blogdoeloiltoncajuhy.com.br\/site\/wp-json\/wp\/v2\/posts"}],"about":[{"href":"https:\/\/blogdoeloiltoncajuhy.com.br\/site\/wp-json\/wp\/v2\/types\/post"}],"author":[{"embeddable":true,"href":"https:\/\/blogdoeloiltoncajuhy.com.br\/site\/wp-json\/wp\/v2\/users\/2"}],"replies":[{"embeddable":true,"href":"https:\/\/blogdoeloiltoncajuhy.com.br\/site\/wp-json\/wp\/v2\/comments?post=91041"}],"version-history":[{"count":2,"href":"https:\/\/blogdoeloiltoncajuhy.com.br\/site\/wp-json\/wp\/v2\/posts\/91041\/revisions"}],"predecessor-version":[{"id":91044,"href":"https:\/\/blogdoeloiltoncajuhy.com.br\/site\/wp-json\/wp\/v2\/posts\/91041\/revisions\/91044"}],"wp:featuredmedia":[{"embeddable":true,"href":"https:\/\/blogdoeloiltoncajuhy.com.br\/site\/wp-json\/wp\/v2\/media\/91042"}],"wp:attachment":[{"href":"https:\/\/blogdoeloiltoncajuhy.com.br\/site\/wp-json\/wp\/v2\/media?parent=91041"}],"wp:term":[{"taxonomy":"category","embeddable":true,"href":"https:\/\/blogdoeloiltoncajuhy.com.br\/site\/wp-json\/wp\/v2\/categories?post=91041"},{"taxonomy":"post_tag","embeddable":true,"href":"https:\/\/blogdoeloiltoncajuhy.com.br\/site\/wp-json\/wp\/v2\/tags?post=91041"}],"curies":[{"name":"wp","href":"https:\/\/api.w.org\/{rel}","templated":true}]}}