{"id":91028,"date":"2025-10-21T15:54:53","date_gmt":"2025-10-21T18:54:53","guid":{"rendered":"https:\/\/blogdoeloiltoncajuhy.com.br\/site\/?p=91028"},"modified":"2025-10-21T15:55:44","modified_gmt":"2025-10-21T18:55:44","slug":"cuidados-paliativos-nao-sao-sobre-morrer-mas-sim-sobre-viver-bem-ate-o-fim","status":"publish","type":"post","link":"https:\/\/blogdoeloiltoncajuhy.com.br\/site\/cuidados-paliativos-nao-sao-sobre-morrer-mas-sim-sobre-viver-bem-ate-o-fim\/","title":{"rendered":"Cuidados paliativos n\u00e3o s\u00e3o sobre morrer, mas sim sobre viver bem at\u00e9 o fim"},"content":{"rendered":"\n<p class=\"has-medium-font-size\"><strong>Com mais de 1 milh\u00e3o de brasileiros precisando de cuidados paliativos por ano, especialista destaca o papel da sa\u00fade mental na reconstru\u00e7\u00e3o do sentido da vida<\/strong><\/p>\n\n\n\n<p><strong>Blog do Eloilton Cajuhy \u2013 BEC<\/strong><\/p>\n\n\n\n<figure class=\"wp-block-image aligncenter size-full\"><a href=\"https:\/\/i0.wp.com\/blogdoeloiltoncajuhy.com.br\/site\/wp-content\/uploads\/2025\/10\/Velhice-Idosos-Foto-Freepik.jpg?ssl=1\"><img data-recalc-dims=\"1\" fetchpriority=\"high\" decoding=\"async\" width=\"800\" height=\"533\" src=\"https:\/\/i0.wp.com\/blogdoeloiltoncajuhy.com.br\/site\/wp-content\/uploads\/2025\/10\/Velhice-Idosos-Foto-Freepik.jpg?resize=800%2C533&#038;ssl=1\" alt=\"\" class=\"wp-image-91029\" srcset=\"https:\/\/i0.wp.com\/blogdoeloiltoncajuhy.com.br\/site\/wp-content\/uploads\/2025\/10\/Velhice-Idosos-Foto-Freepik.jpg?w=800&amp;ssl=1 800w, https:\/\/i0.wp.com\/blogdoeloiltoncajuhy.com.br\/site\/wp-content\/uploads\/2025\/10\/Velhice-Idosos-Foto-Freepik.jpg?resize=300%2C200&amp;ssl=1 300w, https:\/\/i0.wp.com\/blogdoeloiltoncajuhy.com.br\/site\/wp-content\/uploads\/2025\/10\/Velhice-Idosos-Foto-Freepik.jpg?resize=768%2C512&amp;ssl=1 768w\" sizes=\"(max-width: 800px) 100vw, 800px\" \/><\/a><figcaption class=\"wp-element-caption\"><sub>Foto: Freepik<\/sub><\/figcaption><\/figure>\n\n\n\n<p>Os cuidados paliativos ainda s\u00e3o, muitas vezes, associados \u00e0 morte. Mas, na verdade, essa \u00e1rea da medicina tem como foco principal a qualidade de vida, promovendo o al\u00edvio do sofrimento f\u00edsico e emocional de pacientes com doen\u00e7as graves e de seus familiares.<\/p>\n\n\n\n<p>De acordo com a psiquiatra Paula Correa de Ara\u00fajo, do grupo ViV Sa\u00fade Mental e Emocional, a dimens\u00e3o da sa\u00fade mental \u00e9 essencial para garantir um processo de cuidado mais humano, digno e acolhedor.<\/p>\n\n\n\n<blockquote class=\"wp-block-quote is-layout-flow wp-block-quote-is-layout-flow\">\n<p><strong><mark style=\"background-color:rgba(0, 0, 0, 0)\" class=\"has-inline-color has-black-color\">\u201cCuidar da sa\u00fade mental \u00e9 cuidar da vida. Nos cuidados paliativos, isso significa reconhecer o sofrimento como leg\u00edtimo e oferecer recursos para que o paciente e sua fam\u00edlia possam atravessar esse momento com sentido e equil\u00edbrio\u201d, explica.<\/mark><\/strong><\/p>\n<\/blockquote>\n\n\n\n<p>Segundo a Organiza\u00e7\u00e3o Mundial da Sa\u00fade (OMS), cerca de 56,8 milh\u00f5es de pessoas em todo o mundo necessitam de cuidados paliativos a cada ano, e aproximadamente 78% delas vivem em pa\u00edses de baixa e m\u00e9dia renda.<\/p>\n\n\n\n<p><strong><a href=\"https:\/\/whatsapp.com\/channel\/0029VaAT7tDLI8Yfj5y9Z50Z\"><mark style=\"background-color:rgba(0, 0, 0, 0)\" class=\"has-inline-color has-vivid-red-color\">>> Clique aqui e entre no canal do BEC no WhatsApp<\/mark><\/a><\/strong><\/p>\n\n\n\n<p>No Brasil, estima-se que cerca de 1 milh\u00e3o de pessoas precisem desse tipo de assist\u00eancia anualmente, segundo levantamento da Academia Nacional de Cuidados Paliativos (ANCP). Ainda assim, menos de 15% t\u00eam acesso efetivo a esses servi\u00e7os, um dado que refor\u00e7a a urg\u00eancia de ampliar a discuss\u00e3o sobre o tema, inclusive no campo emocional.<\/p>\n\n\n\n<p class=\"has-black-color has-text-color has-link-color has-medium-font-size wp-elements-17b26509337589ab9767060def13ae88\"><strong>A psiquiatria como aliada no processo de cuidar<\/strong><\/p>\n\n\n\n<p>Paula destaca que a psiquiatria atua lado a lado com os demais profissionais da equipe multiprofissional, oferecendo suporte diante de ansiedade, depress\u00e3o, desesperan\u00e7a, medo da dor e da perda de autonomia, sentimentos muito presentes entre pacientes em tratamento.<\/p>\n\n\n\n<p>\u201cN\u00e3o se trata apenas de tratar sintomas psiqui\u00e1tricos, mas de validar a dor emocional e ajudar o indiv\u00edduo a reencontrar prop\u00f3sito, mesmo diante da finitude\u201d, salienta.<\/p>\n\n\n\n<p>Para ela, entre as abordagens que mais contribuem para esse processo est\u00e3o terapias como a Meaning-Centered Psychotherapy, baseada na Logoterapia de Viktor Frankl, que ajuda o paciente a reconstruir significado diante da doen\u00e7a; a Dignity Therapy, que estimula reflex\u00f5es sobre legado e identidade; e a CALM (Managing Cancer and Living Meaningfully), voltada para o enfrentamento do sofrimento emocional em pacientes com c\u00e2ncer avan\u00e7ado.<\/p>\n\n\n\n<p>Pesquisas publicadas em revistas cient\u00edficas como o Journal of Clinical Oncology e o Palliative Medicine apontam que essas interven\u00e7\u00f5es reduzem significativamente sintomas depressivos e ansiosos, melhoram o bem-estar espiritual e ampliam a percep\u00e7\u00e3o de qualidade de vida.<\/p>\n\n\n\n<p class=\"has-black-color has-text-color has-link-color has-medium-font-size wp-elements-6391035646e9b11ac580f9b9e9d75f77\"><strong>Acolher tamb\u00e9m \u00e9 cuidar<\/strong><\/p>\n\n\n\n<p>A sa\u00fade mental tamb\u00e9m \u00e9 essencial para o acolhimento de familiares, que vivenciam um luto antecipado e frequentemente lidam com sobrecarga emocional e medo da perda. A psiquiatria, segundo a especialista, pode oferecer psicoeduca\u00e7\u00e3o, grupos de apoio e psicoterapia breve, reduzindo o risco de luto patol\u00f3gico e de adoecimento mental ap\u00f3s o falecimento do ente querido.<\/p>\n\n\n\n<p>\u201cQuando acolhemos o sofrimento da fam\u00edlia, tamb\u00e9m estamos cuidando do paciente, porque isso cria um ambiente emocionalmente mais saud\u00e1vel, favorecendo o v\u00ednculo e a serenidade de todos os envolvidos\u201d, explica Paula.<\/p>\n\n\n\n<p class=\"has-black-color has-text-color has-link-color has-medium-font-size wp-elements-86fb83f85407f22283a9fd6ea3e1346b\"><strong>O momento certo de come\u00e7ar \u00e9 agora<\/strong><\/p>\n\n\n\n<p>Outro ponto importante \u00e9 o momento de in\u00edcio do acompanhamento psiqui\u00e1trico. \u201cA presen\u00e7a do psiquiatra deve ser precoce. Esperar as fases terminais priva o paciente de recursos importantes para viver com mais autonomia e serenidade\u201d, refor\u00e7a a m\u00e9dica.<\/p>\n\n\n\n<p>A introdu\u00e7\u00e3o desse suporte desde o diagn\u00f3stico permite identificar fatores de risco, fortalecer estrat\u00e9gias de enfrentamento e promover uma comunica\u00e7\u00e3o mais emp\u00e1tica entre paciente, fam\u00edlia e equipe de sa\u00fade.<\/p>\n\n\n\n<p>Para refor\u00e7ar esse direcionamento da especialista da ViV, um estudo da revista The Lancet Global Health (2022) destaca que a integra\u00e7\u00e3o precoce dos cuidados paliativos, incluindo o suporte psicol\u00f3gico, pode aumentar em at\u00e9 30% os indicadores de qualidade de vida e reduzir o sofrimento emocional em mais de 40% dos pacientes com doen\u00e7as graves.<\/p>\n\n\n\n<p class=\"has-black-color has-text-color has-link-color has-medium-font-size wp-elements-e53436d2789a450053c3e1b9f9041a7e\"><strong>Viver com dignidade at\u00e9 o fim<\/strong><\/p>\n\n\n\n<p>Para Paula, compreender a ess\u00eancia dos cuidados paliativos \u00e9 resgatar o verdadeiro sentido do cuidar. \u201cN\u00e3o se trata de desistir do tratamento, mas de continuar cuidando de outra forma, uma forma que reafirma a vida, mesmo quando ela se aproxima do fim. Porque viver com dignidade, conforto e sa\u00fade mental \u00e9 o que realmente importa\u201d, finaliza.<\/p>\n","protected":false},"excerpt":{"rendered":"<p>Com mais de 1 milh\u00e3o de brasileiros precisando de cuidados paliativos por ano, especialista destaca o papel da sa\u00fade mental na reconstru\u00e7\u00e3o do sentido da vida Blog do Eloilton Cajuhy \u2013 BEC Os cuidados paliativos ainda s\u00e3o, muitas vezes, associados \u00e0 morte. Mas, na verdade, essa \u00e1rea da medicina tem como foco principal a qualidade [&hellip;]<\/p>\n","protected":false},"author":2,"featured_media":91029,"comment_status":"open","ping_status":"open","sticky":false,"template":"","format":"standard","meta":{"_acf_changed":false,"_monsterinsights_skip_tracking":false,"_monsterinsights_sitenote_active":false,"_monsterinsights_sitenote_note":"","_monsterinsights_sitenote_category":0,"_jetpack_memberships_contains_paid_content":false,"footnotes":"","jetpack_publicize_message":"","jetpack_publicize_feature_enabled":true,"jetpack_social_post_already_shared":false,"jetpack_social_options":{"image_generator_settings":{"template":"highway","default_image_id":0,"font":"","enabled":false},"version":2}},"categories":[7],"tags":[],"class_list":["post-91028","post","type-post","status-publish","format-standard","has-post-thumbnail","hentry","category-saude"],"acf":[],"jetpack_publicize_connections":[],"jetpack_featured_media_url":"https:\/\/i0.wp.com\/blogdoeloiltoncajuhy.com.br\/site\/wp-content\/uploads\/2025\/10\/Velhice-Idosos-Foto-Freepik.jpg?fit=800%2C533&ssl=1","jetpack_sharing_enabled":true,"publishpress_future_workflow_manual_trigger":{"enabledWorkflows":[]},"_links":{"self":[{"href":"https:\/\/blogdoeloiltoncajuhy.com.br\/site\/wp-json\/wp\/v2\/posts\/91028","targetHints":{"allow":["GET"]}}],"collection":[{"href":"https:\/\/blogdoeloiltoncajuhy.com.br\/site\/wp-json\/wp\/v2\/posts"}],"about":[{"href":"https:\/\/blogdoeloiltoncajuhy.com.br\/site\/wp-json\/wp\/v2\/types\/post"}],"author":[{"embeddable":true,"href":"https:\/\/blogdoeloiltoncajuhy.com.br\/site\/wp-json\/wp\/v2\/users\/2"}],"replies":[{"embeddable":true,"href":"https:\/\/blogdoeloiltoncajuhy.com.br\/site\/wp-json\/wp\/v2\/comments?post=91028"}],"version-history":[{"count":2,"href":"https:\/\/blogdoeloiltoncajuhy.com.br\/site\/wp-json\/wp\/v2\/posts\/91028\/revisions"}],"predecessor-version":[{"id":91031,"href":"https:\/\/blogdoeloiltoncajuhy.com.br\/site\/wp-json\/wp\/v2\/posts\/91028\/revisions\/91031"}],"wp:featuredmedia":[{"embeddable":true,"href":"https:\/\/blogdoeloiltoncajuhy.com.br\/site\/wp-json\/wp\/v2\/media\/91029"}],"wp:attachment":[{"href":"https:\/\/blogdoeloiltoncajuhy.com.br\/site\/wp-json\/wp\/v2\/media?parent=91028"}],"wp:term":[{"taxonomy":"category","embeddable":true,"href":"https:\/\/blogdoeloiltoncajuhy.com.br\/site\/wp-json\/wp\/v2\/categories?post=91028"},{"taxonomy":"post_tag","embeddable":true,"href":"https:\/\/blogdoeloiltoncajuhy.com.br\/site\/wp-json\/wp\/v2\/tags?post=91028"}],"curies":[{"name":"wp","href":"https:\/\/api.w.org\/{rel}","templated":true}]}}