{"id":91023,"date":"2025-10-21T09:03:46","date_gmt":"2025-10-21T12:03:46","guid":{"rendered":"https:\/\/blogdoeloiltoncajuhy.com.br\/site\/?p=91023"},"modified":"2025-10-21T09:03:47","modified_gmt":"2025-10-21T12:03:47","slug":"pai-de-aluna-da-nove-socos-em-professor-apos-bronca-por-uso-de-celular-em-sala-de-aula-no-df","status":"publish","type":"post","link":"https:\/\/blogdoeloiltoncajuhy.com.br\/site\/pai-de-aluna-da-nove-socos-em-professor-apos-bronca-por-uso-de-celular-em-sala-de-aula-no-df\/","title":{"rendered":"Pai de aluna d\u00e1 nove socos em professor ap\u00f3s bronca por uso de celular em sala de aula no DF"},"content":{"rendered":"\n<p class=\"has-medium-font-size\"><strong>Professor do CED 4, no Guar\u00e1, levou socos na cabe\u00e7a e ficou com olho roxo e hematomas nas costas. Agressor vai responder por les\u00e3o corporal, inj\u00faria e desacato<\/strong><\/p>\n\n\n\n<p><strong>Por Michele Mendes, Karen Bel\u00e9m, Gabriela de Mac\u00eado, TV Globo<\/strong><\/p>\n\n\n\n<figure class=\"wp-block-image aligncenter size-full is-resized\"><a href=\"https:\/\/i0.wp.com\/blogdoeloiltoncajuhy.com.br\/site\/wp-content\/uploads\/2025\/10\/Filha-aplica-mata-leao-no-pai-apos-ele-agredir-professor-no-DF-%E2%80%94-Foto-TV-Globo-Reproducao.png?ssl=1\"><img data-recalc-dims=\"1\" fetchpriority=\"high\" decoding=\"async\" width=\"272\" height=\"450\" src=\"https:\/\/i0.wp.com\/blogdoeloiltoncajuhy.com.br\/site\/wp-content\/uploads\/2025\/10\/Filha-aplica-mata-leao-no-pai-apos-ele-agredir-professor-no-DF-%E2%80%94-Foto-TV-Globo-Reproducao.png?resize=272%2C450&#038;ssl=1\" alt=\"\" class=\"wp-image-91024\" style=\"width:361px;height:auto\" srcset=\"https:\/\/i0.wp.com\/blogdoeloiltoncajuhy.com.br\/site\/wp-content\/uploads\/2025\/10\/Filha-aplica-mata-leao-no-pai-apos-ele-agredir-professor-no-DF-%E2%80%94-Foto-TV-Globo-Reproducao.png?w=272&amp;ssl=1 272w, https:\/\/i0.wp.com\/blogdoeloiltoncajuhy.com.br\/site\/wp-content\/uploads\/2025\/10\/Filha-aplica-mata-leao-no-pai-apos-ele-agredir-professor-no-DF-%E2%80%94-Foto-TV-Globo-Reproducao.png?resize=181%2C300&amp;ssl=1 181w\" sizes=\"(max-width: 272px) 100vw, 272px\" \/><\/a><figcaption class=\"wp-element-caption\"><sub>Filha aplica &#8216;mata-le\u00e3o&#8217; no pai ap\u00f3s ele agredir professor no DF \u2014 Foto: TV Globo\/Reprodu\u00e7\u00e3o<\/sub><\/figcaption><\/figure>\n\n\n\n<p>Um professor de 53 anos foi agredido com nove socos por um pai dentro do Centro Educacional 4 do Guar\u00e1, no Distrito Federal, na manh\u00e3 desta segunda-feira (20), ap\u00f3s pedir que uma aluna parasse de mexer no celular durante a aula.<\/p>\n\n\n\n<p>C\u00e2meras de seguran\u00e7a da escola registraram o momento em que o homem entra na sala de coordena\u00e7\u00e3o e d\u00e1 uma sequ\u00eancia de socos na cabe\u00e7a do educador, que tenta se proteger enquanto \u00e9 contido por outros funcion\u00e1rios.<\/p>\n\n\n\n<p><strong><a href=\"https:\/\/whatsapp.com\/channel\/0029VaAT7tDLI8Yfj5y9Z50Z\"><mark style=\"background-color:rgba(0, 0, 0, 0)\" class=\"has-inline-color has-vivid-red-color\">>> Clique aqui e entre no canal do BEC no WhatsApp<\/mark><\/a><\/strong><\/p>\n\n\n\n<p>Nas imagens, \u00e9 poss\u00edvel ver a filha do agressor tentando separar a briga e aplicando um &#8220;mata-le\u00e3o&#8221; no pr\u00f3prio pai para impedir que ele continuasse as agress\u00f5es.<\/p>\n\n\n\n<p>Al\u00e9m da filha, outras tr\u00eas estudantes presenciaram as agress\u00f5es.<\/p>\n\n\n\n<p>Segundo o professor, a agress\u00e3o aconteceu depois que ele chamou a aten\u00e7\u00e3o da aluna \u2013 que se recusava a copiar o conte\u00fado do quadro.<\/p>\n\n\n\n<blockquote class=\"wp-block-quote is-layout-flow wp-block-quote-is-layout-flow\">\n<p><strong><mark style=\"background-color:rgba(0, 0, 0, 0)\" class=\"has-inline-color has-black-color\">\u201cEu falei que n\u00e3o era para mexer no celular e era para copiar o conte\u00fado. Ela deve ter chamado o pai, e ele foi \u00e0 escola tirar satisfa\u00e7\u00e3o comigo\u201d, relatou o educador.<\/mark><\/strong><\/p>\n<\/blockquote>\n\n\n\n<p>O professor ficou com olho roxo e hematomas nas costas ap\u00f3s a agress\u00e3o.<\/p>\n\n\n\n<p class=\"has-black-color has-text-color has-link-color has-medium-font-size wp-elements-793d7af345af9d6e37904ad1f6fb02cb\"><strong>Agressor vai responder por les\u00e3o corporal, inj\u00faria e desacato<\/strong><\/p>\n\n\n\n<figure class=\"wp-block-image aligncenter size-full\"><a href=\"https:\/\/i0.wp.com\/blogdoeloiltoncajuhy.com.br\/site\/wp-content\/uploads\/2025\/10\/Imagens-mostram-momento-agressao-em-escola-no-DF-%E2%80%94-Foto-TV-Globo-Reproducao.png?ssl=1\"><img data-recalc-dims=\"1\" decoding=\"async\" width=\"800\" height=\"455\" src=\"https:\/\/i0.wp.com\/blogdoeloiltoncajuhy.com.br\/site\/wp-content\/uploads\/2025\/10\/Imagens-mostram-momento-agressao-em-escola-no-DF-%E2%80%94-Foto-TV-Globo-Reproducao.png?resize=800%2C455&#038;ssl=1\" alt=\"\" class=\"wp-image-91025\" srcset=\"https:\/\/i0.wp.com\/blogdoeloiltoncajuhy.com.br\/site\/wp-content\/uploads\/2025\/10\/Imagens-mostram-momento-agressao-em-escola-no-DF-%E2%80%94-Foto-TV-Globo-Reproducao.png?w=816&amp;ssl=1 816w, https:\/\/i0.wp.com\/blogdoeloiltoncajuhy.com.br\/site\/wp-content\/uploads\/2025\/10\/Imagens-mostram-momento-agressao-em-escola-no-DF-%E2%80%94-Foto-TV-Globo-Reproducao.png?resize=300%2C171&amp;ssl=1 300w, https:\/\/i0.wp.com\/blogdoeloiltoncajuhy.com.br\/site\/wp-content\/uploads\/2025\/10\/Imagens-mostram-momento-agressao-em-escola-no-DF-%E2%80%94-Foto-TV-Globo-Reproducao.png?resize=768%2C437&amp;ssl=1 768w\" sizes=\"(max-width: 800px) 100vw, 800px\" \/><\/a><figcaption class=\"wp-element-caption\"><sub>Imagens de c\u00e2mera de seguran\u00e7a mostram momento da agress\u00e3o em escola no DF \u2014 Foto: TV Globo\/Reprodu\u00e7\u00e3o<\/sub><\/figcaption><\/figure>\n\n\n\n<p>O agressor, identificado como Thiago L\u00eanin Sousa, foi levado para a 1\u00aa Delegacia de Pol\u00edcia (Asa Sul), onde assinou um Termo Circunstanciado de Ocorr\u00eancia (TCO) \u2014 usado para crimes de menor potencial ofensivo.<\/p>\n\n\n\n<p>Ele vai responder em liberdade por les\u00e3o corporal, inj\u00faria e desacato.<\/p>\n\n\n\n<p>Em depoimento, o homem afirmou que a filha ligou dizendo que o professor teria xingado a estudante e admitiu que &#8220;partiu para cima&#8221; do professor, mas negou ter feito amea\u00e7as.<\/p>\n\n\n\n<p>Procurado pela <strong>TV Globo<\/strong>, Thiago L\u00eanin Sousa disse que n\u00e3o vai se pronunciar.<\/p>\n\n\n\n<p>Em nota, a Secretaria de Educa\u00e7\u00e3o do DF informou que a Coordena\u00e7\u00e3o Regional de Ensino do Guar\u00e1 est\u00e1 acompanhando o caso e que a Corregedoria da pasta vai apurar os fatos.<\/p>\n\n\n\n<p>A secretaria tamb\u00e9m acionou o Batalh\u00e3o Escolar para refor\u00e7ar a seguran\u00e7a na entrada e sa\u00edda dos alunos nos pr\u00f3ximos dias.<\/p>\n\n\n\n<blockquote class=\"wp-block-quote is-layout-flow wp-block-quote-is-layout-flow\">\n<p><strong><mark style=\"background-color:rgba(0, 0, 0, 0)\" class=\"has-inline-color has-black-color\">\u201cA Secretaria repudia qualquer forma de viol\u00eancia no ambiente escolar e reafirma o compromisso de garantir um espa\u00e7o seguro, acolhedor e respeitoso para toda a comunidade\u201d, diz o comunicado.<\/mark><\/strong><\/p>\n<\/blockquote>\n","protected":false},"excerpt":{"rendered":"<p>Professor do CED 4, no Guar\u00e1, levou socos na cabe\u00e7a e ficou com olho roxo e hematomas nas costas. Agressor vai responder por les\u00e3o corporal, inj\u00faria e desacato Por Michele Mendes, Karen Bel\u00e9m, Gabriela de Mac\u00eado, TV Globo Um professor de 53 anos foi agredido com nove socos por um pai dentro do Centro Educacional [&hellip;]<\/p>\n","protected":false},"author":2,"featured_media":91025,"comment_status":"open","ping_status":"open","sticky":false,"template":"","format":"standard","meta":{"_acf_changed":false,"_monsterinsights_skip_tracking":false,"_monsterinsights_sitenote_active":false,"_monsterinsights_sitenote_note":"","_monsterinsights_sitenote_category":0,"_jetpack_memberships_contains_paid_content":false,"footnotes":"","jetpack_publicize_message":"","jetpack_publicize_feature_enabled":true,"jetpack_social_post_already_shared":true,"jetpack_social_options":{"image_generator_settings":{"template":"highway","default_image_id":0,"font":"","enabled":false},"version":2}},"categories":[15],"tags":[],"class_list":["post-91023","post","type-post","status-publish","format-standard","has-post-thumbnail","hentry","category-policia"],"acf":[],"jetpack_publicize_connections":[],"jetpack_featured_media_url":"https:\/\/i0.wp.com\/blogdoeloiltoncajuhy.com.br\/site\/wp-content\/uploads\/2025\/10\/Imagens-mostram-momento-agressao-em-escola-no-DF-%E2%80%94-Foto-TV-Globo-Reproducao.png?fit=816%2C464&ssl=1","jetpack_sharing_enabled":true,"publishpress_future_workflow_manual_trigger":{"enabledWorkflows":[]},"_links":{"self":[{"href":"https:\/\/blogdoeloiltoncajuhy.com.br\/site\/wp-json\/wp\/v2\/posts\/91023","targetHints":{"allow":["GET"]}}],"collection":[{"href":"https:\/\/blogdoeloiltoncajuhy.com.br\/site\/wp-json\/wp\/v2\/posts"}],"about":[{"href":"https:\/\/blogdoeloiltoncajuhy.com.br\/site\/wp-json\/wp\/v2\/types\/post"}],"author":[{"embeddable":true,"href":"https:\/\/blogdoeloiltoncajuhy.com.br\/site\/wp-json\/wp\/v2\/users\/2"}],"replies":[{"embeddable":true,"href":"https:\/\/blogdoeloiltoncajuhy.com.br\/site\/wp-json\/wp\/v2\/comments?post=91023"}],"version-history":[{"count":1,"href":"https:\/\/blogdoeloiltoncajuhy.com.br\/site\/wp-json\/wp\/v2\/posts\/91023\/revisions"}],"predecessor-version":[{"id":91026,"href":"https:\/\/blogdoeloiltoncajuhy.com.br\/site\/wp-json\/wp\/v2\/posts\/91023\/revisions\/91026"}],"wp:featuredmedia":[{"embeddable":true,"href":"https:\/\/blogdoeloiltoncajuhy.com.br\/site\/wp-json\/wp\/v2\/media\/91025"}],"wp:attachment":[{"href":"https:\/\/blogdoeloiltoncajuhy.com.br\/site\/wp-json\/wp\/v2\/media?parent=91023"}],"wp:term":[{"taxonomy":"category","embeddable":true,"href":"https:\/\/blogdoeloiltoncajuhy.com.br\/site\/wp-json\/wp\/v2\/categories?post=91023"},{"taxonomy":"post_tag","embeddable":true,"href":"https:\/\/blogdoeloiltoncajuhy.com.br\/site\/wp-json\/wp\/v2\/tags?post=91023"}],"curies":[{"name":"wp","href":"https:\/\/api.w.org\/{rel}","templated":true}]}}