{"id":91016,"date":"2025-10-20T19:02:40","date_gmt":"2025-10-20T22:02:40","guid":{"rendered":"https:\/\/blogdoeloiltoncajuhy.com.br\/site\/?p=91016"},"modified":"2025-10-20T19:02:42","modified_gmt":"2025-10-20T22:02:42","slug":"veja-como-vai-funcionar-novo-programa-de-credito-do-governo-federal-para-reformas-de-casas","status":"publish","type":"post","link":"https:\/\/blogdoeloiltoncajuhy.com.br\/site\/veja-como-vai-funcionar-novo-programa-de-credito-do-governo-federal-para-reformas-de-casas\/","title":{"rendered":"Veja como vai funcionar novo programa de cr\u00e9dito do governo federal para reformas de casas"},"content":{"rendered":"\n<p class=\"has-medium-font-size\"><strong>Programa &#8216;Reforma Casa Brasil&#8217; ter\u00e1 R$ 40 bilh\u00f5es em linhas de cr\u00e9dito para compra de materiais e pagamentos de m\u00e3o-de-obra e servi\u00e7os. Opera\u00e7\u00e3o come\u00e7a em 3 de novembro<\/strong><\/p>\n\n\n\n<p><strong>Por Isabella Calzolari, Mariana Assis, g1<\/strong> \u2014 Bras\u00edlia<\/p>\n\n\n\n<figure class=\"wp-block-image aligncenter size-full\"><a href=\"https:\/\/i0.wp.com\/blogdoeloiltoncajuhy.com.br\/site\/wp-content\/uploads\/2025\/10\/GOVFED_Reforma-Casa_Foto-Pexels-Photomix-Company-e.jpg?ssl=1\"><img data-recalc-dims=\"1\" fetchpriority=\"high\" decoding=\"async\" width=\"800\" height=\"533\" src=\"https:\/\/i0.wp.com\/blogdoeloiltoncajuhy.com.br\/site\/wp-content\/uploads\/2025\/10\/GOVFED_Reforma-Casa_Foto-Pexels-Photomix-Company-e.jpg?resize=800%2C533&#038;ssl=1\" alt=\"\" class=\"wp-image-91017\" srcset=\"https:\/\/i0.wp.com\/blogdoeloiltoncajuhy.com.br\/site\/wp-content\/uploads\/2025\/10\/GOVFED_Reforma-Casa_Foto-Pexels-Photomix-Company-e.jpg?w=984&amp;ssl=1 984w, https:\/\/i0.wp.com\/blogdoeloiltoncajuhy.com.br\/site\/wp-content\/uploads\/2025\/10\/GOVFED_Reforma-Casa_Foto-Pexels-Photomix-Company-e.jpg?resize=300%2C200&amp;ssl=1 300w, https:\/\/i0.wp.com\/blogdoeloiltoncajuhy.com.br\/site\/wp-content\/uploads\/2025\/10\/GOVFED_Reforma-Casa_Foto-Pexels-Photomix-Company-e.jpg?resize=768%2C512&amp;ssl=1 768w\" sizes=\"(max-width: 800px) 100vw, 800px\" \/><\/a><figcaption class=\"wp-element-caption\"><sub>Casa pr\u00f3pria, im\u00f3veis \u2014 Foto: PhotoMIX Company<\/sub><\/figcaption><\/figure>\n\n\n\n<p>O presidente <strong>Luiz In\u00e1cio Lula da Silva (PT)<\/strong> lan\u00e7ou na tarde desta segunda-feira (20) o <strong>programa &#8220;Reforma Casa Brasil&#8221;<\/strong>, que vai oferecer R$ 40 bilh\u00f5es em cr\u00e9dito para reformas e melhorias de casas em todo pa\u00eds.<\/p>\n\n\n\n<p>O an\u00fancio ocorreu em um evento no Pal\u00e1cio do Planalto. Al\u00e9m do presidente Lula, participaram os ministro Rui Costa (Casa Civil), Jader Filho (Cidades), Fernando Haddad (Fazenda) e o presidente da Caixa, Carlos Vieira.<\/p>\n\n\n\n<p class=\"has-black-color has-text-color has-link-color wp-elements-0b4d57e12b6b490e72d9b35bd72ae651\"><strong>O programa permite financiamento em duas modalidades:<\/strong><\/p>\n\n\n\n<ul class=\"wp-block-list\">\n<li><strong><mark style=\"background-color:rgba(0, 0, 0, 0)\" class=\"has-inline-color has-black-color\">Para fam\u00edlias com renda at\u00e9 R$ 9,6 mil:<\/mark><\/strong> ser\u00e1 autorizado financiamento a partir de R$ 5 mil com prazo de pagamento de at\u00e9 60 meses;<\/li>\n<\/ul>\n\n\n\n<ul class=\"wp-block-list\">\n<li><strong><mark style=\"background-color:rgba(0, 0, 0, 0)\" class=\"has-inline-color has-black-color\">Para fam\u00edlias com renda acima de R$ 9,6 mil:<\/mark><\/strong> as condi\u00e7\u00f5es ser\u00e3o estabelecidas pela Caixa e o financiamento ser\u00e1 autorizado a partir de R$ 30 mil, com prazo de pagamento at\u00e9 180 meses e taxa de acordo com o valor do cr\u00e9dito.<\/li>\n<\/ul>\n\n\n\n<p><\/p>\n\n\n\n<p class=\"has-black-color has-text-color has-link-color wp-elements-4bd5b8e826b10516dd0cd46e8ada9432\"><strong>As taxas de juros do financiamento v\u00e3o variar conforme a faixa de renda mensal das fam\u00edlias:<\/strong><\/p>\n\n\n\n<ul class=\"wp-block-list\">\n<li><strong><mark style=\"background-color:rgba(0, 0, 0, 0)\" class=\"has-inline-color has-black-color\">Faixa 1:<\/mark><\/strong> renda de at\u00e9 R$ 3.200, juros a partir de 1,17% ao m\u00eas<\/li>\n<\/ul>\n\n\n\n<ul class=\"wp-block-list\">\n<li><strong><mark style=\"background-color:rgba(0, 0, 0, 0)\" class=\"has-inline-color has-black-color\">Faixa 2:<\/mark><\/strong> renda entre R$ 3.200,01 e R$ 9.600, juros de 1,95% ao m\u00eas<\/li>\n<\/ul>\n\n\n\n<ul class=\"wp-block-list\">\n<li><strong><mark style=\"background-color:rgba(0, 0, 0, 0)\" class=\"has-inline-color has-black-color\">Acima de R$ 9.600:<\/mark><\/strong> juros de 1,33% a 1,95% ao m\u00eas e financiamento de at\u00e9 50% do valor de avalia\u00e7\u00e3o do im\u00f3vel, limitado ao teto do Sistema Financeiro de Habita\u00e7\u00e3o, recentemente atualizado para R$ 2,250 milh\u00f5es<\/li>\n<\/ul>\n\n\n\n<p><\/p>\n\n\n\n<p>Os recursos poder\u00e3o ser usados para compra de materiais, pagamento de m\u00e3o de obra e servi\u00e7os t\u00e9cnicos, como projetos e acompanhamento de obras.<\/p>\n\n\n\n<p><strong><a href=\"https:\/\/whatsapp.com\/channel\/0029VaAT7tDLI8Yfj5y9Z50Z\"><mark style=\"background-color:rgba(0, 0, 0, 0)\" class=\"has-inline-color has-vivid-red-color\">>> Clique aqui e entre no canal do BEC no WhatsApp<\/mark><\/a><\/strong><\/p>\n\n\n\n<p>Para evitar o endividamento, o valor das parcelas ser\u00e1 limitado a 25% da renda familiar. Cada fam\u00edlia poder\u00e1 ter apenas uma opera\u00e7\u00e3o ativa por vez.<\/p>\n\n\n\n<p class=\"has-black-color has-text-color has-link-color has-medium-font-size wp-elements-3c73674733d19c1604b2491147c33ec4\"><strong>Passo a passo<\/strong><\/p>\n\n\n\n<p>A opera\u00e7\u00e3o ser\u00e1 simplificada e digital, iniciando pelo site da Caixa Econ\u00f4mica Federal ou aplicativo do banco, a partir de 3 de novembro.<\/p>\n\n\n\n<p>Para se candidatar \u00e0 tomada de cr\u00e9dito, as fam\u00edlias interessadas devem acessar o aplicativo da Caixa, simular a capacidade de cr\u00e9dito, escolher as interven\u00e7\u00f5es desejadas e firmar o contrato diretamente pelo app.<\/p>\n\n\n\n<p class=\"has-black-color has-text-color has-link-color wp-elements-8e8d8ed37fb1fb3be5bda0b0b798a162\"><strong>Veja o passo a passo:<\/strong><\/p>\n\n\n\n<ul class=\"wp-block-list\">\n<li>Preencher as informa\u00e7\u00f5es de renda e im\u00f3vel; selecionar o tipo de reforma e simular o cr\u00e9dito.<\/li>\n\n\n\n<li>Ap\u00f3s aprova\u00e7\u00e3o, assinar o contrato.<\/li>\n\n\n\n<li>Enviar fotos do im\u00f3vel antes da obra.<\/li>\n\n\n\n<li>O primeiro dep\u00f3sito \u00e9 liberado na conta.<\/li>\n\n\n\n<li>Realizar a compra de materiais e iniciar a obra.<\/li>\n\n\n\n<li>Enviar fotos comprovando o andamento\/conclus\u00e3o.<\/li>\n\n\n\n<li>Ap\u00f3s a comprova\u00e7\u00e3o, s\u00e3o liberados o restante.<\/li>\n<\/ul>\n\n\n\n<p><\/p>\n\n\n\n<p class=\"has-black-color has-text-color has-link-color has-medium-font-size wp-elements-0c0d27bf260c7ae8db4b616c39be517c\"><strong>Linha de cr\u00e9dito<\/strong><\/p>\n\n\n\n<p>Os R$ 40 bilh\u00f5es de cr\u00e9dito habitacional disponibilizados pelo programa possuem duas fontes distintas:<\/p>\n\n\n\n<ul class=\"wp-block-list\">\n<li>R$ 30 bilh\u00f5es do Fundo Social, que ser\u00e3o voltados a fam\u00edlias com renda de at\u00e9 R$ 9.600; e<\/li>\n\n\n\n<li>R$ 10 bilh\u00f5es da Caixa pelo Sistema Brasileiro de Poupan\u00e7a e Empr\u00e9stimo (SBPE) para rendas superiores a esse limite.<\/li>\n<\/ul>\n\n\n\n<p><\/p>\n\n\n\n<p>De acordo com o governo, a meta inicial \u00e9 1,5 milh\u00e3o de contrata\u00e7\u00f5es. O governo tamb\u00e9m afirmou que o programa atender\u00e1 fam\u00edlias que j\u00e1 possuem im\u00f3vel, mas enfrentam problemas estruturais ou de adequa\u00e7\u00e3o, como telhados danificados, pisos comprometidos, instala\u00e7\u00f5es el\u00e9tricas e hidr\u00e1ulicas prec\u00e1rias, falta de acessibilidade ou necessidade de amplia\u00e7\u00e3o.<\/p>\n\n\n\n<p>A iniciativa complementa um novo modelo de cr\u00e9dito imobili\u00e1rio, anunciado pelo presidente Lula em 10 de outubro.<\/p>\n\n\n\n<p>A ideia de criar um programa voltado a financiar reformas partiu do diagn\u00f3stico de que o d\u00e9ficit habitacional n\u00e3o se restringe \u00e0 falta de habita\u00e7\u00e3o, mas tamb\u00e9m de inadequa\u00e7\u00e3o dos im\u00f3veis.<\/p>\n\n\n\n<p>Ao <strong>g1<\/strong>, Jader Filho explica que, somado a isso, um pr\u00f3prio pedido do presidente Luiz In\u00e1cio Lula da Silva nessa dire\u00e7\u00e3o.<\/p>\n\n\n\n<p class=\"has-medium-font-size\"><em>= Um im\u00f3vel pode ser considerado inadequado caso n\u00e3o tenha uma cobertura adequada, n\u00e3o tenha reservat\u00f3rio para armazenamento de \u00e1gua, se o piso predominante for terra, dentre outros fatores.<\/em><\/p>\n\n\n\n<blockquote class=\"wp-block-quote is-layout-flow wp-block-quote-is-layout-flow\">\n<p><strong><mark style=\"background-color:rgba(0, 0, 0, 0)\" class=\"has-inline-color has-black-color\">Quem tentar burlar as regras e usar o cr\u00e9dito para outro fim que n\u00e3o seja para reformas, poder\u00e1 sofrer san\u00e7\u00f5es. Segundo Jader Filho, nesses casos o benefici\u00e1rio perder\u00e1 o direito \u00e0 taxa de juros reduzida e passar\u00e1 a ser cobrado pelas condi\u00e7\u00f5es de um cr\u00e9dito comum.<\/mark><\/strong><\/p>\n<\/blockquote>\n\n\n\n<p>&#8220;Na hora que voc\u00ea n\u00e3o comprovar, perde o subs\u00eddio&#8221;, disse o ministro.<\/p>\n\n\n\n<p>Segundo ele, a comprova\u00e7\u00e3o das obras ser\u00e1 feita por meio de fotos, que ser\u00e3o analisadas por intelig\u00eancia artificial. A tecnologia ser\u00e1 capaz de identificar se as imagens correspondem ao local originalmente informado, se houve manipula\u00e7\u00e3o, montagem ou qualquer tentativa de fraude, entre outros aspectos.<\/p>\n","protected":false},"excerpt":{"rendered":"<p>Programa &#8216;Reforma Casa Brasil&#8217; ter\u00e1 R$ 40 bilh\u00f5es em linhas de cr\u00e9dito para compra de materiais e pagamentos de m\u00e3o-de-obra e servi\u00e7os. Opera\u00e7\u00e3o come\u00e7a em 3 de novembro Por Isabella Calzolari, Mariana Assis, g1 \u2014 Bras\u00edlia O presidente Luiz In\u00e1cio Lula da Silva (PT) lan\u00e7ou na tarde desta segunda-feira (20) o programa &#8220;Reforma Casa Brasil&#8221;, [&hellip;]<\/p>\n","protected":false},"author":2,"featured_media":91017,"comment_status":"open","ping_status":"open","sticky":false,"template":"","format":"standard","meta":{"_acf_changed":false,"_monsterinsights_skip_tracking":false,"_monsterinsights_sitenote_active":false,"_monsterinsights_sitenote_note":"","_monsterinsights_sitenote_category":0,"_jetpack_memberships_contains_paid_content":false,"footnotes":"","jetpack_publicize_message":"","jetpack_publicize_feature_enabled":true,"jetpack_social_post_already_shared":true,"jetpack_social_options":{"image_generator_settings":{"template":"highway","default_image_id":0,"font":"","enabled":false},"version":2}},"categories":[5],"tags":[],"class_list":["post-91016","post","type-post","status-publish","format-standard","has-post-thumbnail","hentry","category-cotidiano"],"acf":[],"jetpack_publicize_connections":[],"jetpack_featured_media_url":"https:\/\/i0.wp.com\/blogdoeloiltoncajuhy.com.br\/site\/wp-content\/uploads\/2025\/10\/GOVFED_Reforma-Casa_Foto-Pexels-Photomix-Company-e.jpg?fit=984%2C656&ssl=1","jetpack_sharing_enabled":true,"publishpress_future_workflow_manual_trigger":{"enabledWorkflows":[]},"_links":{"self":[{"href":"https:\/\/blogdoeloiltoncajuhy.com.br\/site\/wp-json\/wp\/v2\/posts\/91016","targetHints":{"allow":["GET"]}}],"collection":[{"href":"https:\/\/blogdoeloiltoncajuhy.com.br\/site\/wp-json\/wp\/v2\/posts"}],"about":[{"href":"https:\/\/blogdoeloiltoncajuhy.com.br\/site\/wp-json\/wp\/v2\/types\/post"}],"author":[{"embeddable":true,"href":"https:\/\/blogdoeloiltoncajuhy.com.br\/site\/wp-json\/wp\/v2\/users\/2"}],"replies":[{"embeddable":true,"href":"https:\/\/blogdoeloiltoncajuhy.com.br\/site\/wp-json\/wp\/v2\/comments?post=91016"}],"version-history":[{"count":1,"href":"https:\/\/blogdoeloiltoncajuhy.com.br\/site\/wp-json\/wp\/v2\/posts\/91016\/revisions"}],"predecessor-version":[{"id":91018,"href":"https:\/\/blogdoeloiltoncajuhy.com.br\/site\/wp-json\/wp\/v2\/posts\/91016\/revisions\/91018"}],"wp:featuredmedia":[{"embeddable":true,"href":"https:\/\/blogdoeloiltoncajuhy.com.br\/site\/wp-json\/wp\/v2\/media\/91017"}],"wp:attachment":[{"href":"https:\/\/blogdoeloiltoncajuhy.com.br\/site\/wp-json\/wp\/v2\/media?parent=91016"}],"wp:term":[{"taxonomy":"category","embeddable":true,"href":"https:\/\/blogdoeloiltoncajuhy.com.br\/site\/wp-json\/wp\/v2\/categories?post=91016"},{"taxonomy":"post_tag","embeddable":true,"href":"https:\/\/blogdoeloiltoncajuhy.com.br\/site\/wp-json\/wp\/v2\/tags?post=91016"}],"curies":[{"name":"wp","href":"https:\/\/api.w.org\/{rel}","templated":true}]}}