{"id":91010,"date":"2025-10-20T16:09:41","date_gmt":"2025-10-20T19:09:41","guid":{"rendered":"https:\/\/blogdoeloiltoncajuhy.com.br\/site\/?p=91010"},"modified":"2025-10-20T16:09:42","modified_gmt":"2025-10-20T19:09:42","slug":"demora-enfraquece-a-chance-de-bolsonaro-impor-seu-candidato","status":"publish","type":"post","link":"https:\/\/blogdoeloiltoncajuhy.com.br\/site\/demora-enfraquece-a-chance-de-bolsonaro-impor-seu-candidato\/","title":{"rendered":"Demora enfraquece a chance de Bolsonaro impor seu candidato"},"content":{"rendered":"\n<p class=\"has-medium-font-size\"><strong>Quanto mais insiste na ilus\u00e3o de ser candidato, menos chance o ex-presidente tem de impor um nome<\/strong><\/p>\n\n\n\n<p><strong>Por Dora Kramer\/Folha de S.Paulo<\/strong><\/p>\n\n\n\n<figure class=\"wp-block-image aligncenter size-full\"><a href=\"https:\/\/i0.wp.com\/blogdoeloiltoncajuhy.com.br\/site\/wp-content\/uploads\/2025\/10\/Jair-Bolsonaro-Foto-Pedro-Ladeira-11-09-2025-Folhapress.png?ssl=1\"><img data-recalc-dims=\"1\" fetchpriority=\"high\" decoding=\"async\" width=\"774\" height=\"515\" src=\"https:\/\/i0.wp.com\/blogdoeloiltoncajuhy.com.br\/site\/wp-content\/uploads\/2025\/10\/Jair-Bolsonaro-Foto-Pedro-Ladeira-11-09-2025-Folhapress.png?resize=774%2C515&#038;ssl=1\" alt=\"\" class=\"wp-image-91011\" srcset=\"https:\/\/i0.wp.com\/blogdoeloiltoncajuhy.com.br\/site\/wp-content\/uploads\/2025\/10\/Jair-Bolsonaro-Foto-Pedro-Ladeira-11-09-2025-Folhapress.png?w=774&amp;ssl=1 774w, https:\/\/i0.wp.com\/blogdoeloiltoncajuhy.com.br\/site\/wp-content\/uploads\/2025\/10\/Jair-Bolsonaro-Foto-Pedro-Ladeira-11-09-2025-Folhapress.png?resize=300%2C200&amp;ssl=1 300w, https:\/\/i0.wp.com\/blogdoeloiltoncajuhy.com.br\/site\/wp-content\/uploads\/2025\/10\/Jair-Bolsonaro-Foto-Pedro-Ladeira-11-09-2025-Folhapress.png?resize=768%2C511&amp;ssl=1 768w\" sizes=\"(max-width: 774px) 100vw, 774px\" \/><\/a><figcaption class=\"wp-element-caption\"><sub>O ex-presidente Jair Bolsonaro na garagem de sua casa, em Bras\u00edlia, onde est\u00e1 em pris\u00e3o domiciliar &#8211; Foto: Pedro Ladeira\/Folhapress<\/sub><\/figcaption><\/figure>\n\n\n\n<p>Apesar da presen\u00e7a de novatos e de amalucados, a direita est\u00e1 cheia de cobras criadas. E estas, depois de militar na meia-sombra e atuar como linha auxiliar dos governos p\u00f3s-redemocratiza\u00e7\u00e3o, est\u00e3o vendo a oportunidade de assumir o poder.<\/p>\n\n\n\n<p>Chances que n\u00e3o est\u00e3o dispostas a deixar que se esvaia desde j\u00e1, nos malef\u00edcios do bolsonarismo. Melhoria da popularidade de Lula (PT), entrega de discurso da defesa nacional ao presidente, divis\u00f5es nas hostes direitistas e, sobretudo, o aprisionamento \u00e0s decis\u00f5es de Jair Bolsonaro (PL), s\u00e3o os males desse grupo.<\/p>\n\n\n\n<p>N\u00e3o vai demorar para que se sacramente a perda de influ\u00eancia do ex-presidente na decis\u00e3o sobre a candidatura presidencial, que afeta os acertos regionais para as elei\u00e7\u00f5es de governadores e de parlamentares.<\/p>\n\n\n\n<p>A condi\u00e7\u00e3o de mandante-mor do destino desse campo j\u00e1 vem sendo esvaziada gradativamente \u00e0 medida que o tempo passa e o presidente da Rep\u00fablica ocupa todos os espa\u00e7os da campanha antecipadamente iniciada.<\/p>\n\n\n\n<p>Se Bolsonaro mant\u00e9m a ideia de repetir o Lula de 2018, que mesmo preso registrou a candidatura at\u00e9 o m\u00eas anterior \u00e0s elei\u00e7\u00f5es, est\u00e1 isolado nessa ilus\u00e3o. No meio das cobras n\u00e3o h\u00e1 quem compartilhe dela.<\/p>\n\n\n\n<p>O petista \u00e9 h\u00e1 d\u00e9cadas l\u00edder inconteste da esquerda, que se une em torno dele. Bolsonaro emergiu do baixo clero outro dia, quando aqueles que se fingem de comandados para lhe abiscoitar o eleitorado ainda davam seus bordejos na pol\u00edtica, no papel de parceiros de quaisquer campos desde que detivessem o poder.<\/p>\n\n\n\n<p>Essa direita est\u00e1 inquieta, sinaliza isso e n\u00e3o demora a perder a cerim\u00f4nia. Em aberto, contudo, a quest\u00e3o sobre se dar\u00e1 certo ou n\u00e3o e qual estrat\u00e9gia adotar, com que nome contar e se o predileto, Tarc\u00edsio de Freitas (Republicanos), \u00e9 aquilo tudo mesmo o que se pensava ou um ne\u00f3fito perme\u00e1vel ao cometimento de muitos erros pol\u00edticos.<\/p>\n\n\n\n<p>A presen\u00e7a de Bolsonaro em cena atende a dois prop\u00f3sitos: os interesses da fam\u00edlia e o presidente Lula, devido \u00e0 encarna\u00e7\u00e3o na extrema direita na \u00fatil fun\u00e7\u00e3o de contraponto.<\/p>\n","protected":false},"excerpt":{"rendered":"<p>Quanto mais insiste na ilus\u00e3o de ser candidato, menos chance o ex-presidente tem de impor um nome Por Dora Kramer\/Folha de S.Paulo Apesar da presen\u00e7a de novatos e de amalucados, a direita est\u00e1 cheia de cobras criadas. E estas, depois de militar na meia-sombra e atuar como linha auxiliar dos governos p\u00f3s-redemocratiza\u00e7\u00e3o, est\u00e3o vendo a [&hellip;]<\/p>\n","protected":false},"author":2,"featured_media":91011,"comment_status":"open","ping_status":"open","sticky":false,"template":"","format":"standard","meta":{"_acf_changed":false,"_monsterinsights_skip_tracking":false,"_monsterinsights_sitenote_active":false,"_monsterinsights_sitenote_note":"","_monsterinsights_sitenote_category":0,"_jetpack_memberships_contains_paid_content":false,"footnotes":"","jetpack_publicize_message":"","jetpack_publicize_feature_enabled":true,"jetpack_social_post_already_shared":true,"jetpack_social_options":{"image_generator_settings":{"template":"highway","default_image_id":0,"font":"","enabled":false},"version":2}},"categories":[3],"tags":[],"class_list":["post-91010","post","type-post","status-publish","format-standard","has-post-thumbnail","hentry","category-politica"],"acf":[],"jetpack_publicize_connections":[],"jetpack_featured_media_url":"https:\/\/i0.wp.com\/blogdoeloiltoncajuhy.com.br\/site\/wp-content\/uploads\/2025\/10\/Jair-Bolsonaro-Foto-Pedro-Ladeira-11-09-2025-Folhapress.png?fit=774%2C515&ssl=1","jetpack_sharing_enabled":true,"publishpress_future_workflow_manual_trigger":{"enabledWorkflows":[]},"_links":{"self":[{"href":"https:\/\/blogdoeloiltoncajuhy.com.br\/site\/wp-json\/wp\/v2\/posts\/91010","targetHints":{"allow":["GET"]}}],"collection":[{"href":"https:\/\/blogdoeloiltoncajuhy.com.br\/site\/wp-json\/wp\/v2\/posts"}],"about":[{"href":"https:\/\/blogdoeloiltoncajuhy.com.br\/site\/wp-json\/wp\/v2\/types\/post"}],"author":[{"embeddable":true,"href":"https:\/\/blogdoeloiltoncajuhy.com.br\/site\/wp-json\/wp\/v2\/users\/2"}],"replies":[{"embeddable":true,"href":"https:\/\/blogdoeloiltoncajuhy.com.br\/site\/wp-json\/wp\/v2\/comments?post=91010"}],"version-history":[{"count":1,"href":"https:\/\/blogdoeloiltoncajuhy.com.br\/site\/wp-json\/wp\/v2\/posts\/91010\/revisions"}],"predecessor-version":[{"id":91012,"href":"https:\/\/blogdoeloiltoncajuhy.com.br\/site\/wp-json\/wp\/v2\/posts\/91010\/revisions\/91012"}],"wp:featuredmedia":[{"embeddable":true,"href":"https:\/\/blogdoeloiltoncajuhy.com.br\/site\/wp-json\/wp\/v2\/media\/91011"}],"wp:attachment":[{"href":"https:\/\/blogdoeloiltoncajuhy.com.br\/site\/wp-json\/wp\/v2\/media?parent=91010"}],"wp:term":[{"taxonomy":"category","embeddable":true,"href":"https:\/\/blogdoeloiltoncajuhy.com.br\/site\/wp-json\/wp\/v2\/categories?post=91010"},{"taxonomy":"post_tag","embeddable":true,"href":"https:\/\/blogdoeloiltoncajuhy.com.br\/site\/wp-json\/wp\/v2\/tags?post=91010"}],"curies":[{"name":"wp","href":"https:\/\/api.w.org\/{rel}","templated":true}]}}