{"id":91003,"date":"2025-10-20T15:31:27","date_gmt":"2025-10-20T18:31:27","guid":{"rendered":"https:\/\/blogdoeloiltoncajuhy.com.br\/site\/?p=91003"},"modified":"2025-10-20T15:31:29","modified_gmt":"2025-10-20T18:31:29","slug":"prefeito-de-cidade-do-maranhao-e-outras-duas-pessoas-ficam-em-estado-grave-apos-acidente-na-bahia","status":"publish","type":"post","link":"https:\/\/blogdoeloiltoncajuhy.com.br\/site\/prefeito-de-cidade-do-maranhao-e-outras-duas-pessoas-ficam-em-estado-grave-apos-acidente-na-bahia\/","title":{"rendered":"Prefeito de cidade do Maranh\u00e3o e outras duas pessoas ficam em estado grave ap\u00f3s acidente na Bahia"},"content":{"rendered":"\n<p class=\"has-medium-font-size\"><strong>Batida entre dois carros aconteceu na cidade de Barreiras, no domingo (19)<\/strong><\/p>\n\n\n\n<p><strong>Por g1 BA e TV Bahia<\/strong><\/p>\n\n\n\n<figure class=\"wp-block-image aligncenter size-full\"><a href=\"https:\/\/i0.wp.com\/blogdoeloiltoncajuhy.com.br\/site\/wp-content\/uploads\/2025\/10\/MA_PrefeitosofreacidentenaBA_FotoPRF.jpg?ssl=1\"><img data-recalc-dims=\"1\" fetchpriority=\"high\" decoding=\"async\" width=\"800\" height=\"501\" src=\"https:\/\/i0.wp.com\/blogdoeloiltoncajuhy.com.br\/site\/wp-content\/uploads\/2025\/10\/MA_PrefeitosofreacidentenaBA_FotoPRF.jpg?resize=800%2C501&#038;ssl=1\" alt=\"\" class=\"wp-image-91004\" srcset=\"https:\/\/i0.wp.com\/blogdoeloiltoncajuhy.com.br\/site\/wp-content\/uploads\/2025\/10\/MA_PrefeitosofreacidentenaBA_FotoPRF.jpg?w=984&amp;ssl=1 984w, https:\/\/i0.wp.com\/blogdoeloiltoncajuhy.com.br\/site\/wp-content\/uploads\/2025\/10\/MA_PrefeitosofreacidentenaBA_FotoPRF.jpg?resize=300%2C188&amp;ssl=1 300w, https:\/\/i0.wp.com\/blogdoeloiltoncajuhy.com.br\/site\/wp-content\/uploads\/2025\/10\/MA_PrefeitosofreacidentenaBA_FotoPRF.jpg?resize=768%2C481&amp;ssl=1 768w\" sizes=\"(max-width: 800px) 100vw, 800px\" \/><\/a><figcaption class=\"wp-element-caption\"><sub>Acidente envolveu dois carros e tr\u00eas pessoas ficaram feridas \u2014 Foto: PRF<\/sub><\/figcaption><\/figure>\n\n\n\n<p>Tr\u00eas pessoas ficaram em estado grave ap\u00f3s uma batida entre dois carros na cidade de Barreiras, no oeste da Bahia, no domingo (19). De acordo com a Pol\u00edcia Rodovi\u00e1ria Federal (PRF), uma das v\u00edtimas \u00e9 <strong>Jos\u00e9 Orlanildo Soares de Oliveira<\/strong>, prefeito da cidade de <strong>Governador Luis Rocha, no Maranh\u00e3o<\/strong>.<\/p>\n\n\n\n<p>O acidente aconteceu pr\u00f3ximo ao pres\u00eddio da cidade, na BR-135, quando uma caminhonete tentou ultrapassar um outro carro. O motorista do segundo ve\u00edculo tentou desviar para o acostamento, mas perdeu o controle, voltou pra a pista e bateu na caminhonete, que capotou.<\/p>\n\n\n\n<p><strong><a href=\"https:\/\/whatsapp.com\/channel\/0029VaAT7tDLI8Yfj5y9Z50Z\"><mark style=\"background-color:rgba(0, 0, 0, 0)\" class=\"has-inline-color has-vivid-red-color\">>> Clique aqui e entre no canal do BEC no WhatsApp<\/mark><\/a><\/strong><\/p>\n\n\n\n<figure class=\"wp-block-image aligncenter size-full\"><a href=\"https:\/\/i0.wp.com\/blogdoeloiltoncajuhy.com.br\/site\/wp-content\/uploads\/2025\/10\/Prefeito-de-cidade-do-Maranhao-esta-entre-as-vitimas-do-acidente-%E2%80%94-Foto-TSE.png?ssl=1\"><img data-recalc-dims=\"1\" decoding=\"async\" width=\"360\" height=\"497\" src=\"https:\/\/i0.wp.com\/blogdoeloiltoncajuhy.com.br\/site\/wp-content\/uploads\/2025\/10\/Prefeito-de-cidade-do-Maranhao-esta-entre-as-vitimas-do-acidente-%E2%80%94-Foto-TSE.png?resize=360%2C497&#038;ssl=1\" alt=\"\" class=\"wp-image-91005\" srcset=\"https:\/\/i0.wp.com\/blogdoeloiltoncajuhy.com.br\/site\/wp-content\/uploads\/2025\/10\/Prefeito-de-cidade-do-Maranhao-esta-entre-as-vitimas-do-acidente-%E2%80%94-Foto-TSE.png?w=360&amp;ssl=1 360w, https:\/\/i0.wp.com\/blogdoeloiltoncajuhy.com.br\/site\/wp-content\/uploads\/2025\/10\/Prefeito-de-cidade-do-Maranhao-esta-entre-as-vitimas-do-acidente-%E2%80%94-Foto-TSE.png?resize=217%2C300&amp;ssl=1 217w\" sizes=\"(max-width: 360px) 100vw, 360px\" \/><\/a><figcaption class=\"wp-element-caption\"><sub>Prefeito de cidade do Maranh\u00e3o est\u00e1 entre as v\u00edtimas do acidente \u2014 Foto: TSE<\/sub><\/figcaption><\/figure>\n\n\n\n<p>Ao todo, quatro pessoas estavam na caminhonete e tr\u00eas delas ficaram feridas em estado grave &#8211; incluindo o prefeito. Os feridos foram atendidos pelo Servi\u00e7o de Atendimento M\u00f3vel de Urg\u00eancia (Samu) e encaminhados para o Hospital do Oeste, onde seguem internados nesta segunda-feira (20).<\/p>\n\n\n\n<p>No outro ve\u00edculo, o motorista estava sozinho. Ele fez o exame do baf\u00f4metro, que constatou que ele havia consumido bebida alc\u00f3olica. O suspeito foi preso em flagrante por dirigir sob efeito de \u00e1lcool e les\u00e3o corporal culposa.<\/p>\n\n\n\n<p>O <strong>g1<\/strong> tenta contato com a prefeitura de Governador Luis Rocha. Jos\u00e9 Orlanildo, conhecido como Zez\u00e3o (MDB), est\u00e1 no seu segundo mandato como prefeito da cidade. Ele se elegeu pela primeira vez em 2020 e, antes disso, j\u00e1 havia atuado como vice-prefeito.<\/p>\n","protected":false},"excerpt":{"rendered":"<p>Batida entre dois carros aconteceu na cidade de Barreiras, no domingo (19) Por g1 BA e TV Bahia Tr\u00eas pessoas ficaram em estado grave ap\u00f3s uma batida entre dois carros na cidade de Barreiras, no oeste da Bahia, no domingo (19). De acordo com a Pol\u00edcia Rodovi\u00e1ria Federal (PRF), uma das v\u00edtimas \u00e9 Jos\u00e9 Orlanildo [&hellip;]<\/p>\n","protected":false},"author":2,"featured_media":91004,"comment_status":"open","ping_status":"open","sticky":false,"template":"","format":"standard","meta":{"_acf_changed":false,"_monsterinsights_skip_tracking":false,"_monsterinsights_sitenote_active":false,"_monsterinsights_sitenote_note":"","_monsterinsights_sitenote_category":0,"_jetpack_memberships_contains_paid_content":false,"footnotes":"","jetpack_publicize_message":"","jetpack_publicize_feature_enabled":true,"jetpack_social_post_already_shared":true,"jetpack_social_options":{"image_generator_settings":{"template":"highway","default_image_id":0,"font":"","enabled":false},"version":2}},"categories":[15],"tags":[],"class_list":["post-91003","post","type-post","status-publish","format-standard","has-post-thumbnail","hentry","category-policia"],"acf":[],"jetpack_publicize_connections":[],"jetpack_featured_media_url":"https:\/\/i0.wp.com\/blogdoeloiltoncajuhy.com.br\/site\/wp-content\/uploads\/2025\/10\/MA_PrefeitosofreacidentenaBA_FotoPRF.jpg?fit=984%2C616&ssl=1","jetpack_sharing_enabled":true,"publishpress_future_workflow_manual_trigger":{"enabledWorkflows":[]},"_links":{"self":[{"href":"https:\/\/blogdoeloiltoncajuhy.com.br\/site\/wp-json\/wp\/v2\/posts\/91003","targetHints":{"allow":["GET"]}}],"collection":[{"href":"https:\/\/blogdoeloiltoncajuhy.com.br\/site\/wp-json\/wp\/v2\/posts"}],"about":[{"href":"https:\/\/blogdoeloiltoncajuhy.com.br\/site\/wp-json\/wp\/v2\/types\/post"}],"author":[{"embeddable":true,"href":"https:\/\/blogdoeloiltoncajuhy.com.br\/site\/wp-json\/wp\/v2\/users\/2"}],"replies":[{"embeddable":true,"href":"https:\/\/blogdoeloiltoncajuhy.com.br\/site\/wp-json\/wp\/v2\/comments?post=91003"}],"version-history":[{"count":1,"href":"https:\/\/blogdoeloiltoncajuhy.com.br\/site\/wp-json\/wp\/v2\/posts\/91003\/revisions"}],"predecessor-version":[{"id":91006,"href":"https:\/\/blogdoeloiltoncajuhy.com.br\/site\/wp-json\/wp\/v2\/posts\/91003\/revisions\/91006"}],"wp:featuredmedia":[{"embeddable":true,"href":"https:\/\/blogdoeloiltoncajuhy.com.br\/site\/wp-json\/wp\/v2\/media\/91004"}],"wp:attachment":[{"href":"https:\/\/blogdoeloiltoncajuhy.com.br\/site\/wp-json\/wp\/v2\/media?parent=91003"}],"wp:term":[{"taxonomy":"category","embeddable":true,"href":"https:\/\/blogdoeloiltoncajuhy.com.br\/site\/wp-json\/wp\/v2\/categories?post=91003"},{"taxonomy":"post_tag","embeddable":true,"href":"https:\/\/blogdoeloiltoncajuhy.com.br\/site\/wp-json\/wp\/v2\/tags?post=91003"}],"curies":[{"name":"wp","href":"https:\/\/api.w.org\/{rel}","templated":true}]}}