{"id":91001,"date":"2025-10-20T14:12:52","date_gmt":"2025-10-20T17:12:52","guid":{"rendered":"https:\/\/blogdoeloiltoncajuhy.com.br\/site\/?p=91001"},"modified":"2025-10-20T14:12:54","modified_gmt":"2025-10-20T17:12:54","slug":"sete-baianos-morreram-em-acidente-com-onibus-no-agreste-de-pernambuco","status":"publish","type":"post","link":"https:\/\/blogdoeloiltoncajuhy.com.br\/site\/sete-baianos-morreram-em-acidente-com-onibus-no-agreste-de-pernambuco\/","title":{"rendered":"Sete baianos morreram em acidente com \u00f4nibus no Agreste de Pernambuco"},"content":{"rendered":"\n<p class=\"has-medium-font-size\"><strong>Ve\u00edculo voltava para a cidade de Brumado, no sudoeste da Bahia. Ao todo, 17 pessoas morreram<\/strong><\/p>\n\n\n\n<p><strong>Por g1 BA e TV Bahia<\/strong><\/p>\n\n\n\n<figure class=\"wp-block-image aligncenter size-full\"><a href=\"https:\/\/i0.wp.com\/blogdoeloiltoncajuhy.com.br\/site\/wp-content\/uploads\/2025\/10\/Onibus-tombou-na-BR-432-em-Paranatama-no-Agreste-de-Pernambuco-%E2%80%94-Foto-Reproducao-WhatsApp.jpg\"><img data-recalc-dims=\"1\" fetchpriority=\"high\" decoding=\"async\" width=\"800\" height=\"600\" src=\"https:\/\/i0.wp.com\/blogdoeloiltoncajuhy.com.br\/site\/wp-content\/uploads\/2025\/10\/Onibus-tombou-na-BR-432-em-Paranatama-no-Agreste-de-Pernambuco-%E2%80%94-Foto-Reproducao-WhatsApp.jpg?resize=800%2C600\" alt=\"\" class=\"wp-image-90962\" srcset=\"https:\/\/i0.wp.com\/blogdoeloiltoncajuhy.com.br\/site\/wp-content\/uploads\/2025\/10\/Onibus-tombou-na-BR-432-em-Paranatama-no-Agreste-de-Pernambuco-%E2%80%94-Foto-Reproducao-WhatsApp.jpg?w=984&amp;ssl=1 984w, https:\/\/i0.wp.com\/blogdoeloiltoncajuhy.com.br\/site\/wp-content\/uploads\/2025\/10\/Onibus-tombou-na-BR-432-em-Paranatama-no-Agreste-de-Pernambuco-%E2%80%94-Foto-Reproducao-WhatsApp.jpg?resize=300%2C225&amp;ssl=1 300w, https:\/\/i0.wp.com\/blogdoeloiltoncajuhy.com.br\/site\/wp-content\/uploads\/2025\/10\/Onibus-tombou-na-BR-432-em-Paranatama-no-Agreste-de-Pernambuco-%E2%80%94-Foto-Reproducao-WhatsApp.jpg?resize=768%2C576&amp;ssl=1 768w\" sizes=\"(max-width: 800px) 100vw, 800px\" \/><\/a><figcaption class=\"wp-element-caption\"><sub>\u00d4nibus tombou na BR-432, em Paranatama, no Agreste de Pernambuco \u2014 Foto: Reprodu\u00e7\u00e3o\/WhatsApp<\/sub><\/figcaption><\/figure>\n\n\n\n<p>Sete das 17 pessoas que morreram no acidente envolvendo um \u00f4nibus de turismo, no Agreste de Pernambuco, eram baianas. De acordo com a Pol\u00edcia Rodovi\u00e1ria Federal (PRF), o acidente ocorreu na noite de sexta-feira (17), quando os passageiros voltavam de uma viagem de compras no Polo de Confec\u00e7\u00f5es de Santa Cruz do Capibaribe.<\/p>\n\n\n\n<p>O \u00f4nibus saiu de Brumado, no sudoeste da Bahia, com destino a Santa Cruz do Capibaribe, em Pernambuco, e seguia de volta para a Bahia. Havia 40 pessoas no coletivo, n\u00famero maior do que foi declarado.<\/p>\n\n\n\n<p><strong><a href=\"https:\/\/whatsapp.com\/channel\/0029VaAT7tDLI8Yfj5y9Z50Z\"><mark style=\"background-color:rgba(0, 0, 0, 0)\" class=\"has-inline-color has-vivid-red-color\">>> Clique aqui e entre no canal do BEC no WhatsApp<\/mark><\/a><\/strong><\/p>\n\n\n\n<p>As v\u00edtimas que moravam na Bahia eram das cidades de Caetit\u00e9, Barra da Estiva, Cacul\u00e9, Boquira, Mortugaba e Rio do Pires. A identidade de uma das v\u00edtimas, que \u00e9 da cidade de Boquira, ainda n\u00e3o foi divulgada. <strong>As outras seis v\u00edtimas foram identificadas como:<\/strong><\/p>\n\n\n\n<ul class=\"wp-block-list\">\n<li>Maria Fernandes Brito (Caetit\u00e9)<\/li>\n\n\n\n<li>Sirl\u00e2ndia Machado (Barra da Estiva)<\/li>\n\n\n\n<li>Marlene Medeiros (Barra da Estiva)<\/li>\n\n\n\n<li>Gleisson Pereira (Cacul\u00e9)<\/li>\n\n\n\n<li>Anderson Domingos Rocha (Rio do Pires)<\/li>\n\n\n\n<li>Iranir Rocha Souza (Mortugaba)<\/li>\n<\/ul>\n\n\n\n<p><\/p>\n\n\n\n<p>Sirl\u00e2ndia e Marlene eram m\u00e3e e filha. Os corpos das duas mulheres foram velados nesta segunda-feira (20) e sepultados no Cemit\u00e9rio Campo Santo, em Barra da Estiva.<\/p>\n\n\n\n<p>O corpo de Gleisson Pereira foi velado e sepultado na noite de domingo (19), em Cacul\u00e9.<\/p>\n\n\n\n<p>Os corpos de Maria Fernandes Brito e Anderson Domingos Rocha ainda est\u00e3o em transporte para as cidades de Caetit\u00e9 e Rio do Pires, respectivamente. Ainda n\u00e3o h\u00e1 informa\u00e7\u00f5es sobre o corpo de Iranir Rocha Souza.<\/p>\n\n\n\n<p class=\"has-black-color has-text-color has-link-color has-medium-font-size wp-elements-6aacaf7e00ab18a3c3437275b89731ff\"><strong>O acidente<\/strong><\/p>\n\n\n\n<p>O acidente aconteceu na BR-423, entre os munic\u00edpios de Paranatama e Salo\u00e1, em Pernambuco. Na ocasi\u00e3o, o \u00f4nibus acessou a contram\u00e3o e atingiu rochas que estavam \u00e0s margens da rodovia.<\/p>\n\n\n\n<p>Em seguida, o condutor conseguiu retornar ao sentido correto, mas colidiu novamente em um barranco de areia antes de tombar.<\/p>\n\n\n\n<p>O ve\u00edculo era conduzido por dois motoristas, que se revezavam durante o trajeto. Ambos sobreviveram. O motorista que estava ao volante no momento do acidente relatou aos policiais que houve uma falha no sistema de freios, o que fez com que ele perdesse o controle da dire\u00e7\u00e3o.<\/p>\n","protected":false},"excerpt":{"rendered":"<p>Ve\u00edculo voltava para a cidade de Brumado, no sudoeste da Bahia. Ao todo, 17 pessoas morreram Por g1 BA e TV Bahia Sete das 17 pessoas que morreram no acidente envolvendo um \u00f4nibus de turismo, no Agreste de Pernambuco, eram baianas. De acordo com a Pol\u00edcia Rodovi\u00e1ria Federal (PRF), o acidente ocorreu na noite de [&hellip;]<\/p>\n","protected":false},"author":2,"featured_media":90962,"comment_status":"open","ping_status":"open","sticky":false,"template":"","format":"standard","meta":{"_acf_changed":false,"_monsterinsights_skip_tracking":false,"_monsterinsights_sitenote_active":false,"_monsterinsights_sitenote_note":"","_monsterinsights_sitenote_category":0,"_jetpack_memberships_contains_paid_content":false,"footnotes":"","jetpack_publicize_message":"","jetpack_publicize_feature_enabled":true,"jetpack_social_post_already_shared":true,"jetpack_social_options":{"image_generator_settings":{"template":"highway","default_image_id":0,"font":"","enabled":false},"version":2}},"categories":[15],"tags":[],"class_list":["post-91001","post","type-post","status-publish","format-standard","has-post-thumbnail","hentry","category-policia"],"acf":[],"jetpack_publicize_connections":[],"jetpack_featured_media_url":"https:\/\/i0.wp.com\/blogdoeloiltoncajuhy.com.br\/site\/wp-content\/uploads\/2025\/10\/Onibus-tombou-na-BR-432-em-Paranatama-no-Agreste-de-Pernambuco-%E2%80%94-Foto-Reproducao-WhatsApp.jpg?fit=984%2C738&ssl=1","jetpack_sharing_enabled":true,"publishpress_future_workflow_manual_trigger":{"enabledWorkflows":[]},"_links":{"self":[{"href":"https:\/\/blogdoeloiltoncajuhy.com.br\/site\/wp-json\/wp\/v2\/posts\/91001","targetHints":{"allow":["GET"]}}],"collection":[{"href":"https:\/\/blogdoeloiltoncajuhy.com.br\/site\/wp-json\/wp\/v2\/posts"}],"about":[{"href":"https:\/\/blogdoeloiltoncajuhy.com.br\/site\/wp-json\/wp\/v2\/types\/post"}],"author":[{"embeddable":true,"href":"https:\/\/blogdoeloiltoncajuhy.com.br\/site\/wp-json\/wp\/v2\/users\/2"}],"replies":[{"embeddable":true,"href":"https:\/\/blogdoeloiltoncajuhy.com.br\/site\/wp-json\/wp\/v2\/comments?post=91001"}],"version-history":[{"count":1,"href":"https:\/\/blogdoeloiltoncajuhy.com.br\/site\/wp-json\/wp\/v2\/posts\/91001\/revisions"}],"predecessor-version":[{"id":91002,"href":"https:\/\/blogdoeloiltoncajuhy.com.br\/site\/wp-json\/wp\/v2\/posts\/91001\/revisions\/91002"}],"wp:featuredmedia":[{"embeddable":true,"href":"https:\/\/blogdoeloiltoncajuhy.com.br\/site\/wp-json\/wp\/v2\/media\/90962"}],"wp:attachment":[{"href":"https:\/\/blogdoeloiltoncajuhy.com.br\/site\/wp-json\/wp\/v2\/media?parent=91001"}],"wp:term":[{"taxonomy":"category","embeddable":true,"href":"https:\/\/blogdoeloiltoncajuhy.com.br\/site\/wp-json\/wp\/v2\/categories?post=91001"},{"taxonomy":"post_tag","embeddable":true,"href":"https:\/\/blogdoeloiltoncajuhy.com.br\/site\/wp-json\/wp\/v2\/tags?post=91001"}],"curies":[{"name":"wp","href":"https:\/\/api.w.org\/{rel}","templated":true}]}}