{"id":90996,"date":"2025-10-20T13:49:00","date_gmt":"2025-10-20T16:49:00","guid":{"rendered":"https:\/\/blogdoeloiltoncajuhy.com.br\/site\/?p=90996"},"modified":"2025-10-20T13:49:33","modified_gmt":"2025-10-20T16:49:33","slug":"ceo-do-city-apresenta-novo-ct-do-bahia-com-hotel-miniestadio-e-investimento-de-r-300-milhoes","status":"publish","type":"post","link":"https:\/\/blogdoeloiltoncajuhy.com.br\/site\/ceo-do-city-apresenta-novo-ct-do-bahia-com-hotel-miniestadio-e-investimento-de-r-300-milhoes\/","title":{"rendered":"CEO do City apresenta novo CT do Bahia com hotel, miniest\u00e1dio e investimento de R$ 300 milh\u00f5es"},"content":{"rendered":"\n<p class=\"has-medium-font-size\"><strong>Ao lado de governador da Bahia, Ferran Soriano apresenta novo centro de treinamento, que s\u00f3 vai ser menor que o do Manchester City: &#8220;Maior n\u00edvel do mundo&#8221;<\/strong><\/p>\n\n\n\n<p><strong>Por Rafael Teles\/ge BA<\/strong> \u2014 Salvador<\/p>\n\n\n\n<figure class=\"wp-block-image aligncenter size-full\"><a href=\"https:\/\/i0.wp.com\/blogdoeloiltoncajuhy.com.br\/site\/wp-content\/uploads\/2025\/10\/Cerimonia-do-lancamento-do-novo-CT-do-Bahia-%E2%80%94-Foto-EC-Bahia-Divulgacao.png?ssl=1\"><img data-recalc-dims=\"1\" fetchpriority=\"high\" decoding=\"async\" width=\"800\" height=\"533\" src=\"https:\/\/i0.wp.com\/blogdoeloiltoncajuhy.com.br\/site\/wp-content\/uploads\/2025\/10\/Cerimonia-do-lancamento-do-novo-CT-do-Bahia-%E2%80%94-Foto-EC-Bahia-Divulgacao.png?resize=800%2C533&#038;ssl=1\" alt=\"\" class=\"wp-image-90997\" srcset=\"https:\/\/i0.wp.com\/blogdoeloiltoncajuhy.com.br\/site\/wp-content\/uploads\/2025\/10\/Cerimonia-do-lancamento-do-novo-CT-do-Bahia-%E2%80%94-Foto-EC-Bahia-Divulgacao.png?w=806&amp;ssl=1 806w, https:\/\/i0.wp.com\/blogdoeloiltoncajuhy.com.br\/site\/wp-content\/uploads\/2025\/10\/Cerimonia-do-lancamento-do-novo-CT-do-Bahia-%E2%80%94-Foto-EC-Bahia-Divulgacao.png?resize=300%2C200&amp;ssl=1 300w, https:\/\/i0.wp.com\/blogdoeloiltoncajuhy.com.br\/site\/wp-content\/uploads\/2025\/10\/Cerimonia-do-lancamento-do-novo-CT-do-Bahia-%E2%80%94-Foto-EC-Bahia-Divulgacao.png?resize=768%2C512&amp;ssl=1 768w\" sizes=\"(max-width: 800px) 100vw, 800px\" \/><\/a><figcaption class=\"wp-element-caption\"><sub>Cerim\u00f4nia do lan\u00e7amento do novo CT do Bahia \u2014 Foto: EC Bahia \/ Divulga\u00e7\u00e3o<\/sub><\/figcaption><\/figure>\n\n\n\n<p>Ferran Soriano, CEO do City Football Group (CFG), veio at\u00e9 Salvador para o lan\u00e7amento do projeto do novo Centro de Treinamento do Bahia, o City Football Academy Bahia (CFA Bahia). Os detalhes da obra que deve custar R$ 300 milh\u00f5es aos cofres do conglomerado internacional foram apresentados para a imprensa em uma coletiva na manh\u00e3 desta segunda-feira (20) na Arena Fonte Nova.<\/p>\n\n\n\n<p>Ao lado do governador da Bahia, Jer\u00f4nimo Rodrigues, Ferran Soriano detalhou o projeto do CT, que vai ser constru\u00eddo em uma \u00e1rea de 560.000 metros quadrados, com 12 campos de futebol, um miniest\u00e1dio e hotel para os atletas.<\/p>\n\n\n\n<p>&#8220;Um dia hist\u00f3rico para n\u00f3s, o Bahia, o povo baiano e o futebol baiano. Celebramos um novo cap\u00edtulo do crescimento do clube. No caminho de crescimento do Bahia, o Centro de Treinamento \u00e9 quest\u00e3o estrat\u00e9gica. N\u00e3o s\u00e3o apenas pr\u00e9dios e campos. \u00c9 a casa do Bahia. \u00c9 o local onde v\u00e3o se formar os atletas do Bahia, n\u00e3o apenas do ponto de vista t\u00e9cnico, mas pessoal&#8221;, disse Ferran Soriano.<\/p>\n\n\n\n<blockquote class=\"wp-block-quote is-layout-flow wp-block-quote-is-layout-flow\">\n<p><strong><mark style=\"background-color:rgba(0, 0, 0, 0)\" class=\"has-inline-color has-black-color\">&#8220;Esse centro vai ser de alta performance do maior n\u00edvel do mundo, onde as pessoas n\u00e3o v\u00e3o ter nenhum pretexto para estar no n\u00edvel mais alto&#8221;, completou o CEO.<\/mark><\/strong><\/p>\n<\/blockquote>\n\n\n\n<figure class=\"wp-block-image aligncenter size-full\"><a href=\"https:\/\/i0.wp.com\/blogdoeloiltoncajuhy.com.br\/site\/wp-content\/uploads\/2025\/10\/Bahia-apresenta-no-centro-de-treinamento-%E2%80%94-Foto-EC-Bahia-Divulgacao.png?ssl=1\"><img data-recalc-dims=\"1\" decoding=\"async\" width=\"798\" height=\"439\" src=\"https:\/\/i0.wp.com\/blogdoeloiltoncajuhy.com.br\/site\/wp-content\/uploads\/2025\/10\/Bahia-apresenta-no-centro-de-treinamento-%E2%80%94-Foto-EC-Bahia-Divulgacao.png?resize=798%2C439&#038;ssl=1\" alt=\"\" class=\"wp-image-90998\" srcset=\"https:\/\/i0.wp.com\/blogdoeloiltoncajuhy.com.br\/site\/wp-content\/uploads\/2025\/10\/Bahia-apresenta-no-centro-de-treinamento-%E2%80%94-Foto-EC-Bahia-Divulgacao.png?w=798&amp;ssl=1 798w, https:\/\/i0.wp.com\/blogdoeloiltoncajuhy.com.br\/site\/wp-content\/uploads\/2025\/10\/Bahia-apresenta-no-centro-de-treinamento-%E2%80%94-Foto-EC-Bahia-Divulgacao.png?resize=300%2C165&amp;ssl=1 300w, https:\/\/i0.wp.com\/blogdoeloiltoncajuhy.com.br\/site\/wp-content\/uploads\/2025\/10\/Bahia-apresenta-no-centro-de-treinamento-%E2%80%94-Foto-EC-Bahia-Divulgacao.png?resize=768%2C422&amp;ssl=1 768w\" sizes=\"(max-width: 798px) 100vw, 798px\" \/><\/a><figcaption class=\"wp-element-caption\"><sub>Bahia apresenta no centro de treinamento \u2014 Foto: EC Bahia \/ Divulga\u00e7\u00e3o<\/sub><\/figcaption><\/figure>\n\n\n\n<p>O City Football Acadamy Bahia ser\u00e1 localizado na Via Metropolitana Cama\u00e7ari &#8211; Lauro de Freitas, rodovia da Regi\u00e3o Metropolitana de Salvador. O CT fica a 15 minutos do Aeroporto de Salvador e a 40 da Arena Fonte Nova.<\/p>\n\n\n\n<blockquote class=\"wp-block-quote is-layout-flow wp-block-quote-is-layout-flow\">\n<p><strong><mark style=\"background-color:rgba(0, 0, 0, 0)\" class=\"has-inline-color has-black-color\">&#8220;Vai ser o centro mais moderno da Am\u00e9rica Latina&#8221;, disse Raul Aguirre, CEO do Bahia.<\/mark><\/strong><\/p>\n<\/blockquote>\n\n\n\n<p>Estrutura do novo CT do Bahia:<\/p>\n\n\n\n<ul class=\"wp-block-list\">\n<li>560.000 metros quadrados<\/li>\n\n\n\n<li>12 campos de futebol<\/li>\n\n\n\n<li>Miniest\u00e1dio com capacidade para mil pessoas<\/li>\n\n\n\n<li>Hotel para os atletas<\/li>\n\n\n\n<li>Alojamento para divis\u00e3o de base<\/li>\n\n\n\n<li>Centro administrativo<\/li>\n<\/ul>\n\n\n\n<p><\/p>\n\n\n\n<p>&#8220;Este centro n\u00e3o est\u00e1 isolado. Faz parte da rede do City. Chamamos de CFA. Vai ser parte de uma rede que j\u00e1 existe, \u00e9 mundial e est\u00e1 no n\u00edvel mais alto. O uso da tecnologia, inclusive intelig\u00eancia artificial e com os melhores profissionais. Esses centros est\u00e3o conectados, compartilham a melhor metodologia. Vai ser o segundo maior dentro da rede, depois do centro de Manchester. Esses centros compartilham pessoas e metodologia. Vai ser importante para a Bahia, mas vai estar conectado com o mundo. CFA Bahia conecta o Bahia com o mundo&#8221;, completou Ferran Soriano.<\/p>\n\n\n\n<p><strong><a href=\"https:\/\/whatsapp.com\/channel\/0029VaAT7tDLI8Yfj5y9Z50Z\"><mark style=\"background-color:rgba(0, 0, 0, 0)\" class=\"has-inline-color has-vivid-red-color\">&gt;&gt; Clique aqui e entre no canal do BEC no WhatsApp<\/mark><\/a><\/strong><\/p>\n","protected":false},"excerpt":{"rendered":"<p>Ao lado de governador da Bahia, Ferran Soriano apresenta novo centro de treinamento, que s\u00f3 vai ser menor que o do Manchester City: &#8220;Maior n\u00edvel do mundo&#8221; Por Rafael Teles\/ge BA \u2014 Salvador Ferran Soriano, CEO do City Football Group (CFG), veio at\u00e9 Salvador para o lan\u00e7amento do projeto do novo Centro de Treinamento do [&hellip;]<\/p>\n","protected":false},"author":2,"featured_media":90998,"comment_status":"open","ping_status":"open","sticky":false,"template":"","format":"standard","meta":{"_acf_changed":false,"_monsterinsights_skip_tracking":false,"_monsterinsights_sitenote_active":false,"_monsterinsights_sitenote_note":"","_monsterinsights_sitenote_category":0,"_jetpack_memberships_contains_paid_content":false,"footnotes":"","jetpack_publicize_message":"","jetpack_publicize_feature_enabled":true,"jetpack_social_post_already_shared":true,"jetpack_social_options":{"image_generator_settings":{"template":"highway","default_image_id":0,"font":"","enabled":false},"version":2}},"categories":[6],"tags":[],"class_list":["post-90996","post","type-post","status-publish","format-standard","has-post-thumbnail","hentry","category-esportes"],"acf":[],"jetpack_publicize_connections":[],"jetpack_featured_media_url":"https:\/\/i0.wp.com\/blogdoeloiltoncajuhy.com.br\/site\/wp-content\/uploads\/2025\/10\/Bahia-apresenta-no-centro-de-treinamento-%E2%80%94-Foto-EC-Bahia-Divulgacao.png?fit=798%2C439&ssl=1","jetpack_sharing_enabled":true,"publishpress_future_workflow_manual_trigger":{"enabledWorkflows":[]},"_links":{"self":[{"href":"https:\/\/blogdoeloiltoncajuhy.com.br\/site\/wp-json\/wp\/v2\/posts\/90996","targetHints":{"allow":["GET"]}}],"collection":[{"href":"https:\/\/blogdoeloiltoncajuhy.com.br\/site\/wp-json\/wp\/v2\/posts"}],"about":[{"href":"https:\/\/blogdoeloiltoncajuhy.com.br\/site\/wp-json\/wp\/v2\/types\/post"}],"author":[{"embeddable":true,"href":"https:\/\/blogdoeloiltoncajuhy.com.br\/site\/wp-json\/wp\/v2\/users\/2"}],"replies":[{"embeddable":true,"href":"https:\/\/blogdoeloiltoncajuhy.com.br\/site\/wp-json\/wp\/v2\/comments?post=90996"}],"version-history":[{"count":2,"href":"https:\/\/blogdoeloiltoncajuhy.com.br\/site\/wp-json\/wp\/v2\/posts\/90996\/revisions"}],"predecessor-version":[{"id":91000,"href":"https:\/\/blogdoeloiltoncajuhy.com.br\/site\/wp-json\/wp\/v2\/posts\/90996\/revisions\/91000"}],"wp:featuredmedia":[{"embeddable":true,"href":"https:\/\/blogdoeloiltoncajuhy.com.br\/site\/wp-json\/wp\/v2\/media\/90998"}],"wp:attachment":[{"href":"https:\/\/blogdoeloiltoncajuhy.com.br\/site\/wp-json\/wp\/v2\/media?parent=90996"}],"wp:term":[{"taxonomy":"category","embeddable":true,"href":"https:\/\/blogdoeloiltoncajuhy.com.br\/site\/wp-json\/wp\/v2\/categories?post=90996"},{"taxonomy":"post_tag","embeddable":true,"href":"https:\/\/blogdoeloiltoncajuhy.com.br\/site\/wp-json\/wp\/v2\/tags?post=90996"}],"curies":[{"name":"wp","href":"https:\/\/api.w.org\/{rel}","templated":true}]}}