{"id":90988,"date":"2025-10-20T08:47:48","date_gmt":"2025-10-20T11:47:48","guid":{"rendered":"https:\/\/blogdoeloiltoncajuhy.com.br\/site\/?p=90988"},"modified":"2025-10-20T08:48:32","modified_gmt":"2025-10-20T11:48:32","slug":"sancionada-lei-que-amplia-acesso-de-agricultores-familiares-ao-garantia-safra","status":"publish","type":"post","link":"https:\/\/blogdoeloiltoncajuhy.com.br\/site\/sancionada-lei-que-amplia-acesso-de-agricultores-familiares-ao-garantia-safra\/","title":{"rendered":"Sancionada lei que amplia acesso de agricultores familiares ao Garantia-Safra"},"content":{"rendered":"\n<p><strong>Por Ag\u00eancia C\u00e2mara de Not\u00edcias<\/strong><\/p>\n\n\n\n<figure class=\"wp-block-image aligncenter size-full\"><a href=\"https:\/\/i0.wp.com\/blogdoeloiltoncajuhy.com.br\/site\/wp-content\/uploads\/2025\/10\/Agricultura-Familiar-Garantia-safra-Foto-Leonardo-Henrique-e-Valmir-Fernandes-Fotos-Publicas.jpeg?ssl=1\"><img data-recalc-dims=\"1\" fetchpriority=\"high\" decoding=\"async\" width=\"768\" height=\"512\" src=\"https:\/\/i0.wp.com\/blogdoeloiltoncajuhy.com.br\/site\/wp-content\/uploads\/2025\/10\/Agricultura-Familiar-Garantia-safra-Foto-Leonardo-Henrique-e-Valmir-Fernandes-Fotos-Publicas.jpeg?resize=768%2C512&#038;ssl=1\" alt=\"\" class=\"wp-image-90989\" srcset=\"https:\/\/i0.wp.com\/blogdoeloiltoncajuhy.com.br\/site\/wp-content\/uploads\/2025\/10\/Agricultura-Familiar-Garantia-safra-Foto-Leonardo-Henrique-e-Valmir-Fernandes-Fotos-Publicas.jpeg?w=768&amp;ssl=1 768w, https:\/\/i0.wp.com\/blogdoeloiltoncajuhy.com.br\/site\/wp-content\/uploads\/2025\/10\/Agricultura-Familiar-Garantia-safra-Foto-Leonardo-Henrique-e-Valmir-Fernandes-Fotos-Publicas.jpeg?resize=300%2C200&amp;ssl=1 300w\" sizes=\"(max-width: 768px) 100vw, 768px\" \/><\/a><figcaption class=\"wp-element-caption\"><sub>Mudan\u00e7a contempla produtores que sofrem com estiagens e enchentes &#8211; Foto: Leonardo Henrique e Valmir Fernandes\/Fotos P\u00fablicas<\/sub><\/figcaption><\/figure>\n\n\n\n<p>Foi sancionada pelo presidente da Rep\u00fablica, Luiz In\u00e1cio Lula da Silva, a <a href=\"https:\/\/www2.camara.gov.br\/legin\/fed\/lei\/2025\/lei-15236-16-outubro-2025-798153-norma-pl.html\" data-type=\"link\" data-id=\"https:\/\/www2.camara.gov.br\/legin\/fed\/lei\/2025\/lei-15236-16-outubro-2025-798153-norma-pl.html\" target=\"_blank\" rel=\"noreferrer noopener\"><strong><mark style=\"background-color:rgba(0, 0, 0, 0)\" class=\"has-inline-color has-vivid-cyan-blue-color\">Lei 15.236\/25<\/mark><\/strong><\/a>, que facilita o acesso de agricultores familiares ao Garantia-Safra e torna mais \u00e1gil o pagamento do benef\u00edcio. Publicada no Di\u00e1rio Oficial da Uni\u00e3o nesta sexta-feira (17), a nova norma reduz exig\u00eancias, amplia a cobertura do programa e permite novas formas de uso dos recursos para fortalecer a produ\u00e7\u00e3o no campo.<\/p>\n\n\n\n<p>O texto altera a Lei 10.420\/02, e reduz de 50% para 40% o percentual m\u00ednimo de perda de safra exigido para o agricultor receber o benef\u00edcio. A mudan\u00e7a contempla produtores que sofrem com estiagens e enchentes, mas que at\u00e9 agora ficavam de fora por n\u00e3o alcan\u00e7arem o limite anterior. A medida tamb\u00e9m tem como objetivo garantir que o aux\u00edlio chegue com mais rapidez a fam\u00edlias afetadas por eventos clim\u00e1ticos extremos.<\/p>\n\n\n\n<p><strong><a href=\"https:\/\/whatsapp.com\/channel\/0029VaAT7tDLI8Yfj5y9Z50Z\"><mark style=\"background-color:rgba(0, 0, 0, 0)\" class=\"has-inline-color has-vivid-red-color\">&gt;&gt; Clique aqui e entre no canal do BEC no WhatsApp<\/mark><\/a><\/strong><\/p>\n\n\n\n<p>A nova lei flexibiliza o pagamento pelo governo, que poder\u00e1 ser feito em at\u00e9 tr\u00eas parcelas mensais ou em parcela \u00fanica, quando houver situa\u00e7\u00e3o de emerg\u00eancia nacional, estado de calamidade p\u00fablica, pandemia ou epidemia.<\/p>\n\n\n\n<p>A san\u00e7\u00e3o de Lula encerra a tramita\u00e7\u00e3o do Projeto de Lei 1282\/24, do deputado Carlos Veras (PT-PE), que teve como relatora a senadora Augusta Brito (PT-CE). O texto foi aprovado pelo Plen\u00e1rio do Senado em setembro, com o objetivo de tornar o Garantia-Safra mais acess\u00edvel e eficaz no atendimento a fam\u00edlias de baixa renda afetadas por perdas de safra.<\/p>\n\n\n\n<p class=\"has-black-color has-text-color has-link-color has-medium-font-size wp-elements-7e87941a35793f05dfbbfc36815d7c8c\"><strong>Maior alcance<\/strong><\/p>\n\n\n\n<p>Outro avan\u00e7o \u00e9 a amplia\u00e7\u00e3o da \u00e1rea de cobertura do Garantia-Safra. Agricultores familiares de munic\u00edpios fora da regi\u00e3o tradicional da Superintend\u00eancia do Desenvolvimento do Nordeste (Sudene) poder\u00e3o aderir ao programa, desde que atendam aos crit\u00e9rios estabelecidos pelo \u00f3rg\u00e3o gestor.<\/p>\n\n\n\n<p>A gest\u00e3o do fundo e das normas operacionais passa a ser de responsabilidade do Minist\u00e9rio do Desenvolvimento Agr\u00e1rio e Agricultura Familiar.<\/p>\n\n\n\n<p>Al\u00e9m de assegurar renda emergencial a quem perde a produ\u00e7\u00e3o, a lei permite que parte dos recursos do fundo seja usada em a\u00e7\u00f5es voltadas \u00e0 conviv\u00eancia com o semi\u00e1rido, ao aumento da capacidade produtiva e \u00e0 adapta\u00e7\u00e3o \u00e0s mudan\u00e7as clim\u00e1ticas.<\/p>\n\n\n\n<p>A expectativa \u00e9 que as novas regras reforcem o apoio \u00e0 agricultura familiar e contribuam para a sustentabilidade econ\u00f4mica e ambiental das pequenas propriedades rurais.<\/p>\n","protected":false},"excerpt":{"rendered":"<p>Por Ag\u00eancia C\u00e2mara de Not\u00edcias Foi sancionada pelo presidente da Rep\u00fablica, Luiz In\u00e1cio Lula da Silva, a Lei 15.236\/25, que facilita o acesso de agricultores familiares ao Garantia-Safra e torna mais \u00e1gil o pagamento do benef\u00edcio. Publicada no Di\u00e1rio Oficial da Uni\u00e3o nesta sexta-feira (17), a nova norma reduz exig\u00eancias, amplia a cobertura do programa [&hellip;]<\/p>\n","protected":false},"author":2,"featured_media":90989,"comment_status":"open","ping_status":"open","sticky":false,"template":"","format":"standard","meta":{"_acf_changed":false,"_monsterinsights_skip_tracking":false,"_monsterinsights_sitenote_active":false,"_monsterinsights_sitenote_note":"","_monsterinsights_sitenote_category":0,"_jetpack_memberships_contains_paid_content":false,"footnotes":"","jetpack_publicize_message":"","jetpack_publicize_feature_enabled":true,"jetpack_social_post_already_shared":true,"jetpack_social_options":{"image_generator_settings":{"template":"highway","default_image_id":0,"font":"","enabled":false},"version":2}},"categories":[1],"tags":[],"class_list":["post-90988","post","type-post","status-publish","format-standard","has-post-thumbnail","hentry","category-noticias"],"acf":[],"jetpack_publicize_connections":[],"jetpack_featured_media_url":"https:\/\/i0.wp.com\/blogdoeloiltoncajuhy.com.br\/site\/wp-content\/uploads\/2025\/10\/Agricultura-Familiar-Garantia-safra-Foto-Leonardo-Henrique-e-Valmir-Fernandes-Fotos-Publicas.jpeg?fit=768%2C512&ssl=1","jetpack_sharing_enabled":true,"publishpress_future_workflow_manual_trigger":{"enabledWorkflows":[]},"_links":{"self":[{"href":"https:\/\/blogdoeloiltoncajuhy.com.br\/site\/wp-json\/wp\/v2\/posts\/90988","targetHints":{"allow":["GET"]}}],"collection":[{"href":"https:\/\/blogdoeloiltoncajuhy.com.br\/site\/wp-json\/wp\/v2\/posts"}],"about":[{"href":"https:\/\/blogdoeloiltoncajuhy.com.br\/site\/wp-json\/wp\/v2\/types\/post"}],"author":[{"embeddable":true,"href":"https:\/\/blogdoeloiltoncajuhy.com.br\/site\/wp-json\/wp\/v2\/users\/2"}],"replies":[{"embeddable":true,"href":"https:\/\/blogdoeloiltoncajuhy.com.br\/site\/wp-json\/wp\/v2\/comments?post=90988"}],"version-history":[{"count":2,"href":"https:\/\/blogdoeloiltoncajuhy.com.br\/site\/wp-json\/wp\/v2\/posts\/90988\/revisions"}],"predecessor-version":[{"id":90991,"href":"https:\/\/blogdoeloiltoncajuhy.com.br\/site\/wp-json\/wp\/v2\/posts\/90988\/revisions\/90991"}],"wp:featuredmedia":[{"embeddable":true,"href":"https:\/\/blogdoeloiltoncajuhy.com.br\/site\/wp-json\/wp\/v2\/media\/90989"}],"wp:attachment":[{"href":"https:\/\/blogdoeloiltoncajuhy.com.br\/site\/wp-json\/wp\/v2\/media?parent=90988"}],"wp:term":[{"taxonomy":"category","embeddable":true,"href":"https:\/\/blogdoeloiltoncajuhy.com.br\/site\/wp-json\/wp\/v2\/categories?post=90988"},{"taxonomy":"post_tag","embeddable":true,"href":"https:\/\/blogdoeloiltoncajuhy.com.br\/site\/wp-json\/wp\/v2\/tags?post=90988"}],"curies":[{"name":"wp","href":"https:\/\/api.w.org\/{rel}","templated":true}]}}