{"id":90985,"date":"2025-10-20T08:40:45","date_gmt":"2025-10-20T11:40:45","guid":{"rendered":"https:\/\/blogdoeloiltoncajuhy.com.br\/site\/?p=90985"},"modified":"2025-10-20T08:40:47","modified_gmt":"2025-10-20T11:40:47","slug":"byd-oferece-cerca-de-200-vagas-de-emprego-em-nova-fabrica-na-bahia","status":"publish","type":"post","link":"https:\/\/blogdoeloiltoncajuhy.com.br\/site\/byd-oferece-cerca-de-200-vagas-de-emprego-em-nova-fabrica-na-bahia\/","title":{"rendered":"BYD oferece cerca de 200 vagas de emprego em nova f\u00e1brica na Bahia"},"content":{"rendered":"\n<p class=\"has-medium-font-size\"><strong>Oportunidades est\u00e3o divididas em 15 cargos. Unidade em Cama\u00e7ari, a primeira do Brasil, foi inaugurada em 9 de outubro<\/strong><\/p>\n\n\n\n<p><strong>Por g1 BA<\/strong><\/p>\n\n\n\n<figure class=\"wp-block-image aligncenter size-full\"><a href=\"https:\/\/i0.wp.com\/blogdoeloiltoncajuhy.com.br\/site\/wp-content\/uploads\/2025\/10\/Fabrica-da-BYD-em-Camacari-na-Bahia-%E2%80%94-Foto-Malu-Vieira-g1.png?ssl=1\"><img data-recalc-dims=\"1\" fetchpriority=\"high\" decoding=\"async\" width=\"800\" height=\"602\" src=\"https:\/\/i0.wp.com\/blogdoeloiltoncajuhy.com.br\/site\/wp-content\/uploads\/2025\/10\/Fabrica-da-BYD-em-Camacari-na-Bahia-%E2%80%94-Foto-Malu-Vieira-g1.png?resize=800%2C602&#038;ssl=1\" alt=\"\" class=\"wp-image-90986\" srcset=\"https:\/\/i0.wp.com\/blogdoeloiltoncajuhy.com.br\/site\/wp-content\/uploads\/2025\/10\/Fabrica-da-BYD-em-Camacari-na-Bahia-%E2%80%94-Foto-Malu-Vieira-g1.png?w=817&amp;ssl=1 817w, https:\/\/i0.wp.com\/blogdoeloiltoncajuhy.com.br\/site\/wp-content\/uploads\/2025\/10\/Fabrica-da-BYD-em-Camacari-na-Bahia-%E2%80%94-Foto-Malu-Vieira-g1.png?resize=300%2C226&amp;ssl=1 300w, https:\/\/i0.wp.com\/blogdoeloiltoncajuhy.com.br\/site\/wp-content\/uploads\/2025\/10\/Fabrica-da-BYD-em-Camacari-na-Bahia-%E2%80%94-Foto-Malu-Vieira-g1.png?resize=768%2C578&amp;ssl=1 768w\" sizes=\"(max-width: 800px) 100vw, 800px\" \/><\/a><figcaption class=\"wp-element-caption\"><sub>F\u00e1brica da BYD em Cama\u00e7ari, na Bahia \u2014 Foto: Malu Vieira\/g1<\/sub><\/figcaption><\/figure>\n\n\n\n<p>A montadora chinesa BYD est\u00e1 com cerca de 200 vagas de emprego abertas para trabalhar na f\u00e1brica em Cama\u00e7ari, cidade da Regi\u00e3o Metropolitana de Salvador (RMS). A unidade foi inaugurada no dia 9 de outubro.<\/p>\n\n\n\n<p>As oportunidades abrangem diferentes \u00e1reas e n\u00edveis de atua\u00e7\u00e3o, incluindo cargos como advogado trabalhista, especialista ambiental, operador, engenheiro de processos, entre outros.<\/p>\n\n\n\n<p>Entre as posi\u00e7\u00f5es dispon\u00edveis, destacam-se 40 vagas para inspetor de qualidade, 40 para condutor interno e 20 para operador de empilhadeira.<\/p>\n\n\n\n<p><strong><a href=\"https:\/\/whatsapp.com\/channel\/0029VaAT7tDLI8Yfj5y9Z50Z\"><mark style=\"background-color:rgba(0, 0, 0, 0)\" class=\"has-inline-color has-vivid-red-color\">>> Clique aqui e entre no canal do BEC no WhatsApp<\/mark><\/a><\/strong><\/p>\n\n\n\n<p>Os interessados nas vagas j\u00e1 podem se candidatar por meio da plataforma Gupy. Tamb\u00e9m \u00e9 poss\u00edvel se candidatar presencialmente a partir de ter\u00e7a-feira (21), na sede do SineBahia, no bairro de S\u00e3o Rafael, em Salvador.<\/p>\n\n\n\n<p class=\"has-black-color has-text-color has-link-color wp-elements-33d6e3e4cfcf7262f49bdc4daf01f36e\"><strong>Veja abaixo a lista com oportunidades:<\/strong><\/p>\n\n\n\n<ul class=\"wp-block-list\">\n<li>Advogado trabalhista &#8211; 1 vaga;<\/li>\n\n\n\n<li>Especialista ambiental &#8211; 1 vaga;<\/li>\n\n\n\n<li>T\u00e9cnico de manuten\u00e7\u00e3o &#8211; 10 vagas;<\/li>\n\n\n\n<li>Inspetor de qualidade &#8211; 40 vagas;<\/li>\n\n\n\n<li>Condutor interno &#8211; 40 vagas;<\/li>\n\n\n\n<li>Operador de empilhadeira &#8211; 20 vagas;<\/li>\n\n\n\n<li>Operador de reach stacker &#8211; 2 vagas;<\/li>\n\n\n\n<li>Analista de com\u00e9rcio exterior &#8211; 5 vagas;<\/li>\n\n\n\n<li>Engenheiro de ferramentas &#8211; 5 vagas;<\/li>\n\n\n\n<li>Engenheiro de planejamento de equipamentos &#8211; 5 vagas;<\/li>\n\n\n\n<li>Engenheiro de processos &#8211; 10 vagas;<\/li>\n\n\n\n<li>Engenheiro de planejamento e soldagem &#8211; 5 vagas;<\/li>\n\n\n\n<li>Engenheiro de rob\u00f3tica &#8211; 5 vagas;<\/li>\n\n\n\n<li>Supervisor de recrutamento e sele\u00e7\u00e3o &#8211; 1 vaga;<\/li>\n\n\n\n<li>Supervisor de processo trabalhista &#8211; 1 vaga.<\/li>\n<\/ul>\n","protected":false},"excerpt":{"rendered":"<p>Oportunidades est\u00e3o divididas em 15 cargos. Unidade em Cama\u00e7ari, a primeira do Brasil, foi inaugurada em 9 de outubro Por g1 BA A montadora chinesa BYD est\u00e1 com cerca de 200 vagas de emprego abertas para trabalhar na f\u00e1brica em Cama\u00e7ari, cidade da Regi\u00e3o Metropolitana de Salvador (RMS). A unidade foi inaugurada no dia 9 [&hellip;]<\/p>\n","protected":false},"author":2,"featured_media":90986,"comment_status":"open","ping_status":"open","sticky":false,"template":"","format":"standard","meta":{"_acf_changed":false,"_monsterinsights_skip_tracking":false,"_monsterinsights_sitenote_active":false,"_monsterinsights_sitenote_note":"","_monsterinsights_sitenote_category":0,"_jetpack_memberships_contains_paid_content":false,"footnotes":"","jetpack_publicize_message":"","jetpack_publicize_feature_enabled":true,"jetpack_social_post_already_shared":true,"jetpack_social_options":{"image_generator_settings":{"template":"highway","default_image_id":0,"font":"","enabled":false},"version":2}},"categories":[32],"tags":[],"class_list":["post-90985","post","type-post","status-publish","format-standard","has-post-thumbnail","hentry","category-emprego"],"acf":[],"jetpack_publicize_connections":[],"jetpack_featured_media_url":"https:\/\/i0.wp.com\/blogdoeloiltoncajuhy.com.br\/site\/wp-content\/uploads\/2025\/10\/Fabrica-da-BYD-em-Camacari-na-Bahia-%E2%80%94-Foto-Malu-Vieira-g1.png?fit=817%2C615&ssl=1","jetpack_sharing_enabled":true,"publishpress_future_workflow_manual_trigger":{"enabledWorkflows":[]},"_links":{"self":[{"href":"https:\/\/blogdoeloiltoncajuhy.com.br\/site\/wp-json\/wp\/v2\/posts\/90985","targetHints":{"allow":["GET"]}}],"collection":[{"href":"https:\/\/blogdoeloiltoncajuhy.com.br\/site\/wp-json\/wp\/v2\/posts"}],"about":[{"href":"https:\/\/blogdoeloiltoncajuhy.com.br\/site\/wp-json\/wp\/v2\/types\/post"}],"author":[{"embeddable":true,"href":"https:\/\/blogdoeloiltoncajuhy.com.br\/site\/wp-json\/wp\/v2\/users\/2"}],"replies":[{"embeddable":true,"href":"https:\/\/blogdoeloiltoncajuhy.com.br\/site\/wp-json\/wp\/v2\/comments?post=90985"}],"version-history":[{"count":1,"href":"https:\/\/blogdoeloiltoncajuhy.com.br\/site\/wp-json\/wp\/v2\/posts\/90985\/revisions"}],"predecessor-version":[{"id":90987,"href":"https:\/\/blogdoeloiltoncajuhy.com.br\/site\/wp-json\/wp\/v2\/posts\/90985\/revisions\/90987"}],"wp:featuredmedia":[{"embeddable":true,"href":"https:\/\/blogdoeloiltoncajuhy.com.br\/site\/wp-json\/wp\/v2\/media\/90986"}],"wp:attachment":[{"href":"https:\/\/blogdoeloiltoncajuhy.com.br\/site\/wp-json\/wp\/v2\/media?parent=90985"}],"wp:term":[{"taxonomy":"category","embeddable":true,"href":"https:\/\/blogdoeloiltoncajuhy.com.br\/site\/wp-json\/wp\/v2\/categories?post=90985"},{"taxonomy":"post_tag","embeddable":true,"href":"https:\/\/blogdoeloiltoncajuhy.com.br\/site\/wp-json\/wp\/v2\/tags?post=90985"}],"curies":[{"name":"wp","href":"https:\/\/api.w.org\/{rel}","templated":true}]}}