{"id":90983,"date":"2025-10-20T08:28:10","date_gmt":"2025-10-20T11:28:10","guid":{"rendered":"https:\/\/blogdoeloiltoncajuhy.com.br\/site\/?p=90983"},"modified":"2025-10-20T08:28:12","modified_gmt":"2025-10-20T11:28:12","slug":"projeto-incentiva-contratacao-de-mulheres-em-tratamento-contra-o-cancer","status":"publish","type":"post","link":"https:\/\/blogdoeloiltoncajuhy.com.br\/site\/projeto-incentiva-contratacao-de-mulheres-em-tratamento-contra-o-cancer\/","title":{"rendered":"Projeto incentiva contrata\u00e7\u00e3o de mulheres em tratamento contra o c\u00e2ncer"},"content":{"rendered":"\n<p><strong>Blog do Eloilton Cajuhy \u2013 BEC<\/strong><\/p>\n\n\n\n<figure class=\"wp-block-image aligncenter size-large\"><a href=\"https:\/\/i0.wp.com\/blogdoeloiltoncajuhy.com.br\/site\/wp-content\/uploads\/2023\/02\/Dia-Mundial-do-Cancer-pexels-anna-tarazevich.jpg\"><img data-recalc-dims=\"1\" fetchpriority=\"high\" decoding=\"async\" width=\"800\" height=\"534\" src=\"https:\/\/i0.wp.com\/blogdoeloiltoncajuhy.com.br\/site\/wp-content\/uploads\/2023\/02\/Dia-Mundial-do-Cancer-pexels-anna-tarazevich.jpg?resize=800%2C534\" alt=\"\" class=\"wp-image-72050\" srcset=\"https:\/\/i0.wp.com\/blogdoeloiltoncajuhy.com.br\/site\/wp-content\/uploads\/2023\/02\/Dia-Mundial-do-Cancer-pexels-anna-tarazevich.jpg?resize=1024%2C683&amp;ssl=1 1024w, https:\/\/i0.wp.com\/blogdoeloiltoncajuhy.com.br\/site\/wp-content\/uploads\/2023\/02\/Dia-Mundial-do-Cancer-pexels-anna-tarazevich.jpg?resize=300%2C200&amp;ssl=1 300w, https:\/\/i0.wp.com\/blogdoeloiltoncajuhy.com.br\/site\/wp-content\/uploads\/2023\/02\/Dia-Mundial-do-Cancer-pexels-anna-tarazevich.jpg?resize=768%2C512&amp;ssl=1 768w, https:\/\/i0.wp.com\/blogdoeloiltoncajuhy.com.br\/site\/wp-content\/uploads\/2023\/02\/Dia-Mundial-do-Cancer-pexels-anna-tarazevich.jpg?resize=1536%2C1024&amp;ssl=1 1536w, https:\/\/i0.wp.com\/blogdoeloiltoncajuhy.com.br\/site\/wp-content\/uploads\/2023\/02\/Dia-Mundial-do-Cancer-pexels-anna-tarazevich.jpg?w=1773&amp;ssl=1 1773w, https:\/\/i0.wp.com\/blogdoeloiltoncajuhy.com.br\/site\/wp-content\/uploads\/2023\/02\/Dia-Mundial-do-Cancer-pexels-anna-tarazevich.jpg?w=1600 1600w\" sizes=\"(max-width: 800px) 100vw, 800px\" \/><\/a><figcaption class=\"wp-element-caption\"><sub>Foto: Pexels\/Anna Tarazevich<\/sub><\/figcaption><\/figure>\n\n\n\n<p>O Programa Empresa Rosa e o Selo Rosa, voltados \u00e0 inclus\u00e3o e \u00e0 reinser\u00e7\u00e3o no mercado de trabalho das mulheres diagnosticadas com c\u00e2ncer de mama, em tratamento contra a doen\u00e7a ou em per\u00edodo de espera de remiss\u00e3o, foram propostos pela deputada Maria Rosas, do Republicanos de S\u00e3o Paulo.<\/p>\n\n\n\n<p>O projeto aprovado pela Comiss\u00e3o de Direitos Humanos oferece \u00e0s empresas que participarem do programa a certifica\u00e7\u00e3o com o selo e benef\u00edcios; mas elas ter\u00e3o que adotar a\u00e7\u00f5es de inclus\u00e3o como, por exemplo, processos de sele\u00e7\u00e3o n\u00e3o discriminat\u00f3rios, regimes de trabalho remoto, jornadas reduzidas, garantia de estabilidade no emprego e tudo isso sem redu\u00e7\u00e3o na remunera\u00e7\u00e3o.<\/p>\n\n\n\n<p><strong><a href=\"https:\/\/whatsapp.com\/channel\/0029VaAT7tDLI8Yfj5y9Z50Z\"><mark style=\"background-color:rgba(0, 0, 0, 0)\" class=\"has-inline-color has-vivid-red-color\">>> Clique aqui e entre no canal do BEC no WhatsApp<\/mark><\/a><\/strong><\/p>\n\n\n\n<p>O Selo Rosa, com a validade de dois anos e renov\u00e1vel por igual per\u00edodo, ser\u00e1 concedido \u00e0s empresas participantes do programa que adotarem essas medidas e tiverem mais de 10 empregadas nessas condi\u00e7\u00f5es. E vai reconhecer a relev\u00e2ncia social da empresa, al\u00e9m de incentivar a ado\u00e7\u00e3o de medidas protetivas para as trabalhadoras com c\u00e2ncer de mama, mas poder\u00e1 ser revogado, caso a empresa descumpra a legisla\u00e7\u00e3o trabalhista.<\/p>\n\n\n\n<p>Para a relatora, senadora Damares Alves, do Republicanos do Distrito Federal, o projeto vai combater o preconceito e sua aprova\u00e7\u00e3o na CDH foi um momento hist\u00f3rico:<\/p>\n\n\n\n<p>&#8220;Eu acho que este momento aqui \u00e9 hist\u00f3rico: a relatora que est\u00e1 enfrentando um c\u00e2ncer de mama; e a presidente que enfrentou um c\u00e2ncer de mama e que se saiu t\u00e3o bem e que ficou t\u00e3o bonita, ficou at\u00e9 mais bonita depois. Eu acho que a gente podia mandar uma palavra, presidente, l\u00e1 para as mulheres que est\u00e3o enfrentando o c\u00e2ncer de mama: \u00e2nimo! \u00c9 poss\u00edvel vencer e sair muito bem&#8221;.<\/p>\n\n\n\n<p>Ocupando a presid\u00eancia da reuni\u00e3o, a senadora Ivete da Silveira, do MDB de Santa Catarina, que descobriu e venceu um c\u00e2ncer de mama h\u00e1 dois anos, fez um alerta sobre a import\u00e2ncia dos exames preventivos:<\/p>\n\n\n\n<p>(senadora Ivete da Silveira) &#8220;Um conselho para todas as mulheres depois de 40 anos: fa\u00e7am sempre mamografia. \u00c9 uma doen\u00e7a silenciosa. Voc\u00ea n\u00e3o sente nada. E eu tive uma surpresa muito grande quando eu descobri e, na mesma hora, eu j\u00e1 falei para o m\u00e9dico: vamos fazer, quero tirar. E, depois de 15 dias, cheguei aqui.&#8221;<\/p>\n\n\n\n<p>O projeto seguiu para an\u00e1lise da Comiss\u00e3o de Assuntos Sociais.<\/p>\n","protected":false},"excerpt":{"rendered":"<p>Blog do Eloilton Cajuhy \u2013 BEC O Programa Empresa Rosa e o Selo Rosa, voltados \u00e0 inclus\u00e3o e \u00e0 reinser\u00e7\u00e3o no mercado de trabalho das mulheres diagnosticadas com c\u00e2ncer de mama, em tratamento contra a doen\u00e7a ou em per\u00edodo de espera de remiss\u00e3o, foram propostos pela deputada Maria Rosas, do Republicanos de S\u00e3o Paulo. O [&hellip;]<\/p>\n","protected":false},"author":2,"featured_media":72050,"comment_status":"open","ping_status":"open","sticky":false,"template":"","format":"standard","meta":{"_acf_changed":false,"_monsterinsights_skip_tracking":false,"_monsterinsights_sitenote_active":false,"_monsterinsights_sitenote_note":"","_monsterinsights_sitenote_category":0,"_jetpack_memberships_contains_paid_content":false,"footnotes":"","jetpack_publicize_message":"","jetpack_publicize_feature_enabled":true,"jetpack_social_post_already_shared":false,"jetpack_social_options":{"image_generator_settings":{"template":"highway","default_image_id":0,"font":"","enabled":false},"version":2}},"categories":[3],"tags":[],"class_list":["post-90983","post","type-post","status-publish","format-standard","has-post-thumbnail","hentry","category-politica"],"acf":[],"jetpack_publicize_connections":[],"jetpack_featured_media_url":"https:\/\/i0.wp.com\/blogdoeloiltoncajuhy.com.br\/site\/wp-content\/uploads\/2023\/02\/Dia-Mundial-do-Cancer-pexels-anna-tarazevich.jpg?fit=1773%2C1182&ssl=1","jetpack_sharing_enabled":true,"publishpress_future_workflow_manual_trigger":{"enabledWorkflows":[]},"_links":{"self":[{"href":"https:\/\/blogdoeloiltoncajuhy.com.br\/site\/wp-json\/wp\/v2\/posts\/90983","targetHints":{"allow":["GET"]}}],"collection":[{"href":"https:\/\/blogdoeloiltoncajuhy.com.br\/site\/wp-json\/wp\/v2\/posts"}],"about":[{"href":"https:\/\/blogdoeloiltoncajuhy.com.br\/site\/wp-json\/wp\/v2\/types\/post"}],"author":[{"embeddable":true,"href":"https:\/\/blogdoeloiltoncajuhy.com.br\/site\/wp-json\/wp\/v2\/users\/2"}],"replies":[{"embeddable":true,"href":"https:\/\/blogdoeloiltoncajuhy.com.br\/site\/wp-json\/wp\/v2\/comments?post=90983"}],"version-history":[{"count":1,"href":"https:\/\/blogdoeloiltoncajuhy.com.br\/site\/wp-json\/wp\/v2\/posts\/90983\/revisions"}],"predecessor-version":[{"id":90984,"href":"https:\/\/blogdoeloiltoncajuhy.com.br\/site\/wp-json\/wp\/v2\/posts\/90983\/revisions\/90984"}],"wp:featuredmedia":[{"embeddable":true,"href":"https:\/\/blogdoeloiltoncajuhy.com.br\/site\/wp-json\/wp\/v2\/media\/72050"}],"wp:attachment":[{"href":"https:\/\/blogdoeloiltoncajuhy.com.br\/site\/wp-json\/wp\/v2\/media?parent=90983"}],"wp:term":[{"taxonomy":"category","embeddable":true,"href":"https:\/\/blogdoeloiltoncajuhy.com.br\/site\/wp-json\/wp\/v2\/categories?post=90983"},{"taxonomy":"post_tag","embeddable":true,"href":"https:\/\/blogdoeloiltoncajuhy.com.br\/site\/wp-json\/wp\/v2\/tags?post=90983"}],"curies":[{"name":"wp","href":"https:\/\/api.w.org\/{rel}","templated":true}]}}