{"id":90948,"date":"2025-10-20T20:30:00","date_gmt":"2025-10-20T23:30:00","guid":{"rendered":"https:\/\/blogdoeloiltoncajuhy.com.br\/site\/?p=90948"},"modified":"2025-10-17T19:32:33","modified_gmt":"2025-10-17T22:32:33","slug":"a-dor-que-pede-voz","status":"publish","type":"post","link":"https:\/\/blogdoeloiltoncajuhy.com.br\/site\/a-dor-que-pede-voz\/","title":{"rendered":"A dor que pede voz"},"content":{"rendered":"\n<p class=\"has-medium-font-size\"><strong>A for\u00e7a de falar da dor<\/strong><\/p>\n\n\n\n<p><strong>Blog do Eloilton Cajuhy \u2013 BEC<\/strong><\/p>\n\n\n\n<p><strong><a href=\"https:\/\/whatsapp.com\/channel\/0029VaAT7tDLI8Yfj5y9Z50Z\" target=\"_blank\" rel=\"noreferrer noopener\"><mark style=\"background-color:rgba(0, 0, 0, 0)\" class=\"has-inline-color has-vivid-red-color\">>> Clique aqui e entre no canal do BEC no WhatsApp<\/mark><\/a><\/strong><\/p>\n\n\n\n<figure class=\"wp-block-image aligncenter size-full\"><a href=\"https:\/\/i0.wp.com\/blogdoeloiltoncajuhy.com.br\/site\/wp-content\/uploads\/2025\/10\/PINTEREST-OUT-03.jpg?ssl=1\"><img data-recalc-dims=\"1\" fetchpriority=\"high\" decoding=\"async\" width=\"473\" height=\"631\" src=\"https:\/\/i0.wp.com\/blogdoeloiltoncajuhy.com.br\/site\/wp-content\/uploads\/2025\/10\/PINTEREST-OUT-03.jpg?resize=473%2C631&#038;ssl=1\" alt=\"\" class=\"wp-image-90949\" srcset=\"https:\/\/i0.wp.com\/blogdoeloiltoncajuhy.com.br\/site\/wp-content\/uploads\/2025\/10\/PINTEREST-OUT-03.jpg?w=473&amp;ssl=1 473w, https:\/\/i0.wp.com\/blogdoeloiltoncajuhy.com.br\/site\/wp-content\/uploads\/2025\/10\/PINTEREST-OUT-03.jpg?resize=225%2C300&amp;ssl=1 225w\" sizes=\"(max-width: 473px) 100vw, 473px\" \/><\/a><figcaption class=\"wp-element-caption\"><sub>Imagem: Pinterest<\/sub><\/figcaption><\/figure>\n\n\n\n<p>Aprendi que guardar a dor s\u00f3 para n\u00f3s \u00e9 como trancar o vento num frasco: ele se agita, pressiona, at\u00e9 que um dia j\u00e1 n\u00e3o cabe.<\/p>\n\n\n\n<p>Fingimos normalidade, vestimos sorrisos, mas por dentro h\u00e1 um peso que n\u00e3o se nomeia. E, quanto mais o escondemos, mais ele cresce, como sombra que se alimenta do sil\u00eancio.<\/p>\n\n\n\n<p>Falar da dor n\u00e3o \u00e9 fraqueza. \u00c9 permiss\u00e3o. \u00c9 dizer a n\u00f3s mesmos que tamb\u00e9m merecemos colo, escuta e ternura.<\/p>\n\n\n\n<p>Que ser forte n\u00e3o \u00e9 suportar tudo em sil\u00eancio, mas reconhecer quando \u00e9 tempo de abrir o cora\u00e7\u00e3o e deixar que algu\u00e9m o habite com cuidado.<\/p>\n\n\n\n<p>H\u00e1 dores que s\u00f3 se curam no espelho da empatia. E h\u00e1 cicatrizes que, quando mostradas, deixam de doer tanto, porque j\u00e1 n\u00e3o nos sentimos s\u00f3s.<\/p>\n\n\n\n<p class=\"has-black-color has-text-color has-link-color wp-elements-ea611a968ce215bd93ad05314fd11890\"><strong>C. C.<\/strong><\/p>\n","protected":false},"excerpt":{"rendered":"<p>A for\u00e7a de falar da dor Blog do Eloilton Cajuhy \u2013 BEC >> Clique aqui e entre no canal do BEC no WhatsApp Aprendi que guardar a dor s\u00f3 para n\u00f3s \u00e9 como trancar o vento num frasco: ele se agita, pressiona, at\u00e9 que um dia j\u00e1 n\u00e3o cabe. Fingimos normalidade, vestimos sorrisos, mas por [&hellip;]<\/p>\n","protected":false},"author":2,"featured_media":90949,"comment_status":"open","ping_status":"open","sticky":false,"template":"","format":"standard","meta":{"_acf_changed":false,"_monsterinsights_skip_tracking":false,"_monsterinsights_sitenote_active":false,"_monsterinsights_sitenote_note":"","_monsterinsights_sitenote_category":0,"_jetpack_memberships_contains_paid_content":false,"footnotes":"","jetpack_publicize_message":"","jetpack_publicize_feature_enabled":true,"jetpack_social_post_already_shared":true,"jetpack_social_options":{"image_generator_settings":{"template":"highway","default_image_id":0,"font":"","enabled":false},"version":2}},"categories":[9],"tags":[],"class_list":["post-90948","post","type-post","status-publish","format-standard","has-post-thumbnail","hentry","category-reflexao"],"acf":[],"jetpack_publicize_connections":[],"jetpack_featured_media_url":"https:\/\/i0.wp.com\/blogdoeloiltoncajuhy.com.br\/site\/wp-content\/uploads\/2025\/10\/PINTEREST-OUT-03.jpg?fit=473%2C631&ssl=1","jetpack_sharing_enabled":true,"publishpress_future_workflow_manual_trigger":{"enabledWorkflows":[]},"_links":{"self":[{"href":"https:\/\/blogdoeloiltoncajuhy.com.br\/site\/wp-json\/wp\/v2\/posts\/90948","targetHints":{"allow":["GET"]}}],"collection":[{"href":"https:\/\/blogdoeloiltoncajuhy.com.br\/site\/wp-json\/wp\/v2\/posts"}],"about":[{"href":"https:\/\/blogdoeloiltoncajuhy.com.br\/site\/wp-json\/wp\/v2\/types\/post"}],"author":[{"embeddable":true,"href":"https:\/\/blogdoeloiltoncajuhy.com.br\/site\/wp-json\/wp\/v2\/users\/2"}],"replies":[{"embeddable":true,"href":"https:\/\/blogdoeloiltoncajuhy.com.br\/site\/wp-json\/wp\/v2\/comments?post=90948"}],"version-history":[{"count":1,"href":"https:\/\/blogdoeloiltoncajuhy.com.br\/site\/wp-json\/wp\/v2\/posts\/90948\/revisions"}],"predecessor-version":[{"id":90950,"href":"https:\/\/blogdoeloiltoncajuhy.com.br\/site\/wp-json\/wp\/v2\/posts\/90948\/revisions\/90950"}],"wp:featuredmedia":[{"embeddable":true,"href":"https:\/\/blogdoeloiltoncajuhy.com.br\/site\/wp-json\/wp\/v2\/media\/90949"}],"wp:attachment":[{"href":"https:\/\/blogdoeloiltoncajuhy.com.br\/site\/wp-json\/wp\/v2\/media?parent=90948"}],"wp:term":[{"taxonomy":"category","embeddable":true,"href":"https:\/\/blogdoeloiltoncajuhy.com.br\/site\/wp-json\/wp\/v2\/categories?post=90948"},{"taxonomy":"post_tag","embeddable":true,"href":"https:\/\/blogdoeloiltoncajuhy.com.br\/site\/wp-json\/wp\/v2\/tags?post=90948"}],"curies":[{"name":"wp","href":"https:\/\/api.w.org\/{rel}","templated":true}]}}