{"id":90852,"date":"2025-10-14T09:11:48","date_gmt":"2025-10-14T12:11:48","guid":{"rendered":"https:\/\/blogdoeloiltoncajuhy.com.br\/site\/?p=90852"},"modified":"2025-10-14T09:11:50","modified_gmt":"2025-10-14T12:11:50","slug":"autismo-na-vida-adulta-neurologista-explica-sobre-sinais-diagnostico-e-possibilidades-de-tratamento","status":"publish","type":"post","link":"https:\/\/blogdoeloiltoncajuhy.com.br\/site\/autismo-na-vida-adulta-neurologista-explica-sobre-sinais-diagnostico-e-possibilidades-de-tratamento\/","title":{"rendered":"Autismo na vida adulta: neurologista explica sobre sinais, diagn\u00f3stico e possibilidades de tratamento"},"content":{"rendered":"\n<p><strong>Blog do Eloilton Cajuhy \u2013 BEC<\/strong><\/p>\n\n\n\n<figure class=\"wp-block-image aligncenter size-full\"><a href=\"https:\/\/i0.wp.com\/blogdoeloiltoncajuhy.com.br\/site\/wp-content\/uploads\/2025\/10\/Autismo-em-adultos-reproducao-Canal-Autismo.jpg?ssl=1\"><img data-recalc-dims=\"1\" fetchpriority=\"high\" decoding=\"async\" width=\"800\" height=\"533\" src=\"https:\/\/i0.wp.com\/blogdoeloiltoncajuhy.com.br\/site\/wp-content\/uploads\/2025\/10\/Autismo-em-adultos-reproducao-Canal-Autismo.jpg?resize=800%2C533&#038;ssl=1\" alt=\"\" class=\"wp-image-90853\" srcset=\"https:\/\/i0.wp.com\/blogdoeloiltoncajuhy.com.br\/site\/wp-content\/uploads\/2025\/10\/Autismo-em-adultos-reproducao-Canal-Autismo.jpg?w=900&amp;ssl=1 900w, https:\/\/i0.wp.com\/blogdoeloiltoncajuhy.com.br\/site\/wp-content\/uploads\/2025\/10\/Autismo-em-adultos-reproducao-Canal-Autismo.jpg?resize=300%2C200&amp;ssl=1 300w, https:\/\/i0.wp.com\/blogdoeloiltoncajuhy.com.br\/site\/wp-content\/uploads\/2025\/10\/Autismo-em-adultos-reproducao-Canal-Autismo.jpg?resize=768%2C512&amp;ssl=1 768w\" sizes=\"(max-width: 800px) 100vw, 800px\" \/><\/a><figcaption class=\"wp-element-caption\"><sub>Foto: Reprodu\u00e7\u00e3o \/ Canal Autismo<\/sub><\/figcaption><\/figure>\n\n\n\n<p>Muitos adultos convivem com os sinais do autismo sem saber. Por n\u00e3o terem recebido diagn\u00f3stico na inf\u00e2ncia, seus comportamentos s\u00e3o frequentemente vistos como excentricidades, timidez extrema ou tra\u00e7os de uma personalidade dif\u00edcil. No entanto, compreender o transtorno no contexto adulto \u00e9 essencial para oferecer acolhimento, diagn\u00f3stico adequado e caminhos de tratamento.<\/p>\n\n\n\n<p>Como bem relata o Dr. Matheus Trilico, que \u00e9 neurologista refer\u00eancia nacional no tratamento para esse p\u00fablico espec\u00edfico, \u201cmuitos adultos passaram a vida ouvindo que eram esquisitos, frios ou intensos demais, at\u00e9 que o diagn\u00f3stico funciona como acender uma luz num quarto onde se viveu por anos no escuro\u201d.<\/p>\n\n\n\n<p><strong><a href=\"https:\/\/whatsapp.com\/channel\/0029VaAT7tDLI8Yfj5y9Z50Z\" target=\"_blank\" rel=\"noreferrer noopener\"><mark style=\"background-color:rgba(0, 0, 0, 0)\" class=\"has-inline-color has-vivid-red-color\">>> Clique aqui e entre no canal do BEC no WhatsApp<\/mark><\/a><\/strong><\/p>\n\n\n\n<p>Segundo o neurologista, adultos autistas frequentemente usam estrat\u00e9gias conscientes ou inconscientes de \u201ccamuflagem social\u201d para n\u00e3o se sentirem exclu\u00eddos, um esfor\u00e7o que pode levar a uma exaust\u00e3o cont\u00ednua e a um desgaste emocional profundo. Muitas vezes, isso se reflete em tens\u00e3o, ansiedade ou depress\u00e3o n\u00e3o porque algo est\u00e1 errado com a pessoa, mas pela energia gastada tentando parecer neurot\u00edpico.<\/p>\n\n\n\n<p class=\"has-black-color has-text-color has-link-color has-medium-font-size wp-elements-d9fd81c49bb24b2fd8774ee16c468a9d\"><strong>Desconfortos sentidos, mas n\u00e3o compreendidos<\/strong><\/p>\n\n\n\n<p>Mesmo considerando o autismo como um transtorno do neurodesenvolvimento presente desde a inf\u00e2ncia, h\u00e1 muitos fatores que s\u00f3 se manifestam ou ganham significado mais tarde, especialmente diante da rotina adulta. O Dr. Trilico destaca que a comunica\u00e7\u00e3o social menos direta e clara, sensibilidade a est\u00edmulos sensoriais e dificuldade para lidar com interrup\u00e7\u00f5es ou altera\u00e7\u00f5es de rotina s\u00e3o ang\u00fastias frequentes nessa fase da vida. Esses desafios incluem: interpretar express\u00f5es faciais, compreender ironias ou gestos sutis e enfrentar ambientes ruidosos ou com muita luz, que podem desencadear estresse imediato.<\/p>\n\n\n\n<p class=\"has-black-color has-text-color has-link-color has-medium-font-size wp-elements-d47a3f2a8af5d216c0ae00f886291e9b\"><strong>Em rela\u00e7\u00e3o ao diagn\u00f3stico<\/strong><\/p>\n\n\n\n<p>O diagn\u00f3stico tardio \u00e9, muitas vezes, um momento de al\u00edvio, a chave para entender por que a vida foi t\u00e3o dif\u00edcil por tanto tempo. Dr Matheus menciona que, ao descobrir ser autista na vida adulta, muitos relatam uma libera\u00e7\u00e3o emocional e uma nova possibilidade de autocompaix\u00e3o, assim como melhores chances de receber apoio e tratamento adequado.<\/p>\n\n\n\n<p class=\"has-black-color has-text-color has-link-color has-medium-font-size wp-elements-f983b61ff770590377bb016a8d1612cd\"><strong>A sociedade precisa mudar: inclus\u00e3o e apoio estruturado<\/strong><\/p>\n\n\n\n<p>Dr. Matheus enfatiza que a verdadeira inclus\u00e3o se d\u00e1 quando n\u00e3o \u00e9 o autista que precisa se adaptar ao mundo, mas sim o mundo que se ajusta para incluir o autista. Isso implica:<\/p>\n\n\n\n<ul class=\"wp-block-list\">\n<li>Adapta\u00e7\u00e3o de ambientes sociais e profissionais: espa\u00e7os mais calmos, com comunica\u00e7\u00e3o clara, rotina previs\u00edvel, flexibilidade de hor\u00e1rios.<\/li>\n\n\n\n<li>Capacita\u00e7\u00e3o de profissionais de sa\u00fade para identificar sinais sutis de TEA na vida adulta e oferecer terapia adequada.<\/li>\n\n\n\n<li>Campanhas de conscientiza\u00e7\u00e3o para desconstruir estere\u00f3tipos e reconhecer habilidades \u00fanicas, porque muitos autistas t\u00eam talentos extraordin\u00e1rios que merecem ser valorizados.<\/li>\n<\/ul>\n\n\n\n<p><\/p>\n\n\n\n<p class=\"has-black-color has-text-color has-link-color has-medium-font-size wp-elements-70043dc6c79a2d3f307823b02c82fcb1\"><strong>Cuidados pr\u00e1ticos e dicas \u00fateis<\/strong><\/p>\n\n\n\n<p>Com base nas recomenda\u00e7\u00f5es do Dr. Matheus Trilico, aqui v\u00e3o algumas estrat\u00e9gias eficazes:<\/p>\n\n\n\n<ul class=\"wp-block-list\">\n<li>Rotina estruturada: reduz ansiedade e cria previsibilidade.<\/li>\n\n\n\n<li>Exerc\u00edcios f\u00edsicos regulares: melhoram o humor e reduzem o estresse.<\/li>\n\n\n\n<li>Apoio social positivo: redes de suporte e grupos de autistas promovem pertencimento.<\/li>\n\n\n\n<li>Desenvolvimento das habilidades de comunica\u00e7\u00e3o: ajuda a diminuir frustra\u00e7\u00f5es no conv\u00edvio social.<\/li>\n\n\n\n<li>Terapia especializada: TCC, psicoterapia ou outras abordagens respeitosas s\u00e3o fundamentais.<\/li>\n\n\n\n<li>Cuidados com sa\u00fade f\u00edsica: alimenta\u00e7\u00e3o saud\u00e1vel e dormir bem fortalecem a sa\u00fade mental.<\/li>\n<\/ul>\n","protected":false},"excerpt":{"rendered":"<p>Blog do Eloilton Cajuhy \u2013 BEC Muitos adultos convivem com os sinais do autismo sem saber. Por n\u00e3o terem recebido diagn\u00f3stico na inf\u00e2ncia, seus comportamentos s\u00e3o frequentemente vistos como excentricidades, timidez extrema ou tra\u00e7os de uma personalidade dif\u00edcil. No entanto, compreender o transtorno no contexto adulto \u00e9 essencial para oferecer acolhimento, diagn\u00f3stico adequado e caminhos [&hellip;]<\/p>\n","protected":false},"author":2,"featured_media":90853,"comment_status":"open","ping_status":"open","sticky":false,"template":"","format":"standard","meta":{"_acf_changed":false,"_monsterinsights_skip_tracking":false,"_monsterinsights_sitenote_active":false,"_monsterinsights_sitenote_note":"","_monsterinsights_sitenote_category":0,"_jetpack_memberships_contains_paid_content":false,"footnotes":"","jetpack_publicize_message":"","jetpack_publicize_feature_enabled":true,"jetpack_social_post_already_shared":false,"jetpack_social_options":{"image_generator_settings":{"template":"highway","default_image_id":0,"font":"","enabled":false},"version":2}},"categories":[7],"tags":[],"class_list":["post-90852","post","type-post","status-publish","format-standard","has-post-thumbnail","hentry","category-saude"],"acf":[],"jetpack_publicize_connections":[],"jetpack_featured_media_url":"https:\/\/i0.wp.com\/blogdoeloiltoncajuhy.com.br\/site\/wp-content\/uploads\/2025\/10\/Autismo-em-adultos-reproducao-Canal-Autismo.jpg?fit=900%2C600&ssl=1","jetpack_sharing_enabled":true,"publishpress_future_workflow_manual_trigger":{"enabledWorkflows":[]},"_links":{"self":[{"href":"https:\/\/blogdoeloiltoncajuhy.com.br\/site\/wp-json\/wp\/v2\/posts\/90852","targetHints":{"allow":["GET"]}}],"collection":[{"href":"https:\/\/blogdoeloiltoncajuhy.com.br\/site\/wp-json\/wp\/v2\/posts"}],"about":[{"href":"https:\/\/blogdoeloiltoncajuhy.com.br\/site\/wp-json\/wp\/v2\/types\/post"}],"author":[{"embeddable":true,"href":"https:\/\/blogdoeloiltoncajuhy.com.br\/site\/wp-json\/wp\/v2\/users\/2"}],"replies":[{"embeddable":true,"href":"https:\/\/blogdoeloiltoncajuhy.com.br\/site\/wp-json\/wp\/v2\/comments?post=90852"}],"version-history":[{"count":1,"href":"https:\/\/blogdoeloiltoncajuhy.com.br\/site\/wp-json\/wp\/v2\/posts\/90852\/revisions"}],"predecessor-version":[{"id":90854,"href":"https:\/\/blogdoeloiltoncajuhy.com.br\/site\/wp-json\/wp\/v2\/posts\/90852\/revisions\/90854"}],"wp:featuredmedia":[{"embeddable":true,"href":"https:\/\/blogdoeloiltoncajuhy.com.br\/site\/wp-json\/wp\/v2\/media\/90853"}],"wp:attachment":[{"href":"https:\/\/blogdoeloiltoncajuhy.com.br\/site\/wp-json\/wp\/v2\/media?parent=90852"}],"wp:term":[{"taxonomy":"category","embeddable":true,"href":"https:\/\/blogdoeloiltoncajuhy.com.br\/site\/wp-json\/wp\/v2\/categories?post=90852"},{"taxonomy":"post_tag","embeddable":true,"href":"https:\/\/blogdoeloiltoncajuhy.com.br\/site\/wp-json\/wp\/v2\/tags?post=90852"}],"curies":[{"name":"wp","href":"https:\/\/api.w.org\/{rel}","templated":true}]}}