{"id":90850,"date":"2025-10-14T09:02:24","date_gmt":"2025-10-14T12:02:24","guid":{"rendered":"https:\/\/blogdoeloiltoncajuhy.com.br\/site\/?p=90850"},"modified":"2025-10-14T09:02:26","modified_gmt":"2025-10-14T12:02:26","slug":"stf-invalida-lei-proposta-pelo-deputado-adolfo-menezes-que-limitava-sancoes-do-tribunal-de-contas-a-gestores-publicos-baianos","status":"publish","type":"post","link":"https:\/\/blogdoeloiltoncajuhy.com.br\/site\/stf-invalida-lei-proposta-pelo-deputado-adolfo-menezes-que-limitava-sancoes-do-tribunal-de-contas-a-gestores-publicos-baianos\/","title":{"rendered":"STF invalida lei proposta pelo deputado Adolfo Menezes que limitava san\u00e7\u00f5es do Tribunal de Contas a gestores p\u00fablicos baianos"},"content":{"rendered":"\n<p class=\"has-medium-font-size\"><strong>Supremo decidiu que lei \u00e9 inconstitucional<\/strong><\/p>\n\n\n\n<p><strong>Por Raquel Franco\/Bahia.ba<\/strong><\/p>\n\n\n\n<figure class=\"wp-block-image aligncenter size-full is-resized\"><a href=\"https:\/\/i0.wp.com\/blogdoeloiltoncajuhy.com.br\/site\/wp-content\/uploads\/2018\/09\/stf.jpg\"><img data-recalc-dims=\"1\" fetchpriority=\"high\" decoding=\"async\" width=\"600\" height=\"400\" src=\"https:\/\/i0.wp.com\/blogdoeloiltoncajuhy.com.br\/site\/wp-content\/uploads\/2018\/09\/stf.jpg?resize=600%2C400\" alt=\"\" class=\"wp-image-28102\" style=\"width:696px;height:auto\" srcset=\"https:\/\/i0.wp.com\/blogdoeloiltoncajuhy.com.br\/site\/wp-content\/uploads\/2018\/09\/stf.jpg?w=600&amp;ssl=1 600w, https:\/\/i0.wp.com\/blogdoeloiltoncajuhy.com.br\/site\/wp-content\/uploads\/2018\/09\/stf.jpg?resize=300%2C200&amp;ssl=1 300w, https:\/\/i0.wp.com\/blogdoeloiltoncajuhy.com.br\/site\/wp-content\/uploads\/2018\/09\/stf.jpg?resize=250%2C167&amp;ssl=1 250w\" sizes=\"(max-width: 600px) 100vw, 600px\" \/><\/a><figcaption class=\"wp-element-caption\"><sub>Foto: Divulga\u00e7\u00e3o<\/sub><\/figcaption><\/figure>\n\n\n\n<p>O Supremo Tribunal Federal (STF) decidiu, por unanimidade, anular uma lei da Bahia que restringia a aplica\u00e7\u00e3o de multas e outras puni\u00e7\u00f5es a gestores p\u00fablicos. Segundo a norma, s\u00f3 haveria responsabiliza\u00e7\u00e3o se fosse comprovado que o desvio de recursos beneficiou o pr\u00f3prio agente ou seus familiares.<\/p>\n\n\n\n<p>A decis\u00e3o foi tomada no julgamento da A\u00e7\u00e3o Direta de Inconstitucionalidade (ADI) 7082, na sess\u00e3o virtual finalizada no dia 26 de setembro. A decis\u00e3o transitou em julgado na \u00faltima sexta-feira (10).<\/p>\n\n\n\n<p>A Lei estadual 14.460\/2022 trata das atribui\u00e7\u00f5es, da estrutura e do funcionamento do Tribunal de Contas dos Munic\u00edpios e do Estado da Bahia (TCM-BA) e foi proposta pelo deputado estadual Adolfo Menezes (PSD).<\/p>\n\n\n\n<p><strong><a href=\"https:\/\/whatsapp.com\/channel\/0029VaAT7tDLI8Yfj5y9Z50Z\" target=\"_blank\" rel=\"noreferrer noopener\"><mark style=\"background-color:rgba(0, 0, 0, 0)\" class=\"has-inline-color has-vivid-red-color\">>> Clique aqui e entre no canal do BEC no WhatsApp<\/mark><\/a><\/strong><\/p>\n\n\n\n<p>A lei, que tem apenas dois artigos, diz que \u201cnos julgamentos de contas de gestores p\u00fablicos, no \u00e2mbito do Tribunal de Contas dos Munic\u00edpios, fica vedada a aplica\u00e7\u00e3o de multas e\/ ou responsabiliza\u00e7\u00e3o pessoal aos gestores p\u00fablicos nos seguintes termos: quando n\u00e3o comprovado o desvio de recursos em benef\u00edcio pr\u00f3prio ou de familiares e quando n\u00e3o comprovado que o gestor agiu com dolo no ordenamento de despesas.\u201d<\/p>\n\n\n\n<p>Segundo a Associa\u00e7\u00e3o dos Membros dos Tribunais de Contas do Brasil (Atricon), que apresentou a ADI, a lei s\u00f3 poderia ter sido proposta pelo pr\u00f3prio tribunal.<\/p>\n\n\n\n<p>O relator da a\u00e7\u00e3o foi o ministro Cristiano Zanin. Em voto que conduziu o julgamento, ele afirmou que o STF j\u00e1 decidiu que leis de iniciativa parlamentar sobre a organiza\u00e7\u00e3o e o funcionamento de tribunais de contas s\u00e3o inconstitucionais, pois violam a autonomia desses \u00f3rg\u00e3os.<\/p>\n\n\n\n<p>Segundo o relator, embora o Legislativo tenha o dever de fiscalizar as contas p\u00fablicas com o apoio dos tribunais de contas, isso n\u00e3o significa que os tribunais sejam subordinados ao Parlamento.<\/p>\n\n\n\n<p>Para Zanin, a lei baiana alterou, na pr\u00e1tica, a Lei de Improbidade Administrativa ao excluir a modalidade culposa e admitir apenas o dolo (inten\u00e7\u00e3o) do agente p\u00fablico. Para o ministro, essa mudan\u00e7a n\u00e3o pode, fora do processo legislativo adequado, reduzir as compet\u00eancias da corte de contas.<\/p>\n","protected":false},"excerpt":{"rendered":"<p>Supremo decidiu que lei \u00e9 inconstitucional Por Raquel Franco\/Bahia.ba O Supremo Tribunal Federal (STF) decidiu, por unanimidade, anular uma lei da Bahia que restringia a aplica\u00e7\u00e3o de multas e outras puni\u00e7\u00f5es a gestores p\u00fablicos. Segundo a norma, s\u00f3 haveria responsabiliza\u00e7\u00e3o se fosse comprovado que o desvio de recursos beneficiou o pr\u00f3prio agente ou seus familiares. [&hellip;]<\/p>\n","protected":false},"author":2,"featured_media":83232,"comment_status":"open","ping_status":"open","sticky":false,"template":"","format":"standard","meta":{"_acf_changed":false,"_monsterinsights_skip_tracking":false,"_monsterinsights_sitenote_active":false,"_monsterinsights_sitenote_note":"","_monsterinsights_sitenote_category":0,"_jetpack_memberships_contains_paid_content":false,"footnotes":"","jetpack_publicize_message":"","jetpack_publicize_feature_enabled":true,"jetpack_social_post_already_shared":true,"jetpack_social_options":{"image_generator_settings":{"template":"highway","default_image_id":0,"font":"","enabled":false},"version":2}},"categories":[3],"tags":[],"class_list":["post-90850","post","type-post","status-publish","format-standard","has-post-thumbnail","hentry","category-politica"],"acf":[],"jetpack_publicize_connections":[],"jetpack_featured_media_url":"https:\/\/i0.wp.com\/blogdoeloiltoncajuhy.com.br\/site\/wp-content\/uploads\/2024\/09\/Predio-do-STF_Foto-Antonio-Cruz-Agencia-Brasil.jpg?fit=760%2C455&ssl=1","jetpack_sharing_enabled":true,"publishpress_future_workflow_manual_trigger":{"enabledWorkflows":[]},"_links":{"self":[{"href":"https:\/\/blogdoeloiltoncajuhy.com.br\/site\/wp-json\/wp\/v2\/posts\/90850","targetHints":{"allow":["GET"]}}],"collection":[{"href":"https:\/\/blogdoeloiltoncajuhy.com.br\/site\/wp-json\/wp\/v2\/posts"}],"about":[{"href":"https:\/\/blogdoeloiltoncajuhy.com.br\/site\/wp-json\/wp\/v2\/types\/post"}],"author":[{"embeddable":true,"href":"https:\/\/blogdoeloiltoncajuhy.com.br\/site\/wp-json\/wp\/v2\/users\/2"}],"replies":[{"embeddable":true,"href":"https:\/\/blogdoeloiltoncajuhy.com.br\/site\/wp-json\/wp\/v2\/comments?post=90850"}],"version-history":[{"count":1,"href":"https:\/\/blogdoeloiltoncajuhy.com.br\/site\/wp-json\/wp\/v2\/posts\/90850\/revisions"}],"predecessor-version":[{"id":90851,"href":"https:\/\/blogdoeloiltoncajuhy.com.br\/site\/wp-json\/wp\/v2\/posts\/90850\/revisions\/90851"}],"wp:featuredmedia":[{"embeddable":true,"href":"https:\/\/blogdoeloiltoncajuhy.com.br\/site\/wp-json\/wp\/v2\/media\/83232"}],"wp:attachment":[{"href":"https:\/\/blogdoeloiltoncajuhy.com.br\/site\/wp-json\/wp\/v2\/media?parent=90850"}],"wp:term":[{"taxonomy":"category","embeddable":true,"href":"https:\/\/blogdoeloiltoncajuhy.com.br\/site\/wp-json\/wp\/v2\/categories?post=90850"},{"taxonomy":"post_tag","embeddable":true,"href":"https:\/\/blogdoeloiltoncajuhy.com.br\/site\/wp-json\/wp\/v2\/tags?post=90850"}],"curies":[{"name":"wp","href":"https:\/\/api.w.org\/{rel}","templated":true}]}}