{"id":90847,"date":"2025-10-14T08:49:57","date_gmt":"2025-10-14T11:49:57","guid":{"rendered":"https:\/\/blogdoeloiltoncajuhy.com.br\/site\/?p=90847"},"modified":"2025-10-14T08:49:58","modified_gmt":"2025-10-14T11:49:58","slug":"pl-de-reducao-de-penas-empaca-e-deputados-dizem-que-votacao-deve-ser-adiada-mais-uma-vez","status":"publish","type":"post","link":"https:\/\/blogdoeloiltoncajuhy.com.br\/site\/pl-de-reducao-de-penas-empaca-e-deputados-dizem-que-votacao-deve-ser-adiada-mais-uma-vez\/","title":{"rendered":"PL de redu\u00e7\u00e3o de penas empaca, e deputados dizem que vota\u00e7\u00e3o deve ser adiada mais uma vez"},"content":{"rendered":"\n<p class=\"has-medium-font-size\"><strong>Proposta que beneficia Bolsonaro completa quarta semana sem previs\u00e3o de ir ao plen\u00e1rio. Presidente da CCJ do Senado diz que anistia \u00e9 letra morta e n\u00e3o vai a lugar nenhum<\/strong><\/p>\n\n\n\n<p><strong>Por Folha de S.Paulo<\/strong><\/p>\n\n\n\n<figure class=\"wp-block-image aligncenter size-full\"><a href=\"https:\/\/i0.wp.com\/blogdoeloiltoncajuhy.com.br\/site\/wp-content\/uploads\/2025\/10\/Deputado-Paulinho-da-Forca-Foto-Pedro-Ladeira-Folhapress.png?ssl=1\"><img data-recalc-dims=\"1\" fetchpriority=\"high\" decoding=\"async\" width=\"768\" height=\"512\" src=\"https:\/\/i0.wp.com\/blogdoeloiltoncajuhy.com.br\/site\/wp-content\/uploads\/2025\/10\/Deputado-Paulinho-da-Forca-Foto-Pedro-Ladeira-Folhapress.png?resize=768%2C512&#038;ssl=1\" alt=\"\" class=\"wp-image-90848\" srcset=\"https:\/\/i0.wp.com\/blogdoeloiltoncajuhy.com.br\/site\/wp-content\/uploads\/2025\/10\/Deputado-Paulinho-da-Forca-Foto-Pedro-Ladeira-Folhapress.png?w=768&amp;ssl=1 768w, https:\/\/i0.wp.com\/blogdoeloiltoncajuhy.com.br\/site\/wp-content\/uploads\/2025\/10\/Deputado-Paulinho-da-Forca-Foto-Pedro-Ladeira-Folhapress.png?resize=300%2C200&amp;ssl=1 300w\" sizes=\"(max-width: 768px) 100vw, 768px\" \/><\/a><figcaption class=\"wp-element-caption\"><sub>Deputado Paulinho da For\u00e7a &#8211; Foto: Pedro Ladeira\/Folhapress<\/sub><\/figcaption><\/figure>\n\n\n\n<p>O projeto para reduzir penas de condenados por atos golpistas, que originalmente tratava de anistia, deve atravessar mais uma semana sem ser votado pela C\u00e2mara dos Deputados, segundo l\u00edderes de partidos de esquerda.<\/p>\n\n\n\n<p>Este \u00e9 o quarto adiamento ap\u00f3s a proposta ter a tramita\u00e7\u00e3o em regime de urg\u00eancia aprovado pelo plen\u00e1rio no dia 17 do m\u00eas passado \u2014 desde aquele momento, o relator Paulinho da For\u00e7a (Solidariedade-SP) vem repetindo que o m\u00e9rito seria analisado na semana seguinte, promessa que n\u00e3o se concretizou.<\/p>\n\n\n\n<p><strong><a href=\"https:\/\/whatsapp.com\/channel\/0029VaAT7tDLI8Yfj5y9Z50Z\" target=\"_blank\" rel=\"noreferrer noopener\"><mark style=\"background-color:rgba(0, 0, 0, 0)\" class=\"has-inline-color has-vivid-red-color\">>> Clique aqui e entre no canal do BEC no WhatsApp<\/mark><\/a><\/strong><\/p>\n\n\n\n<p>Embora parte dos deputados ainda diga ter esperan\u00e7as de que o projeto seja inclu\u00eddo na pauta, o presidente da C\u00e2mara, Hugo Motta (Republicanos-PB), j\u00e1 anunciou 16 projetos que devem ser votados nesta semana, e o da redu\u00e7\u00e3o de penas n\u00e3o est\u00e1 na lista.<\/p>\n\n\n\n<p>As propostas citadas por Motta tratam de inf\u00e2ncia e de educa\u00e7\u00e3o, em alus\u00e3o ao Dia das Crian\u00e7as e ao Dia dos Professores.<\/p>\n\n\n\n<p>A redu\u00e7\u00e3o de penas em discuss\u00e3o deve beneficiar tanto o ex-presidente Jair Bolsonaro (PL), condenado a 27 anos e 3 meses de pris\u00e3o no julgamento da trama golpista, quanto os presos e condenados pelos ataques de 8 de Janeiro de 2023.<\/p>\n\n\n\n<p>L\u00edderes partid\u00e1rios contr\u00e1rios \u00e0 vota\u00e7\u00e3o da redu\u00e7\u00e3o de penas afirmam que ouviram de Motta a decis\u00e3o de que o projeto n\u00e3o ser\u00e1 votado nesta semana. Procurada pela reportagem, a assessoria do presidente da C\u00e2mara afirmou que a pauta desta ter\u00e7a (14) j\u00e1 est\u00e1 definida, mas n\u00e3o esclareceu se a anistia ainda pode ser inclu\u00edda.<\/p>\n\n\n\n<p>Como mostrou a Folha, a proposta, que foi costurada em um acordo do centr\u00e3o com o STF (Supremo Tribunal Federal), enfrenta resist\u00eancia no PL e no PT. O partido de Bolsonaro ainda defende publicamente uma anistia ampla. J\u00e1 o PT de Lula \u00e9 contra inclusive a redu\u00e7\u00e3o de penas.<\/p>\n\n\n\n<p>Al\u00e9m dessa diverg\u00eancia, h\u00e1 um cen\u00e1rio de incerteza no Senado.<\/p>\n\n\n\n<blockquote class=\"wp-block-quote is-layout-flow wp-block-quote-is-layout-flow\">\n<p><strong><mark style=\"background-color:rgba(0, 0, 0, 0)\" class=\"has-inline-color has-black-color\">&#8220;Ningu\u00e9m nem conhece esse projeto. Ele [Paulinho] nunca deu publicidade ao que ele est\u00e1 fazendo. No Senado, ningu\u00e9m sabe disso, ningu\u00e9m fala disso. Esse neg\u00f3cio de anistia, na minha opini\u00e3o, \u00e9 letra morta, n\u00e3o vai andar para lugar nenhum&#8221;, afirmou \u00e0 Folha o senador Otto Alencar (PSD-BA), presidente da Comiss\u00e3o de Constitui\u00e7\u00e3o e Justi\u00e7a do Senado.<\/mark><\/strong><\/p>\n<\/blockquote>\n\n\n\n<p>Os deputados cobram tamb\u00e9m uma posi\u00e7\u00e3o do presidente do Senado, Davi Alcolumbre (Uni\u00e3o Brasil-AP), mas essa defini\u00e7\u00e3o n\u00e3o teria ocorrido at\u00e9 o momento.<\/p>\n","protected":false},"excerpt":{"rendered":"<p>Proposta que beneficia Bolsonaro completa quarta semana sem previs\u00e3o de ir ao plen\u00e1rio. Presidente da CCJ do Senado diz que anistia \u00e9 letra morta e n\u00e3o vai a lugar nenhum Por Folha de S.Paulo O projeto para reduzir penas de condenados por atos golpistas, que originalmente tratava de anistia, deve atravessar mais uma semana sem [&hellip;]<\/p>\n","protected":false},"author":2,"featured_media":73319,"comment_status":"open","ping_status":"open","sticky":false,"template":"","format":"standard","meta":{"_acf_changed":false,"_monsterinsights_skip_tracking":false,"_monsterinsights_sitenote_active":false,"_monsterinsights_sitenote_note":"","_monsterinsights_sitenote_category":0,"_jetpack_memberships_contains_paid_content":false,"footnotes":"","jetpack_publicize_message":"","jetpack_publicize_feature_enabled":true,"jetpack_social_post_already_shared":true,"jetpack_social_options":{"image_generator_settings":{"template":"highway","default_image_id":0,"font":"","enabled":false},"version":2}},"categories":[3],"tags":[],"class_list":["post-90847","post","type-post","status-publish","format-standard","has-post-thumbnail","hentry","category-politica"],"acf":[],"jetpack_publicize_connections":[],"jetpack_featured_media_url":"https:\/\/i0.wp.com\/blogdoeloiltoncajuhy.com.br\/site\/wp-content\/uploads\/2023\/03\/Golpistas-vandalizam-predio-publico-em-Brasilia-%E2%80%94-Foto-Adriano-Machado-Reuters.webp?fit=984%2C656&ssl=1","jetpack_sharing_enabled":true,"publishpress_future_workflow_manual_trigger":{"enabledWorkflows":[]},"_links":{"self":[{"href":"https:\/\/blogdoeloiltoncajuhy.com.br\/site\/wp-json\/wp\/v2\/posts\/90847","targetHints":{"allow":["GET"]}}],"collection":[{"href":"https:\/\/blogdoeloiltoncajuhy.com.br\/site\/wp-json\/wp\/v2\/posts"}],"about":[{"href":"https:\/\/blogdoeloiltoncajuhy.com.br\/site\/wp-json\/wp\/v2\/types\/post"}],"author":[{"embeddable":true,"href":"https:\/\/blogdoeloiltoncajuhy.com.br\/site\/wp-json\/wp\/v2\/users\/2"}],"replies":[{"embeddable":true,"href":"https:\/\/blogdoeloiltoncajuhy.com.br\/site\/wp-json\/wp\/v2\/comments?post=90847"}],"version-history":[{"count":1,"href":"https:\/\/blogdoeloiltoncajuhy.com.br\/site\/wp-json\/wp\/v2\/posts\/90847\/revisions"}],"predecessor-version":[{"id":90849,"href":"https:\/\/blogdoeloiltoncajuhy.com.br\/site\/wp-json\/wp\/v2\/posts\/90847\/revisions\/90849"}],"wp:featuredmedia":[{"embeddable":true,"href":"https:\/\/blogdoeloiltoncajuhy.com.br\/site\/wp-json\/wp\/v2\/media\/73319"}],"wp:attachment":[{"href":"https:\/\/blogdoeloiltoncajuhy.com.br\/site\/wp-json\/wp\/v2\/media?parent=90847"}],"wp:term":[{"taxonomy":"category","embeddable":true,"href":"https:\/\/blogdoeloiltoncajuhy.com.br\/site\/wp-json\/wp\/v2\/categories?post=90847"},{"taxonomy":"post_tag","embeddable":true,"href":"https:\/\/blogdoeloiltoncajuhy.com.br\/site\/wp-json\/wp\/v2\/tags?post=90847"}],"curies":[{"name":"wp","href":"https:\/\/api.w.org\/{rel}","templated":true}]}}