{"id":90844,"date":"2025-10-14T08:27:34","date_gmt":"2025-10-14T11:27:34","guid":{"rendered":"https:\/\/blogdoeloiltoncajuhy.com.br\/site\/?p=90844"},"modified":"2025-10-14T08:27:35","modified_gmt":"2025-10-14T11:27:35","slug":"saude-bucal-infantil-5-dicas-para-comecar-os-cuidados-desde-cedo","status":"publish","type":"post","link":"https:\/\/blogdoeloiltoncajuhy.com.br\/site\/saude-bucal-infantil-5-dicas-para-comecar-os-cuidados-desde-cedo\/","title":{"rendered":"Sa\u00fade bucal infantil: 5 dicas para come\u00e7ar os cuidados desde cedo"},"content":{"rendered":"\n<p class=\"has-medium-font-size\"><strong>Os primeiros dentes exigem acompanhamento odontopedi\u00e1trico para evitar les\u00f5es de c\u00e1rie, criar h\u00e1bitos saud\u00e1veis e cuidar da sa\u00fade bucal ao longo da vida<\/strong><\/p>\n\n\n\n<p><strong>Blog do Eloilton Cajuhy \u2013 BEC<\/strong><\/p>\n\n\n\n<figure class=\"wp-block-image aligncenter size-full\"><a href=\"https:\/\/i0.wp.com\/blogdoeloiltoncajuhy.com.br\/site\/wp-content\/uploads\/2025\/10\/Crianca-Dentista_Foto-Odontopediatria.jpg?ssl=1\"><img data-recalc-dims=\"1\" fetchpriority=\"high\" decoding=\"async\" width=\"768\" height=\"432\" src=\"https:\/\/i0.wp.com\/blogdoeloiltoncajuhy.com.br\/site\/wp-content\/uploads\/2025\/10\/Crianca-Dentista_Foto-Odontopediatria.jpg?resize=768%2C432&#038;ssl=1\" alt=\"\" class=\"wp-image-90845\" srcset=\"https:\/\/i0.wp.com\/blogdoeloiltoncajuhy.com.br\/site\/wp-content\/uploads\/2025\/10\/Crianca-Dentista_Foto-Odontopediatria.jpg?w=768&amp;ssl=1 768w, https:\/\/i0.wp.com\/blogdoeloiltoncajuhy.com.br\/site\/wp-content\/uploads\/2025\/10\/Crianca-Dentista_Foto-Odontopediatria.jpg?resize=300%2C169&amp;ssl=1 300w\" sizes=\"(max-width: 768px) 100vw, 768px\" \/><\/a><figcaption class=\"wp-element-caption\"><sub>Foto: Odontopediatria<\/sub><\/figcaption><\/figure>\n\n\n\n<p>No m\u00eas em que se comemora o <strong>Dia das Crian\u00e7as<\/strong>, data marcada por presentes e doces que tornam as celebra\u00e7\u00f5es mais alegres, \u00e9 importante lembrar de um cuidado que deve acontecer o ano todo: a sa\u00fade bucal dos pequenos. Embora ainda existam d\u00favidas sobre tratamentos e cuidados nos primeiros anos, o acompanhamento precoce evita les\u00f5es de c\u00e1rie, gengivite, envelhecimento precoce dos dentes dec\u00edduos e permanentes, problemas de oclus\u00e3o e at\u00e9 traumas emocionais ligados ao dentista.<\/p>\n\n\n\n<p>Diante desses cuidados, a <strong>FGM Dental Group<\/strong>, reconhecida pela excel\u00eancia e inova\u00e7\u00e3o em solu\u00e7\u00f5es odontol\u00f3gicas, e a <strong>Dr\u00aa Sandra Kalil Bussadori<\/strong>, especialista em odontopediatria, reuniram cinco recomenda\u00e7\u00f5es para apoiar o cuidado com a sa\u00fade bucal das crian\u00e7as.<\/p>\n\n\n\n<p class=\"has-black-color has-text-color has-link-color has-medium-font-size wp-elements-b973b918bc01591ff6fea569ce80431a\"><strong>Dente de leite com c\u00e1rie merece aten\u00e7\u00e3o<\/strong><\/p>\n\n\n\n<p>Mesmo que v\u00e1 cair, o dente de leite com c\u00e1rie precisa de tratamento. Ignorar o problema pode causar dor intensa, infec\u00e7\u00f5es e at\u00e9 comprometer o espa\u00e7o para os dentes permanentes. O per\u00edodo mais cr\u00edtico vai dos 2 aos 6 anos, quando h\u00e1 maior consumo de a\u00e7\u00facar e dificuldade motora das crian\u00e7as em escovar corretamente.<\/p>\n\n\n\n<p class=\"has-black-color has-text-color has-link-color has-medium-font-size wp-elements-fb9c28def88c3e598cca6653ac4c9773\"><strong>Limpeza profissional e aplica\u00e7\u00e3o de fl\u00faor<\/strong><\/p>\n\n\n\n<p>Al\u00e9m da escova\u00e7\u00e3o em casa, a periodicidade das consultas varia de acordo com cada crian\u00e7a. Nos casos de boa higiene bucal com baixo risco de c\u00e1rie, o acompanhamento pode ser trimestral ou semestral. J\u00e1 para pacientes com hist\u00f3rico de c\u00e1rie, o acompanhamento deve ser mais frequente, pois durante as consultas s\u00e3o realizadas a limpeza, aplica\u00e7\u00e3o t\u00f3pica de fl\u00faor al\u00e9m do controle profissional.<\/p>\n\n\n\n<p class=\"has-black-color has-text-color has-link-color has-medium-font-size wp-elements-808d5ef4878ffa8cee79ec84a23882ee\"><strong>Supervis\u00e3o at\u00e9 os 8 anos<\/strong><\/p>\n\n\n\n<p>A escova\u00e7\u00e3o das crian\u00e7as deve ser acompanhada pelos pais at\u00e9, pelo menos, os 8 anos, quando a coordena\u00e7\u00e3o motora j\u00e1 est\u00e1 mais desenvolvida. Tamb\u00e9m \u00e9 importante evitar o uso prolongado de chupeta, mamadeira e suc\u00e7\u00e3o digital, h\u00e1bitos que podem alterar a mordida.<\/p>\n\n\n\n<p class=\"has-black-color has-text-color has-link-color has-medium-font-size wp-elements-a214ad18ad851bacbf14da8129bfc8ea\"><strong>Clareamento seguro em casos especiais<\/strong><\/p>\n\n\n\n<p>Traumas ou altera\u00e7\u00f5es no esmalte podem escurecer os dentes e impactar a autoestima de crian\u00e7as e adolescentes. O clareamento deve ser feito com cautela e sob supervis\u00e3o profissional. Para esses casos, o Whiteness HP AutoMixx 6% \u00e9 indicado para pacientes jovens a partir dos 12 anos (que j\u00e1 completaram a troca dos dentes), pois proporciona resultados eficazes com redu\u00e7\u00e3o significativa da sensibilidade, um dos principais desconfortos relatados em clareamentos.<\/p>\n\n\n\n<p class=\"has-black-color has-text-color has-link-color has-medium-font-size wp-elements-773a306e889bc5876fa7c493806c2962\"><strong>Atendimento pensado para as crian\u00e7as<\/strong><\/p>\n\n\n\n<p>O atendimento odontol\u00f3gico infantil deve ser acolhedor, l\u00fadico e seguro, ajudando a reduzir a ansiedade dos pequenos e a transmitir tranquilidade aos pais. Consult\u00f3rios que utilizam materiais espec\u00edficos para as crian\u00e7as, com apresenta\u00e7\u00f5es voltadas ao p\u00fablico infantil e f\u00f3rmulas adequadas, tornam a experi\u00eancia mais positiva e favorecem a aceita\u00e7\u00e3o do tratamento desde cedo.<\/p>\n\n\n\n<p>De forma geral, os cuidados devem come\u00e7ar cedo. Por isso, a FGM desenvolveu uma linha infantil que torna o tratamento mais acolhedor para os pequenos. \u201cS\u00e3o solu\u00e7\u00f5es com sabores diferenciados, formula\u00e7\u00f5es espec\u00edficas para os primeiros dentes e protocolos simplificados, que permitem ao dentista oferecer um atendimento de qualidade e refor\u00e7am nosso compromisso em apoiar o profissional no cuidado da sa\u00fade bucal das crian\u00e7as em cada etapa do tratamento\u201d, afirma Bianca Mittelst\u00e4dt, CEO do grupo.<\/p>\n","protected":false},"excerpt":{"rendered":"<p>Os primeiros dentes exigem acompanhamento odontopedi\u00e1trico para evitar les\u00f5es de c\u00e1rie, criar h\u00e1bitos saud\u00e1veis e cuidar da sa\u00fade bucal ao longo da vida Blog do Eloilton Cajuhy \u2013 BEC No m\u00eas em que se comemora o Dia das Crian\u00e7as, data marcada por presentes e doces que tornam as celebra\u00e7\u00f5es mais alegres, \u00e9 importante lembrar de [&hellip;]<\/p>\n","protected":false},"author":2,"featured_media":90845,"comment_status":"open","ping_status":"open","sticky":false,"template":"","format":"standard","meta":{"_acf_changed":false,"_monsterinsights_skip_tracking":false,"_monsterinsights_sitenote_active":false,"_monsterinsights_sitenote_note":"","_monsterinsights_sitenote_category":0,"_jetpack_memberships_contains_paid_content":false,"footnotes":"","jetpack_publicize_message":"","jetpack_publicize_feature_enabled":true,"jetpack_social_post_already_shared":false,"jetpack_social_options":{"image_generator_settings":{"template":"highway","default_image_id":0,"font":"","enabled":false},"version":2}},"categories":[7],"tags":[],"class_list":["post-90844","post","type-post","status-publish","format-standard","has-post-thumbnail","hentry","category-saude"],"acf":[],"jetpack_publicize_connections":[],"jetpack_featured_media_url":"https:\/\/i0.wp.com\/blogdoeloiltoncajuhy.com.br\/site\/wp-content\/uploads\/2025\/10\/Crianca-Dentista_Foto-Odontopediatria.jpg?fit=768%2C432&ssl=1","jetpack_sharing_enabled":true,"publishpress_future_workflow_manual_trigger":{"enabledWorkflows":[]},"_links":{"self":[{"href":"https:\/\/blogdoeloiltoncajuhy.com.br\/site\/wp-json\/wp\/v2\/posts\/90844","targetHints":{"allow":["GET"]}}],"collection":[{"href":"https:\/\/blogdoeloiltoncajuhy.com.br\/site\/wp-json\/wp\/v2\/posts"}],"about":[{"href":"https:\/\/blogdoeloiltoncajuhy.com.br\/site\/wp-json\/wp\/v2\/types\/post"}],"author":[{"embeddable":true,"href":"https:\/\/blogdoeloiltoncajuhy.com.br\/site\/wp-json\/wp\/v2\/users\/2"}],"replies":[{"embeddable":true,"href":"https:\/\/blogdoeloiltoncajuhy.com.br\/site\/wp-json\/wp\/v2\/comments?post=90844"}],"version-history":[{"count":1,"href":"https:\/\/blogdoeloiltoncajuhy.com.br\/site\/wp-json\/wp\/v2\/posts\/90844\/revisions"}],"predecessor-version":[{"id":90846,"href":"https:\/\/blogdoeloiltoncajuhy.com.br\/site\/wp-json\/wp\/v2\/posts\/90844\/revisions\/90846"}],"wp:featuredmedia":[{"embeddable":true,"href":"https:\/\/blogdoeloiltoncajuhy.com.br\/site\/wp-json\/wp\/v2\/media\/90845"}],"wp:attachment":[{"href":"https:\/\/blogdoeloiltoncajuhy.com.br\/site\/wp-json\/wp\/v2\/media?parent=90844"}],"wp:term":[{"taxonomy":"category","embeddable":true,"href":"https:\/\/blogdoeloiltoncajuhy.com.br\/site\/wp-json\/wp\/v2\/categories?post=90844"},{"taxonomy":"post_tag","embeddable":true,"href":"https:\/\/blogdoeloiltoncajuhy.com.br\/site\/wp-json\/wp\/v2\/tags?post=90844"}],"curies":[{"name":"wp","href":"https:\/\/api.w.org\/{rel}","templated":true}]}}